{"id":440215,"date":"2022-02-17T13:39:57","date_gmt":"2022-02-17T10:39:57","guid":{"rendered":"http:\/\/arantv.az\/?p=440215"},"modified":"2022-02-17T13:39:57","modified_gmt":"2022-02-17T10:39:57","slug":"ramiz-mehdiyevin-ucsuz-bucaqsiz-torpaqlari-siyahi-hazirlanir-%c9%99lind%c9%99n-alinacaqmi","status":"publish","type":"post","link":"https:\/\/arantv.az\/?p=440215","title":{"rendered":"Ramiz Mehdiyevin ucsuz-bucaqs\u0131z torpaqlar\u0131&#8230; &#8211; Siyah\u0131 haz\u0131rlan\u0131r, \u0259lind\u0259n al\u0131nacaqm\u0131?"},"content":{"rendered":"<p>AMEA-n\u0131n istefa \u0259riz\u0259si yazm\u0131\u015f prezidenti Ramiz Mehdiyevin z\u0259bt etdiyi torpaqlar\u0131n siyah\u0131s\u0131 haz\u0131rlan\u0131r.<br \/>\n<strong>ARANTV.AZ<\/strong> Bakupost.az -a istinad\u0259n <a title=\"xeberler son xeberler 2021\" href=\"https:\/\/big.az\/\" target=\"_blank\" rel=\"noopener\">x\u0259b\u0259r<\/a>\u00a0verir ki, onun Bak\u0131da, Bak\u0131\u0259traf\u0131 rayonlarda v\u0259 \u00f6lk\u0259nin dem\u0259k olar ki, b\u00fct\u00fcn b\u00f6lg\u0259l\u0259rind\u0259 istifad\u0259 edilm\u0259y\u0259n b\u00f6y\u00fck torpaq sah\u0259l\u0259rinin olmas\u0131 m\u00fc\u0259yy\u0259n edilib.<br \/>\nM\u0259lumata g\u00f6r\u0259, \u0130qtisadiyyat Nazirliyi yan\u0131nda \u018fmlak M\u0259s\u0259l\u0259l\u0259ri D\u00f6vl\u0259t\u00a0<a title=\"xidmetler\" href=\"https:\/\/xidmetler.az\/\" target=\"_blank\" rel=\"noopener\">Xidm\u0259ti<\/a>\u00a0\u00f6lk\u0259 \u0259razisind\u0259 istifad\u0259 edilm\u0259y\u0259n, vaxtil\u0259 kiml\u0259rs\u0259 t\u0259r\u0259find\u0259n z\u0259bt olunmu\u015f v\u0259 ya icar\u0259 m\u00fcqavil\u0259si il\u0259 m\u0259nims\u0259nilmi\u015f torpaqlar\u0131n m\u00fc\u0259yy\u0259n edilm\u0259si \u00fc\u00e7\u00fcn siyah\u0131ya alma prosesind\u0259 \u00e7ox ciddi m\u0259qamlar ortaya \u00e7\u0131x\u0131b. M\u0259lum olub ki, z\u0259bt olunmu\u015f torpaqlar\u0131n \u00e7oxu iri m\u0259murlara ba\u011fl\u0131d\u0131r. Bu m\u0259murlar aras\u0131nda Ramiz Mehdiyevin d\u0259 ad\u0131 var.<br \/>\nM\u0259lum olub ki, yerli icra ba\u015f\u00e7\u0131lar\u0131 ona hektarlarla torpaqlar ba\u011f\u0131\u015flay\u0131blar. H\u0259min torpaqlar\u0131n \u00e7oxu hasarlan\u0131b v\u0259 istifad\u0259 olunmur. M\u0259s\u0259l\u0259n, t\u0259kc\u0259 Ab\u015feron rayonu \u0259razisind\u0259 100 hektardan \u00e7ox, Qarada\u011fda 150 hektara q\u0259d\u0259r torpaq sah\u0259si var.<br \/>\nM\u0259nb\u0259 bildirir ki, bu torpaqlar\u0131n siyah\u0131s\u0131 haz\u0131rlan\u0131r v\u0259 aidiyy\u0259ti qurumlara t\u0259qdim olunacaq.<\/p>\n<div class=\"AdviadNativeVideo\"><\/div>\n<p>Qeyd ed\u0259k ki, z\u0259bt olunmu\u015f torpaqlar\u0131n geri al\u0131nmas\u0131, istifad\u0259y\u0259 verilm\u0259sil\u0259 ba\u011fl\u0131 tap\u015f\u0131r\u0131\u011f\u0131 h\u0259l\u0259 ill\u0259r \u00f6nc\u0259 Prezident \u0130lham \u018fliyev vermi\u015fdi.<br \/>\nSitat:<br \/>\n&#8220;\u0130stifad\u0259siz qalan torpaqlar da kifay\u0259t q\u0259d\u0259r \u00e7oxdur. Vaxtil\u0259 kims\u0259 onlar\u0131 ya z\u0259bt edib, ya icar\u0259y\u0259 g\u00f6t\u00fcr\u00fcb. \u0130car\u0259y\u0259 g\u00f6t\u00fcr\u00fcb v\u0259 el\u0259 d\u0259 qoyub gedib. Deyir ki, m\u0259nim orada, burada torpa\u011f\u0131m var. S\u0259nin torpa\u011f\u0131n varsa, get, o torpaqda i\u015f g\u00f6r. Y\u0259ni, hesab edir\u0259m ki, biz istifad\u0259siz torpaqlar\u0131n taleyi il\u0259 ba\u011fl\u0131 t\u0259dbir g\u00f6rm\u0259liyik. Kim torpa\u011f\u0131 icar\u0259y\u0259 g\u00f6t\u00fcr\u00fcb istifad\u0259 etmirs\u0259, g\u0259r\u0259k o icar\u0259 m\u00fcqavil\u0259l\u0259ri l\u0259\u011fv edilsin. O m\u00fcqavil\u0259l\u0259r verilsin o torpaqda i\u015fl\u0259y\u0259n\u0259. Yoxsa torpa\u011f\u0131 g\u00f6t\u00fcr\u00fcrl\u0259r, ondan sonra t\u0259yinat\u0131 d\u0259yi\u015fdirirl\u0259r, daha sonra o torpaqlarda m\u00fcxt\u0259lif obyektl\u0259r tikilir v\u0259 s. Bu, yolverilm\u0259zdir. Yerli icra orqanlar\u0131n\u0131n n\u00fcmay\u0259nd\u0259l\u0259ri n\u0259zar\u0259t etm\u0259lidirl\u0259r. Onlar\u0131n rayonlar\u0131nda \u0259g\u0259r kims\u0259 bu i\u015fl\u0259 m\u0259\u015f\u011ful olursa, buna qar\u015f\u0131 t\u0259dbir g\u00f6r\u00fclm\u0259lidir&#8221;.<br \/>\n\u0130qtisadiyyat Nazirliyi, K\u0259nd T\u0259s\u0259rr\u00fcfat\u0131 Nazirliyi v\u0259 dig\u0259r aidiyy\u0259ti qurumlar indi bu m\u0259s\u0259l\u0259nin \u00fcst\u00fcn\u0259 d\u00fc\u015f\u00fcbl\u0259r. \u0130car\u0259 torpaqlar\u0131n\u0131n t\u0259yinat\u0131na uy\u011fun \u015f\u0259kild\u0259 istifad\u0259 edilib-edilm\u0259m\u0259si yoxlan\u0131l\u0131r. Eyni amanda h\u0259min torpaqlar\u0131n icar\u0259 haqq\u0131 v\u0259 vergisi t\u0259l\u0259b olunur.<\/p>\n","protected":false},"excerpt":{"rendered":"<p>AMEA-n\u0131n istefa \u0259riz\u0259si yazm\u0131\u015f prezidenti Ramiz Mehdiyevin z\u0259bt etdiyi torpaqlar\u0131n siyah\u0131s\u0131 haz\u0131rlan\u0131r. ARANTV.AZ Bakupost.az -a istinad\u0259n x\u0259b\u0259r\u00a0verir ki, onun Bak\u0131da, Bak\u0131\u0259traf\u0131 rayonlarda v\u0259 \u00f6lk\u0259nin dem\u0259k olar ki, b\u00fct\u00fcn b\u00f6lg\u0259l\u0259rind\u0259 istifad\u0259 edilm\u0259y\u0259n b\u00f6y\u00fck torpaq sah\u0259l\u0259rinin olmas\u0131 m\u00fc\u0259yy\u0259n edilib. M\u0259lumata g\u00f6r\u0259, \u0130qtisadiyyat Nazirliyi yan\u0131nda \u018fmlak M\u0259s\u0259l\u0259l\u0259ri D\u00f6vl\u0259t\u00a0Xidm\u0259ti\u00a0\u00f6lk\u0259 \u0259razisind\u0259 istifad\u0259 edilm\u0259y\u0259n, vaxtil\u0259 kiml\u0259rs\u0259 t\u0259r\u0259find\u0259n z\u0259bt olunmu\u015f v\u0259 ya icar\u0259 m\u00fcqavil\u0259si il\u0259 m\u0259nims\u0259nilmi\u015f torpaqlar\u0131n m\u00fc\u0259yy\u0259n edilm\u0259si \u00fc\u00e7\u00fcn siyah\u0131ya alma prosesind\u0259 \u00e7ox ciddi m\u0259qamlar ortaya \u00e7\u0131x\u0131b. M\u0259lum olub ki, z\u0259bt olunmu\u015f torpaqlar\u0131n \u00e7oxu iri m\u0259murlara ba\u011fl\u0131d\u0131r. Bu m\u0259murlar aras\u0131nda Ramiz Mehdiyevin d\u0259 ad\u0131 var. M\u0259lum&hellip;<\/p>\n","protected":false},"author":2,"featured_media":440216,"comment_status":"closed","ping_status":"closed","sticky":false,"template":"","format":"standard","meta":{"om_disable_all_campaigns":false,"_monsterinsights_skip_tracking":false,"_monsterinsights_sitenote_active":false,"_monsterinsights_sitenote_note":"","_monsterinsights_sitenote_category":0},"categories":[1],"tags":[],"aioseo_notices":[],"gutentor_comment":0,"rttpg_featured_image_url":{"full":["https:\/\/arantv.az\/wp-content\/uploads\/2022\/02\/1645092758ramizz.jpg",549,366,false],"landscape":["https:\/\/arantv.az\/wp-content\/uploads\/2022\/02\/1645092758ramizz.jpg",549,366,false],"portraits":["https:\/\/arantv.az\/wp-content\/uploads\/2022\/02\/1645092758ramizz.jpg",549,366,false],"thumbnail":["https:\/\/arantv.az\/wp-content\/uploads\/2022\/02\/1645092758ramizz-500x280.jpg",500,280,true],"medium":["https:\/\/arantv.az\/wp-content\/uploads\/2022\/02\/1645092758ramizz.jpg",548,365,false],"large":["https:\/\/arantv.az\/wp-content\/uploads\/2022\/02\/1645092758ramizz.jpg",549,366,false],"1536x1536":["https:\/\/arantv.az\/wp-content\/uploads\/2022\/02\/1645092758ramizz.jpg",549,366,false],"2048x2048":["https:\/\/arantv.az\/wp-content\/uploads\/2022\/02\/1645092758ramizz.jpg",549,366,false],"post-thumbnail":["https:\/\/arantv.az\/wp-content\/uploads\/2022\/02\/1645092758ramizz-240x172.jpg",240,172,true],"advps-thumb-one":["https:\/\/arantv.az\/wp-content\/uploads\/2022\/02\/1645092758ramizz.jpg",549,366,false]},"rttpg_author":{"display_name":"V\u00fcsal Rafiqo\u011flu","author_link":"https:\/\/arantv.az\/?author=2"},"rttpg_comment":0,"rttpg_category":"<a href=\"https:\/\/arantv.az\/?cat=1\" rel=\"category\">C\u0259miyy\u0259t<\/a>","rttpg_excerpt":"AMEA-n\u0131n istefa \u0259riz\u0259si yazm\u0131\u015f prezidenti Ramiz Mehdiyevin z\u0259bt etdiyi torpaqlar\u0131n siyah\u0131s\u0131 haz\u0131rlan\u0131r. ARANTV.AZ Bakupost.az -a istinad\u0259n x\u0259b\u0259r\u00a0verir ki, onun Bak\u0131da, Bak\u0131\u0259traf\u0131 rayonlarda v\u0259 \u00f6lk\u0259nin dem\u0259k olar ki, b\u00fct\u00fcn b\u00f6lg\u0259l\u0259rind\u0259 istifad\u0259 edilm\u0259y\u0259n b\u00f6y\u00fck torpaq sah\u0259l\u0259rinin olmas\u0131 m\u00fc\u0259yy\u0259n edilib. M\u0259lumata g\u00f6r\u0259, \u0130qtisadiyyat Nazirliyi yan\u0131nda \u018fmlak M\u0259s\u0259l\u0259l\u0259ri D\u00f6vl\u0259t\u00a0Xidm\u0259ti\u00a0\u00f6lk\u0259 \u0259razisind\u0259 istifad\u0259 edilm\u0259y\u0259n, vaxtil\u0259 kiml\u0259rs\u0259 t\u0259r\u0259find\u0259n z\u0259bt olunmu\u015f v\u0259 ya&hellip;","_links":{"self":[{"href":"https:\/\/arantv.az\/index.php?rest_route=\/wp\/v2\/posts\/440215"}],"collection":[{"href":"https:\/\/arantv.az\/index.php?rest_route=\/wp\/v2\/posts"}],"about":[{"href":"https:\/\/arantv.az\/index.php?rest_route=\/wp\/v2\/types\/post"}],"author":[{"embeddable":true,"href":"https:\/\/arantv.az\/index.php?rest_route=\/wp\/v2\/users\/2"}],"replies":[{"embeddable":true,"href":"https:\/\/arantv.az\/index.php?rest_route=%2Fwp%2Fv2%2Fcomments&post=440215"}],"version-history":[{"count":0,"href":"https:\/\/arantv.az\/index.php?rest_route=\/wp\/v2\/posts\/440215\/revisions"}],"wp:featuredmedia":[{"embeddable":true,"href":"https:\/\/arantv.az\/index.php?rest_route=\/wp\/v2\/media\/440216"}],"wp:attachment":[{"href":"https:\/\/arantv.az\/index.php?rest_route=%2Fwp%2Fv2%2Fmedia&parent=440215"}],"wp:term":[{"taxonomy":"category","embeddable":true,"href":"https:\/\/arantv.az\/index.php?rest_route=%2Fwp%2Fv2%2Fcategories&post=440215"},{"taxonomy":"post_tag","embeddable":true,"href":"https:\/\/arantv.az\/index.php?rest_route=%2Fwp%2Fv2%2Ftags&post=440215"}],"curies":[{"name":"wp","href":"https:\/\/api.w.org\/{rel}","templated":true}]}}