{"id":440224,"date":"2022-02-17T13:43:10","date_gmt":"2022-02-17T10:43:10","guid":{"rendered":"http:\/\/arantv.az\/?p=440224"},"modified":"2022-02-17T13:43:10","modified_gmt":"2022-02-17T10:43:10","slug":"din-d%c9%99n-tahir-k%c9%99rimli-il%c9%99-bagli-aciqlama","status":"publish","type":"post","link":"https:\/\/arantv.az\/?p=440224","title":{"rendered":"D\u0130N-d\u0259n Tahir K\u0259rimli il\u0259 ba\u011fl\u0131 A\u00c7IQLAMA"},"content":{"rendered":"<p><strong>Daxili \u0130\u015fl\u0259r Nazirliyi (D\u0130N) Milli M\u0259clisin deputat\u0131 Tahir K\u0259rimlinin \u00f6l\u00fcml\u0259 h\u0259d\u0259l\u0259nm\u0259si bar\u0259d\u0259 iddialar\u0131na m\u00fcnasib\u0259t bildirilib.<\/strong><\/p>\n<p>D\u0130N M\u0259tbuat Xidm\u0259tinin K\u0130V v\u0259 ictimaiyy\u0259tl\u0259 \u0259laq\u0259l\u0259r \u015f\u00f6b\u0259sinin r\u0259isi, polis mayoru El\u015fad Hac\u0131yev\u00a0APA-ya a\u00e7\u0131qlamas\u0131nda bildirib ki, mill\u0259t v\u0259kili Tahir K\u0259rimli t\u0259r\u0259find\u0259n daxili i\u015fl\u0259r orqanlar\u0131na \u015fikay\u0259t xarakterli m\u00fcraci\u0259t daxil olmay\u0131b.<\/p>\n<p>Qeyd ed\u0259k ki, Tahir K\u0259rimli sosial \u015f\u0259b\u0259k\u0259d\u0259 yayd\u0131\u011f\u0131 videosunda \u00f6l\u00fcml\u0259 h\u0259d\u0259l\u0259ndiyini bildirib.<\/p>\n","protected":false},"excerpt":{"rendered":"<p>Daxili \u0130\u015fl\u0259r Nazirliyi (D\u0130N) Milli M\u0259clisin deputat\u0131 Tahir K\u0259rimlinin \u00f6l\u00fcml\u0259 h\u0259d\u0259l\u0259nm\u0259si bar\u0259d\u0259 iddialar\u0131na m\u00fcnasib\u0259t bildirilib. D\u0130N M\u0259tbuat Xidm\u0259tinin K\u0130V v\u0259 ictimaiyy\u0259tl\u0259 \u0259laq\u0259l\u0259r \u015f\u00f6b\u0259sinin r\u0259isi, polis mayoru El\u015fad Hac\u0131yev\u00a0APA-ya a\u00e7\u0131qlamas\u0131nda bildirib ki, mill\u0259t v\u0259kili Tahir K\u0259rimli t\u0259r\u0259find\u0259n daxili i\u015fl\u0259r orqanlar\u0131na \u015fikay\u0259t xarakterli m\u00fcraci\u0259t daxil olmay\u0131b. Qeyd ed\u0259k ki, Tahir K\u0259rimli sosial \u015f\u0259b\u0259k\u0259d\u0259 yayd\u0131\u011f\u0131 videosunda \u00f6l\u00fcml\u0259 h\u0259d\u0259l\u0259ndiyini bildirib.<\/p>\n","protected":false},"author":2,"featured_media":440226,"comment_status":"closed","ping_status":"closed","sticky":false,"template":"","format":"standard","meta":{"om_disable_all_campaigns":false,"_monsterinsights_skip_tracking":false,"_monsterinsights_sitenote_active":false,"_monsterinsights_sitenote_note":"","_monsterinsights_sitenote_category":0},"categories":[1],"tags":[],"aioseo_notices":[],"gutentor_comment":0,"rttpg_featured_image_url":{"full":["https:\/\/arantv.az\/wp-content\/uploads\/2022\/02\/1020320.jpg",800,600,false],"landscape":["https:\/\/arantv.az\/wp-content\/uploads\/2022\/02\/1020320.jpg",800,600,false],"portraits":["https:\/\/arantv.az\/wp-content\/uploads\/2022\/02\/1020320.jpg",800,600,false],"thumbnail":["https:\/\/arantv.az\/wp-content\/uploads\/2022\/02\/1020320-500x280.jpg",500,280,true],"medium":["https:\/\/arantv.az\/wp-content\/uploads\/2022\/02\/1020320-487x365.jpg",487,365,true],"large":["https:\/\/arantv.az\/wp-content\/uploads\/2022\/02\/1020320.jpg",640,480,false],"1536x1536":["https:\/\/arantv.az\/wp-content\/uploads\/2022\/02\/1020320.jpg",800,600,false],"2048x2048":["https:\/\/arantv.az\/wp-content\/uploads\/2022\/02\/1020320.jpg",800,600,false],"post-thumbnail":["https:\/\/arantv.az\/wp-content\/uploads\/2022\/02\/1020320-240x172.jpg",240,172,true],"advps-thumb-one":["https:\/\/arantv.az\/wp-content\/uploads\/2022\/02\/1020320.jpg",800,600,false]},"rttpg_author":{"display_name":"V\u00fcsal Rafiqo\u011flu","author_link":"https:\/\/arantv.az\/?author=2"},"rttpg_comment":0,"rttpg_category":"<a href=\"https:\/\/arantv.az\/?cat=1\" rel=\"category\">C\u0259miyy\u0259t<\/a>","rttpg_excerpt":"Daxili \u0130\u015fl\u0259r Nazirliyi (D\u0130N) Milli M\u0259clisin deputat\u0131 Tahir K\u0259rimlinin \u00f6l\u00fcml\u0259 h\u0259d\u0259l\u0259nm\u0259si bar\u0259d\u0259 iddialar\u0131na m\u00fcnasib\u0259t bildirilib. D\u0130N M\u0259tbuat Xidm\u0259tinin K\u0130V v\u0259 ictimaiyy\u0259tl\u0259 \u0259laq\u0259l\u0259r \u015f\u00f6b\u0259sinin r\u0259isi, polis mayoru El\u015fad Hac\u0131yev\u00a0APA-ya a\u00e7\u0131qlamas\u0131nda bildirib ki, mill\u0259t v\u0259kili Tahir K\u0259rimli t\u0259r\u0259find\u0259n daxili i\u015fl\u0259r orqanlar\u0131na \u015fikay\u0259t xarakterli m\u00fcraci\u0259t daxil olmay\u0131b. Qeyd ed\u0259k ki, Tahir K\u0259rimli sosial \u015f\u0259b\u0259k\u0259d\u0259 yayd\u0131\u011f\u0131 videosunda \u00f6l\u00fcml\u0259 h\u0259d\u0259l\u0259ndiyini&hellip;","_links":{"self":[{"href":"https:\/\/arantv.az\/index.php?rest_route=\/wp\/v2\/posts\/440224"}],"collection":[{"href":"https:\/\/arantv.az\/index.php?rest_route=\/wp\/v2\/posts"}],"about":[{"href":"https:\/\/arantv.az\/index.php?rest_route=\/wp\/v2\/types\/post"}],"author":[{"embeddable":true,"href":"https:\/\/arantv.az\/index.php?rest_route=\/wp\/v2\/users\/2"}],"replies":[{"embeddable":true,"href":"https:\/\/arantv.az\/index.php?rest_route=%2Fwp%2Fv2%2Fcomments&post=440224"}],"version-history":[{"count":0,"href":"https:\/\/arantv.az\/index.php?rest_route=\/wp\/v2\/posts\/440224\/revisions"}],"wp:featuredmedia":[{"embeddable":true,"href":"https:\/\/arantv.az\/index.php?rest_route=\/wp\/v2\/media\/440226"}],"wp:attachment":[{"href":"https:\/\/arantv.az\/index.php?rest_route=%2Fwp%2Fv2%2Fmedia&parent=440224"}],"wp:term":[{"taxonomy":"category","embeddable":true,"href":"https:\/\/arantv.az\/index.php?rest_route=%2Fwp%2Fv2%2Fcategories&post=440224"},{"taxonomy":"post_tag","embeddable":true,"href":"https:\/\/arantv.az\/index.php?rest_route=%2Fwp%2Fv2%2Ftags&post=440224"}],"curies":[{"name":"wp","href":"https:\/\/api.w.org\/{rel}","templated":true}]}}