{"id":440251,"date":"2022-02-17T14:39:33","date_gmt":"2022-02-17T11:39:33","guid":{"rendered":"http:\/\/arantv.az\/?p=440251"},"modified":"2022-02-17T14:39:33","modified_gmt":"2022-02-17T11:39:33","slug":"vahid-%c9%99laq%c9%99l%c9%99ndirm%c9%99-m%c9%99rk%c9%99zl%c9%99rind%c9%99-15-mind%c9%99n-cox-s%c9%99xs%c9%99-xidm%c9%99t-gost%c9%99rildi","status":"publish","type":"post","link":"https:\/\/arantv.az\/?p=440251","title":{"rendered":"Vahid \u0259laq\u0259l\u0259ndirm\u0259 m\u0259rk\u0259zl\u0259rind\u0259 15 mind\u0259n \u00e7ox \u015f\u0259xs\u0259 xidm\u0259t g\u00f6st\u0259rildi"},"content":{"rendered":"<p>Prezident \u0130lham \u018fliyevin 25 iyun 2021-ci il tarixli F\u0259rman\u0131 il\u0259 yarad\u0131lan vahid \u0259laq\u0259l\u0259ndirm\u0259 m\u0259rk\u0259zl\u0259rind\u0259 \u00f6t\u0259n d\u00f6vrd\u0259 \u015f\u0259hid ail\u0259l\u0259ri \u00fczvl\u0259ri, m\u00fcharib\u0259 il\u0259 \u0259laq\u0259dar x\u0259sar\u0259t alm\u0131\u015f h\u0259rbi qulluq\u00e7ular v\u0259 m\u00fcharib\u0259 \u0259lill\u0259rind\u0259n ibar\u0259t 15 600 \u015f\u0259xs\u0259 xidm\u0259tl\u0259r g\u00f6st\u0259rilib.<\/p>\n<p>Bu bar\u0259d\u0259\u00a0\u018fm\u0259k v\u0259 \u018fhalinin Sosial M\u00fcdafi\u0259si Nazirliyi m\u0259lumat yay\u0131b.<\/p>\n<div class=\"AdviadNativeVideo\"><\/div>\n<p>Bildirilib ki, \u201c142\u201d \u00c7a\u011fr\u0131 M\u0259rk\u0259zi t\u0259r\u0259find\u0259n is\u0259 h\u0259min m\u0259rk\u0259zl\u0259r\u0259 aid m\u0259s\u0259l\u0259l\u0259r \u00fczr\u0259 25 500 v\u0259t\u0259nda\u015f m\u00fcraci\u0259ti cavabland\u0131r\u0131l\u0131b.<\/p>\n<p>Haz\u0131rda Bak\u0131 \u015f\u0259h\u0259rind\u0259ki v\u0259 Ab\u015feron rayonundak\u0131 DOST m\u0259rk\u0259zl\u0259rind\u0259, h\u0259m\u00e7inin G\u0259nc\u0259 \u015f\u0259h\u0259rind\u0259, Masall\u0131 v\u0259 Ucar rayonlar\u0131nda regional vahid \u0259laq\u0259l\u0259ndirm\u0259 m\u0259rk\u0259zl\u0259ri f\u0259aliyy\u0259t g\u00f6st\u0259rir.<\/p>\n<p>H\u0259min m\u0259rk\u0259zl\u0259rd\u0259 39 qurum, o c\u00fcml\u0259d\u0259n 6 m\u0259rk\u0259zi (\u018fm\u0259k v\u0259 \u018fhalinin Sosial M\u00fcdafi\u0259si Nazirliyi, M\u00fcdafi\u0259 Nazirliyi, S\u0259hiyy\u0259 Nazirliyi, S\u0259f\u0259rb\u0259rlik v\u0259 H\u0259rbi Xidm\u0259t\u0259 \u00c7a\u011f\u0131r\u0131\u015f \u00fczr\u0259 D\u00f6vl\u0259t Xidm\u0259ti, \u0130cbari Tibbi S\u0131\u011forta \u00fczr\u0259 D\u00f6vl\u0259t Agentliyi, D\u00f6vl\u0259t S\u0131\u011forta Kommersiya \u015eirk\u0259ti) v\u0259 33 yerli icra hakimiyy\u0259ti orqan\u0131 t\u0259r\u0259find\u0259n 26 istiqam\u0259td\u0259 xidm\u0259tl\u0259r \u201cbir p\u0259nc\u0259r\u0259\u201dd\u0259n, operativ, \u015f\u0259ffaf, v\u0259t\u0259nda\u015f m\u0259mnunlu\u011fu prinsipi \u0259sas\u0131nda t\u0259qdim edilir.<\/p>\n<p>Bu xidm\u0259tl\u0259r\u0259 \u0259m\u0259k, m\u0259\u015f\u011fulluq, sosial m\u00fcdafi\u0259, tibbi-sosial ekspertiza, reabilitasiya, m\u00fcalic\u0259, m\u00fcayin\u0259, el\u0259c\u0259 d\u0259 dig\u0259r sah\u0259l\u0259r\u0259 dair xidm\u0259tl\u0259r daxildir.<\/p>\n<p>Haz\u0131rda vahid \u0259laq\u0259l\u0259ndirm\u0259 m\u0259rk\u0259zl\u0259ri \u015f\u0259b\u0259k\u0259sinin respublikam\u0131z\u0131n b\u00f6lg\u0259l\u0259ri \u00fczr\u0259 geni\u015fl\u0259ndirilm\u0259si istiqam\u0259tind\u0259 i\u015fl\u0259r apar\u0131l\u0131r.<\/p>\n<p>M\u0259rk\u0259zl\u0259r\u0259 m\u00fcraci\u0259tl\u0259rin qurumlar \u00fczr\u0259 b\u00f6lg\u00fcs\u00fc a\u015fa\u011f\u0131dak\u0131 kimi olub:<\/p>\n<p>&#8211; \u018fm\u0259k v\u0259 \u018fhalinin Sosial M\u00fcdafi\u0259si Nazirliyi \u00fczr\u0259 5 988 m\u00fcraci\u0259t;<\/p>\n<p>&#8211; M\u00fcdafi\u0259 Nazirliyi \u00fczr\u0259 6 979 m\u00fcraci\u0259t;<\/p>\n<p>&#8211; S\u0259hiyy\u0259 Nazirliyi \u00fczr\u0259 266 m\u00fcraci\u0259t;<\/p>\n<p>&#8211; S\u0259f\u0259rb\u0259rlik v\u0259 H\u0259rbi Xidm\u0259t\u0259 \u00c7a\u011f\u0131r\u0131\u015f \u00fczr\u0259 D\u00f6vl\u0259t Xidm\u0259ti \u00fczr\u0259 402 m\u00fcraci\u0259t;<\/p>\n<p>&#8211; \u0130cbari Tibbi S\u0131\u011forta \u00fczr\u0259 D\u00f6vl\u0259t Agentliyi \u00fczr\u0259 224 m\u00fcraci\u0259t;<\/p>\n<p>&#8211; D\u00f6vl\u0259t S\u0131\u011forta Kommersiya \u015eirk\u0259ti \u00fczr\u0259 1 287 m\u00fcraci\u0259t;<\/p>\n<p>&#8211; Yerli \u0130cra Hakimiyy\u0259tl\u0259ri \u00fczr\u0259 446 m\u00fcraci\u0259t.<\/p>\n","protected":false},"excerpt":{"rendered":"<p>Prezident \u0130lham \u018fliyevin 25 iyun 2021-ci il tarixli F\u0259rman\u0131 il\u0259 yarad\u0131lan vahid \u0259laq\u0259l\u0259ndirm\u0259 m\u0259rk\u0259zl\u0259rind\u0259 \u00f6t\u0259n d\u00f6vrd\u0259 \u015f\u0259hid ail\u0259l\u0259ri \u00fczvl\u0259ri, m\u00fcharib\u0259 il\u0259 \u0259laq\u0259dar x\u0259sar\u0259t alm\u0131\u015f h\u0259rbi qulluq\u00e7ular v\u0259 m\u00fcharib\u0259 \u0259lill\u0259rind\u0259n ibar\u0259t 15 600 \u015f\u0259xs\u0259 xidm\u0259tl\u0259r g\u00f6st\u0259rilib. Bu bar\u0259d\u0259\u00a0\u018fm\u0259k v\u0259 \u018fhalinin Sosial M\u00fcdafi\u0259si Nazirliyi m\u0259lumat yay\u0131b. Bildirilib ki, \u201c142\u201d \u00c7a\u011fr\u0131 M\u0259rk\u0259zi t\u0259r\u0259find\u0259n is\u0259 h\u0259min m\u0259rk\u0259zl\u0259r\u0259 aid m\u0259s\u0259l\u0259l\u0259r \u00fczr\u0259 25 500 v\u0259t\u0259nda\u015f m\u00fcraci\u0259ti cavabland\u0131r\u0131l\u0131b. Haz\u0131rda Bak\u0131 \u015f\u0259h\u0259rind\u0259ki v\u0259 Ab\u015feron rayonundak\u0131 DOST m\u0259rk\u0259zl\u0259rind\u0259, h\u0259m\u00e7inin G\u0259nc\u0259 \u015f\u0259h\u0259rind\u0259, Masall\u0131 v\u0259 Ucar rayonlar\u0131nda regional vahid \u0259laq\u0259l\u0259ndirm\u0259 m\u0259rk\u0259zl\u0259ri f\u0259aliyy\u0259t g\u00f6st\u0259rir. H\u0259min m\u0259rk\u0259zl\u0259rd\u0259 39 qurum, o c\u00fcml\u0259d\u0259n 6 m\u0259rk\u0259zi&hellip;<\/p>\n","protected":false},"author":2,"featured_media":440252,"comment_status":"closed","ping_status":"closed","sticky":false,"template":"","format":"standard","meta":{"om_disable_all_campaigns":false,"_monsterinsights_skip_tracking":false,"_monsterinsights_sitenote_active":false,"_monsterinsights_sitenote_note":"","_monsterinsights_sitenote_category":0},"categories":[1],"tags":[],"aioseo_notices":[],"gutentor_comment":0,"rttpg_featured_image_url":{"full":["https:\/\/arantv.az\/wp-content\/uploads\/2022\/02\/FotoJet-2022-02-17T144314.204.jpg",620,413,false],"landscape":["https:\/\/arantv.az\/wp-content\/uploads\/2022\/02\/FotoJet-2022-02-17T144314.204.jpg",620,413,false],"portraits":["https:\/\/arantv.az\/wp-content\/uploads\/2022\/02\/FotoJet-2022-02-17T144314.204.jpg",620,413,false],"thumbnail":["https:\/\/arantv.az\/wp-content\/uploads\/2022\/02\/FotoJet-2022-02-17T144314.204-500x280.jpg",500,280,true],"medium":["https:\/\/arantv.az\/wp-content\/uploads\/2022\/02\/FotoJet-2022-02-17T144314.204-548x365.jpg",548,365,true],"large":["https:\/\/arantv.az\/wp-content\/uploads\/2022\/02\/FotoJet-2022-02-17T144314.204.jpg",620,413,false],"1536x1536":["https:\/\/arantv.az\/wp-content\/uploads\/2022\/02\/FotoJet-2022-02-17T144314.204.jpg",620,413,false],"2048x2048":["https:\/\/arantv.az\/wp-content\/uploads\/2022\/02\/FotoJet-2022-02-17T144314.204.jpg",620,413,false],"post-thumbnail":["https:\/\/arantv.az\/wp-content\/uploads\/2022\/02\/FotoJet-2022-02-17T144314.204-240x172.jpg",240,172,true],"advps-thumb-one":["https:\/\/arantv.az\/wp-content\/uploads\/2022\/02\/FotoJet-2022-02-17T144314.204.jpg",620,413,false]},"rttpg_author":{"display_name":"V\u00fcsal Rafiqo\u011flu","author_link":"https:\/\/arantv.az\/?author=2"},"rttpg_comment":0,"rttpg_category":"<a href=\"https:\/\/arantv.az\/?cat=1\" rel=\"category\">C\u0259miyy\u0259t<\/a>","rttpg_excerpt":"Prezident \u0130lham \u018fliyevin 25 iyun 2021-ci il tarixli F\u0259rman\u0131 il\u0259 yarad\u0131lan vahid \u0259laq\u0259l\u0259ndirm\u0259 m\u0259rk\u0259zl\u0259rind\u0259 \u00f6t\u0259n d\u00f6vrd\u0259 \u015f\u0259hid ail\u0259l\u0259ri \u00fczvl\u0259ri, m\u00fcharib\u0259 il\u0259 \u0259laq\u0259dar x\u0259sar\u0259t alm\u0131\u015f h\u0259rbi qulluq\u00e7ular v\u0259 m\u00fcharib\u0259 \u0259lill\u0259rind\u0259n ibar\u0259t 15 600 \u015f\u0259xs\u0259 xidm\u0259tl\u0259r g\u00f6st\u0259rilib. Bu bar\u0259d\u0259\u00a0\u018fm\u0259k v\u0259 \u018fhalinin Sosial M\u00fcdafi\u0259si Nazirliyi m\u0259lumat yay\u0131b. Bildirilib ki, \u201c142\u201d \u00c7a\u011fr\u0131 M\u0259rk\u0259zi t\u0259r\u0259find\u0259n is\u0259 h\u0259min m\u0259rk\u0259zl\u0259r\u0259 aid m\u0259s\u0259l\u0259l\u0259r&hellip;","_links":{"self":[{"href":"https:\/\/arantv.az\/index.php?rest_route=\/wp\/v2\/posts\/440251"}],"collection":[{"href":"https:\/\/arantv.az\/index.php?rest_route=\/wp\/v2\/posts"}],"about":[{"href":"https:\/\/arantv.az\/index.php?rest_route=\/wp\/v2\/types\/post"}],"author":[{"embeddable":true,"href":"https:\/\/arantv.az\/index.php?rest_route=\/wp\/v2\/users\/2"}],"replies":[{"embeddable":true,"href":"https:\/\/arantv.az\/index.php?rest_route=%2Fwp%2Fv2%2Fcomments&post=440251"}],"version-history":[{"count":0,"href":"https:\/\/arantv.az\/index.php?rest_route=\/wp\/v2\/posts\/440251\/revisions"}],"wp:featuredmedia":[{"embeddable":true,"href":"https:\/\/arantv.az\/index.php?rest_route=\/wp\/v2\/media\/440252"}],"wp:attachment":[{"href":"https:\/\/arantv.az\/index.php?rest_route=%2Fwp%2Fv2%2Fmedia&parent=440251"}],"wp:term":[{"taxonomy":"category","embeddable":true,"href":"https:\/\/arantv.az\/index.php?rest_route=%2Fwp%2Fv2%2Fcategories&post=440251"},{"taxonomy":"post_tag","embeddable":true,"href":"https:\/\/arantv.az\/index.php?rest_route=%2Fwp%2Fv2%2Ftags&post=440251"}],"curies":[{"name":"wp","href":"https:\/\/api.w.org\/{rel}","templated":true}]}}