{"id":440254,"date":"2022-02-17T14:40:17","date_gmt":"2022-02-17T11:40:17","guid":{"rendered":"http:\/\/arantv.az\/?p=440254"},"modified":"2022-02-17T14:40:17","modified_gmt":"2022-02-17T11:40:17","slug":"tahir-k%c9%99rimli-oyuncaqla-goruntul%c9%99rind%c9%99n-danisdi-adam-canindan-bezir-video","status":"publish","type":"post","link":"https:\/\/arantv.az\/?p=440254","title":{"rendered":"Tahir K\u0259rimli oyuncaqla g\u00f6r\u00fcnt\u00fcl\u0259rind\u0259n dan\u0131\u015fd\u0131: \u201cAdam can\u0131ndan bezir\u201d &#8211; V\u0130DEO"},"content":{"rendered":"<p>Milli M\u0259clisin deputat\u0131 Tahir K\u0259rimli sosial \u015f\u0259b\u0259k\u0259l\u0259rd\u0259 m\u00fczakir\u0259y\u0259 s\u0259b\u0259b olan videosu haqq\u0131nda a\u00e7\u0131qlama verib.<\/p>\n<p>Baku TV-y\u0259 dan\u0131\u015fan Tahir K\u0259rimli bildirib ki, sosial \u015f\u0259b\u0259k\u0259l\u0259rd\u0259n ona yax\u0131n adamlar videonu silib.<\/p>\n<div class=\"AdviadNativeVideo\"><\/div>\n<p>\u201cAmma art\u0131q gec idi, yay\u0131lm\u0131\u015fd\u0131.\u00a0M\u00fc\u0259yy\u0259n saytlar v\u0259 dig\u0259rl\u0259ri g\u00f6t\u00fcr\u00fcb payla\u015fd\u0131lar. M\u0259n ist\u0259m\u0259zdim. D\u00fcz\u00fcn\u00fc deyim ki, telefonlara cavab vermir\u0259m.<\/p>\n<p>Sovet d\u00f6vr\u00fcnd\u0259, m\u00fcst\u0259qillik u\u011frunda m\u00fcbariz\u0259d\u0259, onill\u0259r i\u00e7\u0259risind\u0259 bizim h\u0259yat t\u0259rzimiz bel\u0259 olub ki, daim t\u0259qibl\u0259r, h\u0259d\u0259l\u0259r \u015f\u0259raitind\u0259 ya\u015fam\u0131\u015f\u0131q. \u0130smay\u0131ll\u0131dak\u0131 h\u0259y\u0259timd\u0259 evd\u0259 qad\u0131nlar olma\u011f\u0131na baxmayaraq, iki n\u0259f\u0259r at\u0259\u015f a\u00e7m\u0131\u015fd\u0131. He\u00e7 onlar\u0131 tapa bilm\u0259dil\u0259r, uzun m\u00fcdd\u0259t izi d\u0259 qald\u0131. M\u0259n \u00f6yr\u0259\u015fmi\u015f\u0259m bu c\u00fcr h\u0259d\u0259l\u0259r\u0259. Baxmayaraq ki, ondan \u0259vv\u0259l daha b\u00f6y\u00fck hadis\u0259l\u0259r ba\u015f verib, amma deyirl\u0259r ki, bir damla olur\u00a0st\u0259kan\u0131 da\u015f\u0131ran.<\/p>\n<p>M\u0259n ist\u0259m\u0259dim ki, ail\u0259m, u\u015fa\u011f\u0131m bilsin. Bu, sosial \u015f\u0259b\u0259k\u0259l\u0259r, telefon vasit\u0259sil\u0259 olur, d\u00f6z\u00fcrs\u0259n.<\/p>\n<p>Yax\u015f\u0131 ki, d\u00fcn\u0259n o\u011flum m\u0259\u015fqd\u0259n sonra icaz\u0259 alm\u0131\u015fd\u0131 ki, dostumgild\u0259 qalaca\u011fam. D\u00fcz\u00fc, bunu ilk d\u0259f\u0259 deyir\u0259m, ail\u0259m d\u0259 bilmir, g\u0259l\u0259nd\u0259 g\u00f6rd\u00fcm ki, qap\u0131n\u0131n a\u00e7ar yerin\u0259 b\u00fck\u00fclm\u00fc\u015f \u201czapiska\u201d qoyulub. D\u00fc\u015f\u00fcnd\u00fcm ki, bu, su pulu, i\u015f\u0131q pulu q\u0259bzidir. Baxd\u0131m ki, burada kiril \u0259lifbas\u0131 il\u0259 yaz\u0131l\u0131b ki, \u201cs\u0259ni udacaq \u0259jdaha&#8230;.\u201d Adam\u0131n ad\u0131 v\u0259 Moskva \u00fcnvan\u0131 da yaz\u0131l\u0131b.<\/p>\n<p>M\u0259n ax\u0131r\u0131nc\u0131 d\u0259f\u0259 Milli M\u0259clisd\u0259 \u00e7\u0131x\u0131\u015f ed\u0259nd\u0259 m\u0259cbur oldum c\u0259rim\u0259l\u0259rl\u0259 ba\u011fl\u0131, yol h\u0259r\u0259k\u0259ti qaydalar\u0131, qida t\u0259hl\u00fck\u0259sizliyi, qaz v\u0259 dig\u0259r m\u0259s\u0259l\u0259l\u0259r haqq\u0131nda \u00e7\u0131x\u0131\u015f etdim. Onsuz da m\u0259nim ail\u0259m h\u0259mi\u015f\u0259 narahatl\u0131q i\u00e7ind\u0259 ya\u015fama\u011fa \u00f6yr\u0259\u015fib\u201d.<\/p>\n<p>Deputat qeyd edib ki, insan b\u0259z\u0259n h\u0259yat\u0131ndan bezir, \u00f6l\u00fcm ist\u0259yir:<\/p>\n<p>\u201cOna g\u00f6r\u0259 m\u0259n t\u0259klikd\u0259 \u00e7\u0131x\u0131\u015f etdim. Amma sonradan bildil\u0259r. Evd\u0259 d\u0259 narahat olurlar. M\u0259ni \u00f6ld\u00fcrm\u0259kl\u0259 n\u0259 \u0259ld\u0259 ed\u0259 bil\u0259c\u0259ks\u0259n? Televiziyad\u0131r, konkret dey\u0259 bilm\u0259r\u0259m n\u0259 q\u0259d\u0259r bel\u0259 misal var. Adam can\u0131ndan bezir, amma m\u0259ni \u00f6ld\u00fcrm\u0259kl\u0259 he\u00e7 n\u0259 \u0259ld\u0259 olunmayacaq. \u018fqid\u0259 yolu il\u0259 d\u00f6vl\u0259timin, mill\u0259timin g\u0259l\u0259c\u0259yin\u0259 inand\u0131\u011f\u0131m\u0131 dedim. T\u0259bii ki, m\u0259n m\u0259lumat verdim m\u00fc\u0259yy\u0259n yer\u0259 ki, bel\u0259 t\u0259hdid edirl\u0259r.<\/p>\n<p>Ramiz Mehdiyevi t\u0259nqid ets\u0259m, istefaya \u00e7a\u011f\u0131rsam da, etikan\u0131 pozmam\u0131\u015fam. M\u0259n \u00fcmumiyy\u0259tl\u0259, onun t\u0259r\u0259fdar\u0131 olmam\u0131\u015fam ki, v\u0259zif\u0259d\u0259 \u00fcz\u00fcn\u0259 dey\u0259 bilm\u0259diyimi \u00e7\u0131xandan sonra s\u0259sl\u0259ndirim. \u00dcmumi v\u0259ziyy\u0259ti n\u0259z\u0259r\u0259 alaraq \u00e7a\u011f\u0131r\u0131\u015f etmi\u015f\u0259m ki, bel\u0259 daha yax\u015f\u0131 olar. Ba\u015fqalar\u0131 kimi aqressivlik n\u00fcmayi\u015f etdirm\u0259mi\u015f\u0259m\u201d.<\/p>\n<div><iframe loading=\"lazy\" title=\"YouTube video player\" src=\"https:\/\/www.youtube.com\/embed\/hQkGZMYFJSY\" width=\"560\" height=\"315\" frameborder=\"0\" allowfullscreen=\"allowfullscreen\" data-mce-fragment=\"1\"><\/iframe><\/div>\n<p>&nbsp;<\/p>\n","protected":false},"excerpt":{"rendered":"<p>Milli M\u0259clisin deputat\u0131 Tahir K\u0259rimli sosial \u015f\u0259b\u0259k\u0259l\u0259rd\u0259 m\u00fczakir\u0259y\u0259 s\u0259b\u0259b olan videosu haqq\u0131nda a\u00e7\u0131qlama verib. Baku TV-y\u0259 dan\u0131\u015fan Tahir K\u0259rimli bildirib ki, sosial \u015f\u0259b\u0259k\u0259l\u0259rd\u0259n ona yax\u0131n adamlar videonu silib. \u201cAmma art\u0131q gec idi, yay\u0131lm\u0131\u015fd\u0131.\u00a0M\u00fc\u0259yy\u0259n saytlar v\u0259 dig\u0259rl\u0259ri g\u00f6t\u00fcr\u00fcb payla\u015fd\u0131lar. M\u0259n ist\u0259m\u0259zdim. D\u00fcz\u00fcn\u00fc deyim ki, telefonlara cavab vermir\u0259m. Sovet d\u00f6vr\u00fcnd\u0259, m\u00fcst\u0259qillik u\u011frunda m\u00fcbariz\u0259d\u0259, onill\u0259r i\u00e7\u0259risind\u0259 bizim h\u0259yat t\u0259rzimiz bel\u0259 olub ki, daim t\u0259qibl\u0259r, h\u0259d\u0259l\u0259r \u015f\u0259raitind\u0259 ya\u015fam\u0131\u015f\u0131q. \u0130smay\u0131ll\u0131dak\u0131 h\u0259y\u0259timd\u0259 evd\u0259 qad\u0131nlar olma\u011f\u0131na baxmayaraq, iki n\u0259f\u0259r at\u0259\u015f a\u00e7m\u0131\u015fd\u0131. He\u00e7 onlar\u0131 tapa bilm\u0259dil\u0259r, uzun m\u00fcdd\u0259t izi d\u0259 qald\u0131. M\u0259n \u00f6yr\u0259\u015fmi\u015f\u0259m bu c\u00fcr h\u0259d\u0259l\u0259r\u0259. Baxmayaraq ki,&hellip;<\/p>\n","protected":false},"author":2,"featured_media":440255,"comment_status":"closed","ping_status":"closed","sticky":false,"template":"","format":"standard","meta":{"om_disable_all_campaigns":false,"_monsterinsights_skip_tracking":false,"_monsterinsights_sitenote_active":false,"_monsterinsights_sitenote_note":"","_monsterinsights_sitenote_category":0},"categories":[1],"tags":[],"aioseo_notices":[],"gutentor_comment":0,"rttpg_featured_image_url":{"full":["https:\/\/arantv.az\/wp-content\/uploads\/2022\/02\/Untitled-1-5.jpg",620,413,false],"landscape":["https:\/\/arantv.az\/wp-content\/uploads\/2022\/02\/Untitled-1-5.jpg",620,413,false],"portraits":["https:\/\/arantv.az\/wp-content\/uploads\/2022\/02\/Untitled-1-5.jpg",620,413,false],"thumbnail":["https:\/\/arantv.az\/wp-content\/uploads\/2022\/02\/Untitled-1-5-500x280.jpg",500,280,true],"medium":["https:\/\/arantv.az\/wp-content\/uploads\/2022\/02\/Untitled-1-5-548x365.jpg",548,365,true],"large":["https:\/\/arantv.az\/wp-content\/uploads\/2022\/02\/Untitled-1-5.jpg",620,413,false],"1536x1536":["https:\/\/arantv.az\/wp-content\/uploads\/2022\/02\/Untitled-1-5.jpg",620,413,false],"2048x2048":["https:\/\/arantv.az\/wp-content\/uploads\/2022\/02\/Untitled-1-5.jpg",620,413,false],"post-thumbnail":["https:\/\/arantv.az\/wp-content\/uploads\/2022\/02\/Untitled-1-5-240x172.jpg",240,172,true],"advps-thumb-one":["https:\/\/arantv.az\/wp-content\/uploads\/2022\/02\/Untitled-1-5.jpg",620,413,false]},"rttpg_author":{"display_name":"V\u00fcsal Rafiqo\u011flu","author_link":"https:\/\/arantv.az\/?author=2"},"rttpg_comment":0,"rttpg_category":"<a href=\"https:\/\/arantv.az\/?cat=1\" rel=\"category\">C\u0259miyy\u0259t<\/a>","rttpg_excerpt":"Milli M\u0259clisin deputat\u0131 Tahir K\u0259rimli sosial \u015f\u0259b\u0259k\u0259l\u0259rd\u0259 m\u00fczakir\u0259y\u0259 s\u0259b\u0259b olan videosu haqq\u0131nda a\u00e7\u0131qlama verib. Baku TV-y\u0259 dan\u0131\u015fan Tahir K\u0259rimli bildirib ki, sosial \u015f\u0259b\u0259k\u0259l\u0259rd\u0259n ona yax\u0131n adamlar videonu silib. \u201cAmma art\u0131q gec idi, yay\u0131lm\u0131\u015fd\u0131.\u00a0M\u00fc\u0259yy\u0259n saytlar v\u0259 dig\u0259rl\u0259ri g\u00f6t\u00fcr\u00fcb payla\u015fd\u0131lar. M\u0259n ist\u0259m\u0259zdim. D\u00fcz\u00fcn\u00fc deyim ki, telefonlara cavab vermir\u0259m. Sovet d\u00f6vr\u00fcnd\u0259, m\u00fcst\u0259qillik u\u011frunda m\u00fcbariz\u0259d\u0259, onill\u0259r i\u00e7\u0259risind\u0259 bizim h\u0259yat&hellip;","_links":{"self":[{"href":"https:\/\/arantv.az\/index.php?rest_route=\/wp\/v2\/posts\/440254"}],"collection":[{"href":"https:\/\/arantv.az\/index.php?rest_route=\/wp\/v2\/posts"}],"about":[{"href":"https:\/\/arantv.az\/index.php?rest_route=\/wp\/v2\/types\/post"}],"author":[{"embeddable":true,"href":"https:\/\/arantv.az\/index.php?rest_route=\/wp\/v2\/users\/2"}],"replies":[{"embeddable":true,"href":"https:\/\/arantv.az\/index.php?rest_route=%2Fwp%2Fv2%2Fcomments&post=440254"}],"version-history":[{"count":0,"href":"https:\/\/arantv.az\/index.php?rest_route=\/wp\/v2\/posts\/440254\/revisions"}],"wp:featuredmedia":[{"embeddable":true,"href":"https:\/\/arantv.az\/index.php?rest_route=\/wp\/v2\/media\/440255"}],"wp:attachment":[{"href":"https:\/\/arantv.az\/index.php?rest_route=%2Fwp%2Fv2%2Fmedia&parent=440254"}],"wp:term":[{"taxonomy":"category","embeddable":true,"href":"https:\/\/arantv.az\/index.php?rest_route=%2Fwp%2Fv2%2Fcategories&post=440254"},{"taxonomy":"post_tag","embeddable":true,"href":"https:\/\/arantv.az\/index.php?rest_route=%2Fwp%2Fv2%2Ftags&post=440254"}],"curies":[{"name":"wp","href":"https:\/\/api.w.org\/{rel}","templated":true}]}}