{"id":440260,"date":"2022-02-17T14:46:43","date_gmt":"2022-02-17T11:46:43","guid":{"rendered":"http:\/\/arantv.az\/?p=440260"},"modified":"2022-02-17T14:46:43","modified_gmt":"2022-02-17T11:46:43","slug":"az%c9%99rbaycanli-deputatlar-ir%c9%99vana-s%c9%99f%c9%99r-ed%c9%99c%c9%99k","status":"publish","type":"post","link":"https:\/\/arantv.az\/?p=440260","title":{"rendered":"Az\u0259rbaycanl\u0131 deputatlar \u0130r\u0259vana s\u0259f\u0259r ed\u0259c\u0259k?"},"content":{"rendered":"<p>\u0130r\u0259vanda 21-22 fevral tarixl\u0259rind\u0259 Avronest Parlament Assambleyas\u0131n\u0131n b\u00fcro v\u0259 komissiyalar\u0131n\u0131n iclas\u0131 ke\u00e7iril\u0259c\u0259k.<\/p>\n<p>Bu bar\u0259d\u0259 Erm\u0259nistan parlamentinin m\u0259tbuat xidm\u0259ti m\u0259lumat yay\u0131b.<\/p>\n<p>Qeyd olunur ki, g\u00f6r\u00fc\u015fl\u0259rd\u0259 \u015e\u0259rq T\u0259r\u0259fda\u015fl\u0131\u011f\u0131 \u00f6lk\u0259l\u0259rinin parlamentl\u0259rinin v\u0259 Avropa Parlamentinin deputatlar\u0131 i\u015ftirak ed\u0259c\u0259k.<\/p>\n<p>M\u0259lumatda Az\u0259rbaycan, Ukrayna v\u0259 G\u00fcrc\u00fcstan parlamentaril\u0259rinin d\u0259 s\u0259f\u0259rinin planla\u015fd\u0131r\u0131ld\u0131\u011f\u0131 vur\u011fulan\u0131r.<\/p>\n<p>M\u0259nb\u0259: Sputnik Erm\u0259nistan<\/p>\n","protected":false},"excerpt":{"rendered":"<p>\u0130r\u0259vanda 21-22 fevral tarixl\u0259rind\u0259 Avronest Parlament Assambleyas\u0131n\u0131n b\u00fcro v\u0259 komissiyalar\u0131n\u0131n iclas\u0131 ke\u00e7iril\u0259c\u0259k. Bu bar\u0259d\u0259 Erm\u0259nistan parlamentinin m\u0259tbuat xidm\u0259ti m\u0259lumat yay\u0131b. Qeyd olunur ki, g\u00f6r\u00fc\u015fl\u0259rd\u0259 \u015e\u0259rq T\u0259r\u0259fda\u015fl\u0131\u011f\u0131 \u00f6lk\u0259l\u0259rinin parlamentl\u0259rinin v\u0259 Avropa Parlamentinin deputatlar\u0131 i\u015ftirak ed\u0259c\u0259k. M\u0259lumatda Az\u0259rbaycan, Ukrayna v\u0259 G\u00fcrc\u00fcstan parlamentaril\u0259rinin d\u0259 s\u0259f\u0259rinin planla\u015fd\u0131r\u0131ld\u0131\u011f\u0131 vur\u011fulan\u0131r. M\u0259nb\u0259: Sputnik Erm\u0259nistan<\/p>\n","protected":false},"author":2,"featured_media":440261,"comment_status":"closed","ping_status":"closed","sticky":false,"template":"","format":"standard","meta":{"om_disable_all_campaigns":false,"_monsterinsights_skip_tracking":false,"_monsterinsights_sitenote_active":false,"_monsterinsights_sitenote_note":"","_monsterinsights_sitenote_category":0},"categories":[7],"tags":[],"aioseo_notices":[],"gutentor_comment":0,"rttpg_featured_image_url":{"full":["https:\/\/arantv.az\/wp-content\/uploads\/2022\/02\/FotoJet-2022-02-17T150551.346.jpg",620,413,false],"landscape":["https:\/\/arantv.az\/wp-content\/uploads\/2022\/02\/FotoJet-2022-02-17T150551.346.jpg",620,413,false],"portraits":["https:\/\/arantv.az\/wp-content\/uploads\/2022\/02\/FotoJet-2022-02-17T150551.346.jpg",620,413,false],"thumbnail":["https:\/\/arantv.az\/wp-content\/uploads\/2022\/02\/FotoJet-2022-02-17T150551.346-500x280.jpg",500,280,true],"medium":["https:\/\/arantv.az\/wp-content\/uploads\/2022\/02\/FotoJet-2022-02-17T150551.346-548x365.jpg",548,365,true],"large":["https:\/\/arantv.az\/wp-content\/uploads\/2022\/02\/FotoJet-2022-02-17T150551.346.jpg",620,413,false],"1536x1536":["https:\/\/arantv.az\/wp-content\/uploads\/2022\/02\/FotoJet-2022-02-17T150551.346.jpg",620,413,false],"2048x2048":["https:\/\/arantv.az\/wp-content\/uploads\/2022\/02\/FotoJet-2022-02-17T150551.346.jpg",620,413,false],"post-thumbnail":["https:\/\/arantv.az\/wp-content\/uploads\/2022\/02\/FotoJet-2022-02-17T150551.346-240x172.jpg",240,172,true],"advps-thumb-one":["https:\/\/arantv.az\/wp-content\/uploads\/2022\/02\/FotoJet-2022-02-17T150551.346.jpg",620,413,false]},"rttpg_author":{"display_name":"V\u00fcsal Rafiqo\u011flu","author_link":"https:\/\/arantv.az\/?author=2"},"rttpg_comment":0,"rttpg_category":"<a href=\"https:\/\/arantv.az\/?cat=7\" rel=\"category\">D\u00fcnya<\/a>","rttpg_excerpt":"\u0130r\u0259vanda 21-22 fevral tarixl\u0259rind\u0259 Avronest Parlament Assambleyas\u0131n\u0131n b\u00fcro v\u0259 komissiyalar\u0131n\u0131n iclas\u0131 ke\u00e7iril\u0259c\u0259k. Bu bar\u0259d\u0259 Erm\u0259nistan parlamentinin m\u0259tbuat xidm\u0259ti m\u0259lumat yay\u0131b. Qeyd olunur ki, g\u00f6r\u00fc\u015fl\u0259rd\u0259 \u015e\u0259rq T\u0259r\u0259fda\u015fl\u0131\u011f\u0131 \u00f6lk\u0259l\u0259rinin parlamentl\u0259rinin v\u0259 Avropa Parlamentinin deputatlar\u0131 i\u015ftirak ed\u0259c\u0259k. M\u0259lumatda Az\u0259rbaycan, Ukrayna v\u0259 G\u00fcrc\u00fcstan parlamentaril\u0259rinin d\u0259 s\u0259f\u0259rinin planla\u015fd\u0131r\u0131ld\u0131\u011f\u0131 vur\u011fulan\u0131r. M\u0259nb\u0259: Sputnik Erm\u0259nistan","_links":{"self":[{"href":"https:\/\/arantv.az\/index.php?rest_route=\/wp\/v2\/posts\/440260"}],"collection":[{"href":"https:\/\/arantv.az\/index.php?rest_route=\/wp\/v2\/posts"}],"about":[{"href":"https:\/\/arantv.az\/index.php?rest_route=\/wp\/v2\/types\/post"}],"author":[{"embeddable":true,"href":"https:\/\/arantv.az\/index.php?rest_route=\/wp\/v2\/users\/2"}],"replies":[{"embeddable":true,"href":"https:\/\/arantv.az\/index.php?rest_route=%2Fwp%2Fv2%2Fcomments&post=440260"}],"version-history":[{"count":0,"href":"https:\/\/arantv.az\/index.php?rest_route=\/wp\/v2\/posts\/440260\/revisions"}],"wp:featuredmedia":[{"embeddable":true,"href":"https:\/\/arantv.az\/index.php?rest_route=\/wp\/v2\/media\/440261"}],"wp:attachment":[{"href":"https:\/\/arantv.az\/index.php?rest_route=%2Fwp%2Fv2%2Fmedia&parent=440260"}],"wp:term":[{"taxonomy":"category","embeddable":true,"href":"https:\/\/arantv.az\/index.php?rest_route=%2Fwp%2Fv2%2Fcategories&post=440260"},{"taxonomy":"post_tag","embeddable":true,"href":"https:\/\/arantv.az\/index.php?rest_route=%2Fwp%2Fv2%2Ftags&post=440260"}],"curies":[{"name":"wp","href":"https:\/\/api.w.org\/{rel}","templated":true}]}}