{"id":440266,"date":"2022-02-17T14:54:18","date_gmt":"2022-02-17T11:54:18","guid":{"rendered":"http:\/\/arantv.az\/?p=440266"},"modified":"2022-02-17T14:54:18","modified_gmt":"2022-02-17T11:54:18","slug":"az%c9%99rbaycan-v%c9%99-ukrayna-bas-prokurorluqlari-arasinda-s%c9%99m%c9%99r%c9%99li-ikit%c9%99r%c9%99fli-%c9%99m%c9%99kdasliq-davam-edir","status":"publish","type":"post","link":"https:\/\/arantv.az\/?p=440266","title":{"rendered":"Az\u0259rbaycan v\u0259 Ukrayna Ba\u015f Prokurorluqlar\u0131 aras\u0131nda s\u0259m\u0259r\u0259li ikit\u0259r\u0259fli \u0259m\u0259kda\u015fl\u0131q davam edir"},"content":{"rendered":"<p>\u00abM\u00fclki, ail\u0259 v\u0259 cinay\u0259t i\u015fl\u0259ri \u00fczr\u0259 h\u00fcquqi yard\u0131m v\u0259 h\u00fcquqi m\u00fcnasib\u0259tl\u0259r haqq\u0131nda\u00bb 22.01.1993-c\u00fc il tarixli Konvensiyan\u0131n t\u0259l\u0259bl\u0259rin\u0259 uy\u011fun olaraq Ba\u015f Prokurorlu\u011fun Az\u0259rbaycan Respublikas\u0131n\u0131n v\u0259t\u0259nda\u015f\u0131 K\u0259rimov Nizami Qulam o\u011flunun ekstradisiyas\u0131 haqq\u0131nda v\u0259sat\u0259ti Ukrayna Ba\u015f Prokurorlu\u011fu t\u0259r\u0259find\u0259n t\u0259min edilmi\u015fdir. Ab\u015feron Rayon Polis \u0130dar\u0259sinin \u00a0\u0130stintaq b\u00f6lm\u0259sinin icraat\u0131nda olan cinay\u0259t i\u015fi \u00fczr\u0259 Nizami K\u0259rimovun \u00a0 \u201cRafat LTD\u201d MMC-nin direktoru v\u0259zif\u0259sind\u0259 i\u015fl\u0259y\u0259rk\u0259n etibardan sui-istifad\u0259 etm\u0259 v\u0259 aldatma yolu il\u0259 \u00f6zg\u0259nin \u0259mlak\u0131n\u0131 \u0259l\u0259 ke\u00e7irm\u0259k m\u0259qs\u0259dil\u0259 m\u00fclkiyy\u0259t h\u00fcququ olmadan torpaq sah\u0259l\u0259rini satmaqla v\u0259t\u0259nda\u015flara k\u00fclli miqdarda ziyan vurdu\u011funa dair \u0259sasl\u0131 \u015f\u00fcbh\u0259l\u0259r m\u00fc\u0259yy\u0259n edildiyind\u0259n o, Az\u0259rbaycan Respublikas\u0131 Cinay\u0259t M\u0259c\u0259ll\u0259sinin \u00a0178.2.2-ci madd\u0259l\u0259ri il\u0259 t\u0259qsirl\u0259ndiril\u0259n \u015f\u0259xs qismind\u0259 c\u0259lb edilmi\u015f, bar\u0259sind\u0259 17.11.2017-ci il tarixd\u0259 h\u0259bs q\u0259timkan t\u0259dbiri se\u00e7ilm\u0259kl\u0259 axtar\u0131\u015f elan edilmi\u015fdir. N.K\u0259rimov 13.01.2022-ci il tarixd\u0259 Ukraynada m\u00fc\u0259yy\u0259n edil\u0259r\u0259k saxlan\u0131lm\u0131\u015fd\u0131r. 17.02.2022-ci il tarixind\u0259 \u018fdliyy\u0259 Nazirliyinin Penitensiar Xidm\u0259tinin x\u00fcsusi konvoyunun m\u00fc\u015fayi\u0259ti il\u0259 Nizami K\u0259rimov Ukraynadan Az\u0259rbaycana g\u0259tirilmi\u015fdir.<\/p>\n","protected":false},"excerpt":{"rendered":"<p>\u00abM\u00fclki, ail\u0259 v\u0259 cinay\u0259t i\u015fl\u0259ri \u00fczr\u0259 h\u00fcquqi yard\u0131m v\u0259 h\u00fcquqi m\u00fcnasib\u0259tl\u0259r haqq\u0131nda\u00bb 22.01.1993-c\u00fc il tarixli Konvensiyan\u0131n t\u0259l\u0259bl\u0259rin\u0259 uy\u011fun olaraq Ba\u015f Prokurorlu\u011fun Az\u0259rbaycan Respublikas\u0131n\u0131n v\u0259t\u0259nda\u015f\u0131 K\u0259rimov Nizami Qulam o\u011flunun ekstradisiyas\u0131 haqq\u0131nda v\u0259sat\u0259ti Ukrayna Ba\u015f Prokurorlu\u011fu t\u0259r\u0259find\u0259n t\u0259min edilmi\u015fdir. Ab\u015feron Rayon Polis \u0130dar\u0259sinin \u00a0\u0130stintaq b\u00f6lm\u0259sinin icraat\u0131nda olan cinay\u0259t i\u015fi \u00fczr\u0259 Nizami K\u0259rimovun \u00a0 \u201cRafat LTD\u201d MMC-nin direktoru v\u0259zif\u0259sind\u0259 i\u015fl\u0259y\u0259rk\u0259n etibardan sui-istifad\u0259 etm\u0259 v\u0259 aldatma yolu il\u0259 \u00f6zg\u0259nin \u0259mlak\u0131n\u0131 \u0259l\u0259 ke\u00e7irm\u0259k m\u0259qs\u0259dil\u0259 m\u00fclkiyy\u0259t h\u00fcququ olmadan torpaq sah\u0259l\u0259rini satmaqla v\u0259t\u0259nda\u015flara k\u00fclli miqdarda ziyan vurdu\u011funa dair \u0259sasl\u0131 \u015f\u00fcbh\u0259l\u0259r m\u00fc\u0259yy\u0259n edildiyind\u0259n o, Az\u0259rbaycan Respublikas\u0131 Cinay\u0259t M\u0259c\u0259ll\u0259sinin&hellip;<\/p>\n","protected":false},"author":2,"featured_media":440267,"comment_status":"closed","ping_status":"closed","sticky":false,"template":"","format":"standard","meta":{"om_disable_all_campaigns":false,"_monsterinsights_skip_tracking":false,"_monsterinsights_sitenote_active":false,"_monsterinsights_sitenote_note":"","_monsterinsights_sitenote_category":0},"categories":[1],"tags":[],"aioseo_notices":[],"gutentor_comment":0,"rttpg_featured_image_url":{"full":["https:\/\/arantv.az\/wp-content\/uploads\/2022\/02\/JCETVqmNDgfzK9dEauWSMhHdrfrF5FR4tj58pfqV.jpg",1080,1080,false],"landscape":["https:\/\/arantv.az\/wp-content\/uploads\/2022\/02\/JCETVqmNDgfzK9dEauWSMhHdrfrF5FR4tj58pfqV.jpg",1080,1080,false],"portraits":["https:\/\/arantv.az\/wp-content\/uploads\/2022\/02\/JCETVqmNDgfzK9dEauWSMhHdrfrF5FR4tj58pfqV.jpg",1080,1080,false],"thumbnail":["https:\/\/arantv.az\/wp-content\/uploads\/2022\/02\/JCETVqmNDgfzK9dEauWSMhHdrfrF5FR4tj58pfqV-500x280.jpg",500,280,true],"medium":["https:\/\/arantv.az\/wp-content\/uploads\/2022\/02\/JCETVqmNDgfzK9dEauWSMhHdrfrF5FR4tj58pfqV-365x365.jpg",365,365,true],"large":["https:\/\/arantv.az\/wp-content\/uploads\/2022\/02\/JCETVqmNDgfzK9dEauWSMhHdrfrF5FR4tj58pfqV-840x840.jpg",640,640,true],"1536x1536":["https:\/\/arantv.az\/wp-content\/uploads\/2022\/02\/JCETVqmNDgfzK9dEauWSMhHdrfrF5FR4tj58pfqV.jpg",1080,1080,false],"2048x2048":["https:\/\/arantv.az\/wp-content\/uploads\/2022\/02\/JCETVqmNDgfzK9dEauWSMhHdrfrF5FR4tj58pfqV.jpg",1080,1080,false],"post-thumbnail":["https:\/\/arantv.az\/wp-content\/uploads\/2022\/02\/JCETVqmNDgfzK9dEauWSMhHdrfrF5FR4tj58pfqV-240x172.jpg",240,172,true],"advps-thumb-one":["https:\/\/arantv.az\/wp-content\/uploads\/2022\/02\/JCETVqmNDgfzK9dEauWSMhHdrfrF5FR4tj58pfqV-1080x620.jpg",1080,620,true]},"rttpg_author":{"display_name":"V\u00fcsal Rafiqo\u011flu","author_link":"https:\/\/arantv.az\/?author=2"},"rttpg_comment":0,"rttpg_category":"<a href=\"https:\/\/arantv.az\/?cat=1\" rel=\"category\">C\u0259miyy\u0259t<\/a>","rttpg_excerpt":"\u00abM\u00fclki, ail\u0259 v\u0259 cinay\u0259t i\u015fl\u0259ri \u00fczr\u0259 h\u00fcquqi yard\u0131m v\u0259 h\u00fcquqi m\u00fcnasib\u0259tl\u0259r haqq\u0131nda\u00bb 22.01.1993-c\u00fc il tarixli Konvensiyan\u0131n t\u0259l\u0259bl\u0259rin\u0259 uy\u011fun olaraq Ba\u015f Prokurorlu\u011fun Az\u0259rbaycan Respublikas\u0131n\u0131n v\u0259t\u0259nda\u015f\u0131 K\u0259rimov Nizami Qulam o\u011flunun ekstradisiyas\u0131 haqq\u0131nda v\u0259sat\u0259ti Ukrayna Ba\u015f Prokurorlu\u011fu t\u0259r\u0259find\u0259n t\u0259min edilmi\u015fdir. Ab\u015feron Rayon Polis \u0130dar\u0259sinin \u00a0\u0130stintaq b\u00f6lm\u0259sinin icraat\u0131nda olan cinay\u0259t i\u015fi \u00fczr\u0259 Nizami K\u0259rimovun \u00a0 \u201cRafat LTD\u201d MMC-nin direktoru&hellip;","_links":{"self":[{"href":"https:\/\/arantv.az\/index.php?rest_route=\/wp\/v2\/posts\/440266"}],"collection":[{"href":"https:\/\/arantv.az\/index.php?rest_route=\/wp\/v2\/posts"}],"about":[{"href":"https:\/\/arantv.az\/index.php?rest_route=\/wp\/v2\/types\/post"}],"author":[{"embeddable":true,"href":"https:\/\/arantv.az\/index.php?rest_route=\/wp\/v2\/users\/2"}],"replies":[{"embeddable":true,"href":"https:\/\/arantv.az\/index.php?rest_route=%2Fwp%2Fv2%2Fcomments&post=440266"}],"version-history":[{"count":0,"href":"https:\/\/arantv.az\/index.php?rest_route=\/wp\/v2\/posts\/440266\/revisions"}],"wp:featuredmedia":[{"embeddable":true,"href":"https:\/\/arantv.az\/index.php?rest_route=\/wp\/v2\/media\/440267"}],"wp:attachment":[{"href":"https:\/\/arantv.az\/index.php?rest_route=%2Fwp%2Fv2%2Fmedia&parent=440266"}],"wp:term":[{"taxonomy":"category","embeddable":true,"href":"https:\/\/arantv.az\/index.php?rest_route=%2Fwp%2Fv2%2Fcategories&post=440266"},{"taxonomy":"post_tag","embeddable":true,"href":"https:\/\/arantv.az\/index.php?rest_route=%2Fwp%2Fv2%2Ftags&post=440266"}],"curies":[{"name":"wp","href":"https:\/\/api.w.org\/{rel}","templated":true}]}}