{"id":440275,"date":"2022-02-17T14:56:27","date_gmt":"2022-02-17T11:56:27","guid":{"rendered":"http:\/\/arantv.az\/?p=440275"},"modified":"2022-02-17T14:56:27","modified_gmt":"2022-02-17T11:56:27","slug":"insanhuquqlari-avropa-konvensiyasinin-8-ci-madd%c9%99si-mudaxil%c9%99-demokratik-c%c9%99miyy%c9%99td%c9%99-z%c9%99ruridirmi","status":"publish","type":"post","link":"https:\/\/arantv.az\/?p=440275","title":{"rendered":"#\u0130NSANH\u00dcQUQLARI &#8211; Avropa Konvensiyas\u0131n\u0131n 8-ci madd\u0259si: m\u00fcdaxil\u0259 \u201cdemokratik c\u0259miyy\u0259td\u0259 z\u0259ruridirmi\u201d?"},"content":{"rendered":"<p>Avropa Konvensiyas\u0131n\u0131n 8-ci madd\u0259sind\u0259 n\u0259z\u0259rd\u0259 tutulmu\u015f h\u00fcquqa konkret m\u00fcdaxil\u0259nin &#8220;demokratik c\u0259miyy\u0259td\u0259 z\u0259ruri&#8221; olub-olmad\u0131\u011f\u0131n\u0131 m\u00fc\u0259yy\u0259n etm\u0259k \u00fc\u00e7\u00fcn M\u0259hk\u0259m\u0259 \u00fczv d\u00f6vl\u0259tin maraqlar\u0131n\u0131 \u0259riz\u0259\u00e7inin h\u00fcququ il\u0259 balansla\u015fd\u0131r\u0131r. 8-ci madd\u0259 \u00fczr\u0259 bax\u0131lm\u0131\u015f ilk i\u015fl\u0259rd\u0259n olan presedent xarakterli i\u015fd\u0259 M\u0259hk\u0259m\u0259 izah etdi ki, bu kontekstd\u0259 &#8220;z\u0259ruri&#8221; ifad\u0259si &#8220;faydal\u0131&#8221;, &#8220;a\u011flabatan&#8221; v\u0259 ya &#8220;arzuolunan&#8221; ifad\u0259l\u0259rinin malik oldu\u011fu \u00e7ox\u00e7alarl\u0131l\u0131\u011fa malik deyil v\u0259 s\u00f6z\u00fcged\u0259n m\u00fcdaxil\u0259 \u00fc\u00e7\u00fcn &#8220;t\u0259xir\u0259sal\u0131nmaz ictimai t\u0259l\u0259bat\u0131n&#8221; m\u00f6vcud oldu\u011funu n\u0259z\u0259rd\u0259 tutur. T\u0259xir\u0259sal\u0131nmaz ictimai t\u0259l\u0259bat\u0131n m\u00f6vcud olub-olmad\u0131\u011f\u0131n\u0131 m\u00fc\u0259yy\u0259nl\u0259\u015fdirm\u0259k h\u0259r bir halda milli hakimiyy\u0259t orqanlar\u0131n\u0131n \u00fcz\u0259rin\u0259 d\u00fc\u015f\u00fcr v\u0259 m\u00fcvafiq olaraq, bu m\u0259s\u0259l\u0259d\u0259 onlara m\u00fc\u0259yy\u0259n qiym\u0259tl\u0259ndirm\u0259 s\u0259rb\u0259stliyi verilir. Amma bununla yana\u015f\u0131, onlar\u0131n q\u0259rarlar\u0131 \u00fcz\u0259rind\u0259 Avropa M\u0259hk\u0259m\u0259sinin n\u0259zar\u0259ti olur. Konvensiyada n\u0259z\u0259rd\u0259 tutulmu\u015f h\u00fcquqa t\u0259tbiq edil\u0259n m\u0259hdudiyy\u0259t, dig\u0259r \u015f\u0259rtl\u0259r\u0259 cavab verm\u0259kl\u0259 yana\u015f\u0131, h\u0259m d\u0259 qar\u015f\u0131ya qoyulan qanuni m\u0259qs\u0259d\u0259 m\u00fct\u0259nasib deyils\u0259, &#8220;demokratik c\u0259miyy\u0259td\u0259 z\u0259ruri&#8221; say\u0131la bilm\u0259z (bel\u0259 c\u0259miyy\u0259ti xarakteriz\u0259 ed\u0259n iki x\u00fcsusiyy\u0259t tolerantl\u0131q v\u0259 a\u00e7\u0131ql\u0131qd\u0131r) (Dadcen Birl\u0259\u015fmi\u015f Krall\u0131\u011fa qar\u015f\u0131, \u00a7\u00a7 51-53).<br \/>\nAvropa Konvensiyas\u0131n\u0131n 8-ci madd\u0259sinin m\u0259qs\u0259dl\u0259ri \u00fc\u00e7\u00fcn &#8220;z\u0259ruri&#8221; anlay\u0131\u015f\u0131 o dem\u0259kdir ki, m\u00fcdaxil\u0259 &#8220;t\u0259xir\u0259sal\u0131nmaz ictimai t\u0259l\u0259batdan&#8221; ir\u0259li g\u0259lm\u0259li v\u0259 x\u00fcsus\u0259n qar\u015f\u0131ya qoyulmu\u015f qanuni m\u0259qs\u0259d\u0259 m\u00fct\u0259nasib olmal\u0131d\u0131r. M\u00fcdaxil\u0259nin &#8220;z\u0259ruri&#8221; olub-olmad\u0131\u011f\u0131n\u0131 m\u00fc\u0259yy\u0259nl\u0259\u015fdir\u0259rk\u0259n M\u0259hk\u0259m\u0259 d\u00f6vl\u0259t hakimiyy\u0259ti orqanlar\u0131na verilm\u0259li olan qiym\u0259tl\u0259ndirm\u0259 s\u0259rb\u0259stliyinin h\u00fcdudlar\u0131n\u0131 n\u0259z\u0259rd\u0259n ke\u00e7irir, m\u00fcdaxil\u0259 \u00fc\u00e7\u00fcn \u0259sas t\u0259\u015fkil ed\u0259n &#8220;t\u0259xir\u0259sal\u0131nmaz ictimai t\u0259l\u0259bat\u0131n&#8221; m\u00f6vcudlu\u011funu s\u00fcbut etm\u0259k v\u0259zif\u0259si is\u0259 cavabdeh \u00fcz\u0259rin\u0259 d\u00fc\u015f\u00fcr (Pexovi\u00e7 Pol\u015faya qar\u015f\u0131, \u00a7 212).<br \/>\n\u00dcmumi z\u0259ruriliyi \u00fcz\u0259rind\u0259 parlament v\u0259 m\u0259hk\u0259m\u0259 n\u0259zar\u0259tinin keyfiyy\u0259ti x\u00fcsusi \u0259h\u0259miyy\u0259t k\u0259sb edir, bu s\u00f6zl\u0259r \u00fcmumi t\u0259dbirin y\u00fcng\u00fcll\u0259\u015fdirilm\u0259sinin do\u011fura bil\u0259c\u0259yi sui-istifad\u0259 riskinin qiym\u0259tl\u0259ndirilm\u0259sin\u0259 d\u0259 aiddir v\u0259 bu riskin qiym\u0259tl\u0259ndirilm\u0259si ilk n\u00f6vb\u0259d\u0259 d\u00f6vl\u0259tin \u00fcz\u0259rin\u0259 d\u00fc\u015f\u00fcr (&#8220;Beyn\u0259lxalq heyvan m\u00fcdafi\u0259\u00e7il\u0259ri&#8221; t\u0259\u015fkilat\u0131 Birl\u0259\u015fmi\u015f Krall\u0131\u011fa qar\u015f\u0131, \u00a7 108).<\/p>\n","protected":false},"excerpt":{"rendered":"<p>Avropa Konvensiyas\u0131n\u0131n 8-ci madd\u0259sind\u0259 n\u0259z\u0259rd\u0259 tutulmu\u015f h\u00fcquqa konkret m\u00fcdaxil\u0259nin &#8220;demokratik c\u0259miyy\u0259td\u0259 z\u0259ruri&#8221; olub-olmad\u0131\u011f\u0131n\u0131 m\u00fc\u0259yy\u0259n etm\u0259k \u00fc\u00e7\u00fcn M\u0259hk\u0259m\u0259 \u00fczv d\u00f6vl\u0259tin maraqlar\u0131n\u0131 \u0259riz\u0259\u00e7inin h\u00fcququ il\u0259 balansla\u015fd\u0131r\u0131r. 8-ci madd\u0259 \u00fczr\u0259 bax\u0131lm\u0131\u015f ilk i\u015fl\u0259rd\u0259n olan presedent xarakterli i\u015fd\u0259 M\u0259hk\u0259m\u0259 izah etdi ki, bu kontekstd\u0259 &#8220;z\u0259ruri&#8221; ifad\u0259si &#8220;faydal\u0131&#8221;, &#8220;a\u011flabatan&#8221; v\u0259 ya &#8220;arzuolunan&#8221; ifad\u0259l\u0259rinin malik oldu\u011fu \u00e7ox\u00e7alarl\u0131l\u0131\u011fa malik deyil v\u0259 s\u00f6z\u00fcged\u0259n m\u00fcdaxil\u0259 \u00fc\u00e7\u00fcn &#8220;t\u0259xir\u0259sal\u0131nmaz ictimai t\u0259l\u0259bat\u0131n&#8221; m\u00f6vcud oldu\u011funu n\u0259z\u0259rd\u0259 tutur. T\u0259xir\u0259sal\u0131nmaz ictimai t\u0259l\u0259bat\u0131n m\u00f6vcud olub-olmad\u0131\u011f\u0131n\u0131 m\u00fc\u0259yy\u0259nl\u0259\u015fdirm\u0259k h\u0259r bir halda milli hakimiyy\u0259t orqanlar\u0131n\u0131n \u00fcz\u0259rin\u0259 d\u00fc\u015f\u00fcr v\u0259 m\u00fcvafiq olaraq, bu m\u0259s\u0259l\u0259d\u0259 onlara m\u00fc\u0259yy\u0259n qiym\u0259tl\u0259ndirm\u0259 s\u0259rb\u0259stliyi verilir. Amma bununla&hellip;<\/p>\n","protected":false},"author":2,"featured_media":440276,"comment_status":"closed","ping_status":"closed","sticky":false,"template":"","format":"standard","meta":{"om_disable_all_campaigns":false,"_monsterinsights_skip_tracking":false,"_monsterinsights_sitenote_active":false,"_monsterinsights_sitenote_note":"","_monsterinsights_sitenote_category":0},"categories":[1],"tags":[],"aioseo_notices":[],"gutentor_comment":0,"rttpg_featured_image_url":{"full":["https:\/\/arantv.az\/wp-content\/uploads\/2022\/02\/96DCEwoVqxRL8l0YFizoNHFaju3PwFbv1TEf80Fz.jpg",2000,2000,false],"landscape":["https:\/\/arantv.az\/wp-content\/uploads\/2022\/02\/96DCEwoVqxRL8l0YFizoNHFaju3PwFbv1TEf80Fz.jpg",2000,2000,false],"portraits":["https:\/\/arantv.az\/wp-content\/uploads\/2022\/02\/96DCEwoVqxRL8l0YFizoNHFaju3PwFbv1TEf80Fz.jpg",2000,2000,false],"thumbnail":["https:\/\/arantv.az\/wp-content\/uploads\/2022\/02\/96DCEwoVqxRL8l0YFizoNHFaju3PwFbv1TEf80Fz-500x280.jpg",500,280,true],"medium":["https:\/\/arantv.az\/wp-content\/uploads\/2022\/02\/96DCEwoVqxRL8l0YFizoNHFaju3PwFbv1TEf80Fz-365x365.jpg",365,365,true],"large":["https:\/\/arantv.az\/wp-content\/uploads\/2022\/02\/96DCEwoVqxRL8l0YFizoNHFaju3PwFbv1TEf80Fz-840x840.jpg",640,640,true],"1536x1536":["https:\/\/arantv.az\/wp-content\/uploads\/2022\/02\/96DCEwoVqxRL8l0YFizoNHFaju3PwFbv1TEf80Fz-1536x1536.jpg",1536,1536,true],"2048x2048":["https:\/\/arantv.az\/wp-content\/uploads\/2022\/02\/96DCEwoVqxRL8l0YFizoNHFaju3PwFbv1TEf80Fz.jpg",2000,2000,false],"post-thumbnail":["https:\/\/arantv.az\/wp-content\/uploads\/2022\/02\/96DCEwoVqxRL8l0YFizoNHFaju3PwFbv1TEf80Fz-240x172.jpg",240,172,true],"advps-thumb-one":["https:\/\/arantv.az\/wp-content\/uploads\/2022\/02\/96DCEwoVqxRL8l0YFizoNHFaju3PwFbv1TEf80Fz-1200x620.jpg",1200,620,true]},"rttpg_author":{"display_name":"V\u00fcsal Rafiqo\u011flu","author_link":"https:\/\/arantv.az\/?author=2"},"rttpg_comment":0,"rttpg_category":"<a href=\"https:\/\/arantv.az\/?cat=1\" rel=\"category\">C\u0259miyy\u0259t<\/a>","rttpg_excerpt":"Avropa Konvensiyas\u0131n\u0131n 8-ci madd\u0259sind\u0259 n\u0259z\u0259rd\u0259 tutulmu\u015f h\u00fcquqa konkret m\u00fcdaxil\u0259nin &#8220;demokratik c\u0259miyy\u0259td\u0259 z\u0259ruri&#8221; olub-olmad\u0131\u011f\u0131n\u0131 m\u00fc\u0259yy\u0259n etm\u0259k \u00fc\u00e7\u00fcn M\u0259hk\u0259m\u0259 \u00fczv d\u00f6vl\u0259tin maraqlar\u0131n\u0131 \u0259riz\u0259\u00e7inin h\u00fcququ il\u0259 balansla\u015fd\u0131r\u0131r. 8-ci madd\u0259 \u00fczr\u0259 bax\u0131lm\u0131\u015f ilk i\u015fl\u0259rd\u0259n olan presedent xarakterli i\u015fd\u0259 M\u0259hk\u0259m\u0259 izah etdi ki, bu kontekstd\u0259 &#8220;z\u0259ruri&#8221; ifad\u0259si &#8220;faydal\u0131&#8221;, &#8220;a\u011flabatan&#8221; v\u0259 ya &#8220;arzuolunan&#8221; ifad\u0259l\u0259rinin malik oldu\u011fu \u00e7ox\u00e7alarl\u0131l\u0131\u011fa malik deyil v\u0259 s\u00f6z\u00fcged\u0259n&hellip;","_links":{"self":[{"href":"https:\/\/arantv.az\/index.php?rest_route=\/wp\/v2\/posts\/440275"}],"collection":[{"href":"https:\/\/arantv.az\/index.php?rest_route=\/wp\/v2\/posts"}],"about":[{"href":"https:\/\/arantv.az\/index.php?rest_route=\/wp\/v2\/types\/post"}],"author":[{"embeddable":true,"href":"https:\/\/arantv.az\/index.php?rest_route=\/wp\/v2\/users\/2"}],"replies":[{"embeddable":true,"href":"https:\/\/arantv.az\/index.php?rest_route=%2Fwp%2Fv2%2Fcomments&post=440275"}],"version-history":[{"count":0,"href":"https:\/\/arantv.az\/index.php?rest_route=\/wp\/v2\/posts\/440275\/revisions"}],"wp:featuredmedia":[{"embeddable":true,"href":"https:\/\/arantv.az\/index.php?rest_route=\/wp\/v2\/media\/440276"}],"wp:attachment":[{"href":"https:\/\/arantv.az\/index.php?rest_route=%2Fwp%2Fv2%2Fmedia&parent=440275"}],"wp:term":[{"taxonomy":"category","embeddable":true,"href":"https:\/\/arantv.az\/index.php?rest_route=%2Fwp%2Fv2%2Fcategories&post=440275"},{"taxonomy":"post_tag","embeddable":true,"href":"https:\/\/arantv.az\/index.php?rest_route=%2Fwp%2Fv2%2Ftags&post=440275"}],"curies":[{"name":"wp","href":"https:\/\/api.w.org\/{rel}","templated":true}]}}