{"id":440286,"date":"2022-02-17T15:14:17","date_gmt":"2022-02-17T12:14:17","guid":{"rendered":"http:\/\/arantv.az\/?p=440286"},"modified":"2022-02-17T15:14:17","modified_gmt":"2022-02-17T12:14:17","slug":"az%c9%99rbaycan-iranla-ucuslari-b%c9%99rpa-edir","status":"publish","type":"post","link":"https:\/\/arantv.az\/?p=440286","title":{"rendered":"Az\u0259rbaycan \u0130ranla u\u00e7u\u015flar\u0131 b\u0259rpa edir"},"content":{"rendered":"<p>Az\u0259rbaycan\u0131n a\u015fa\u011f\u0131b\u00fcdc\u0259li \u201cButa Airways\u201d avia\u015firk\u0259ti mart\u0131n 4-d\u0259n etibar\u0259n Bak\u0131 v\u0259 Tehran aras\u0131nda koronavirus pandemiyas\u0131 il\u0259 \u0259laq\u0259dar dayand\u0131r\u0131lm\u0131\u015f u\u00e7u\u015flar\u0131 b\u0259rpa edir.<\/p>\n<p>Bu bar\u0259d\u0259 \u201cButa Airways\u201d avia\u015firk\u0259tinin m\u0259tbuat xidm\u0259ti m\u0259lumat yay\u0131b.<\/p>\n<div class=\"AdviadNativeVideo\"><\/div>\n<p>Bildirilib ki, Heyd\u0259r \u018fliyev Beyn\u0259lxalq Aeroportundan Tehran hava liman\u0131na v\u0259 \u0259ks istiqam\u0259td\u0259 x\u00fcsusi reysl\u0259r h\u0259ft\u0259d\u0259 bir d\u0259f\u0259 &#8211; c\u00fcm\u0259 g\u00fcnl\u0259ri yerin\u0259 yetiril\u0259c\u0259k.<\/p>\n<p>H\u0259min u\u00e7u\u015flara biletl\u0259ri avia\u015firk\u0259tin r\u0259smi sayt\u0131ndan (\u201cB\u00fcdc\u0259\u201d, \u201cStandart\u201d v\u0259 \u201cSuper\u201d tarifl\u0259ri \u00fczr\u0259), h\u0259m\u00e7inin avia\u015firk\u0259tin akkredit\u0259 olunmu\u015f agentlikl\u0259rind\u0259n (yaln\u0131z \u201cSuper\u201d tarifi \u00fczr\u0259) \u0259ld\u0259 ed\u0259 bil\u0259rsiniz.<\/p>\n<p>Biletl\u0259rin d\u0259y\u0259ri 29 avrodan ba\u015flay\u0131r.<\/p>\n<p>Pandemiya d\u00f6vr\u00fcnd\u0259 qeyd edil\u0259n reysl\u0259r\u0259 h\u0259m gedi\u015f, h\u0259m g\u0259li\u015f zaman\u0131 Heyd\u0259r \u018fliyev Beyn\u0259lxalq Aeroportunun 1-ci Terminal\u0131nda xidm\u0259t g\u00f6st\u0259rilir.<\/p>\n<p>Da\u015f\u0131maya yaln\u0131z m\u00f6vcud epidemioloji m\u0259hdudiyy\u0259tl\u0259r \u015f\u0259raitind\u0259 u\u00e7u\u015f icaz\u0259si olan s\u0259rni\u015finl\u0259r kateqoriyas\u0131 q\u0259bul olunacaq.<\/p>\n<p>\u0130rana s\u0259f\u0259r etm\u0259yi planla\u015fd\u0131ran Az\u0259rbaycan v\u0259t\u0259nda\u015flar\u0131n\u0131n bu \u00f6lk\u0259nin \u0259razisin\u0259 giri\u015f h\u00fcququ olmal\u0131d\u0131r. Pandemiya d\u00f6vr\u00fcnd\u0259 \u0130ran \u0259razisin\u0259 giri\u015f qaydalar\u0131 avia\u015firk\u0259tin sayt\u0131nda qeyd edilib:\u00a0<a href=\"https:\/\/www.butaairways.az\/az\/covid\/iran\" target=\"_blank\" rel=\"noopener\">https:\/\/www.butaairways.az\/az\/covid\/iran<\/a><\/p>\n<p>Az\u0259rbaycanda COVID-19 \u00fc\u00e7\u00fcn test veril\u0259 bil\u0259n klinikalar\u0131n siyah\u0131s\u0131 avia\u015firk\u0259tin sayt\u0131nda qeyd edilib:\u00a0<a href=\"https:\/\/www.butaairways.az\/az\/covid\/clinics\" target=\"_blank\" rel=\"noopener\">https:\/\/www.butaairways.az\/az\/covid\/clinics<\/a><\/p>\n<p>Az\u0259rbaycan v\u0259t\u0259nda\u015flar\u0131 \u0130randan V\u0259t\u0259n\u0259 u\u00e7u\u015f zaman\u0131 COVID-19-a dair PCR-testind\u0259n ke\u00e7m\u0259lidirl\u0259r.<\/p>\n<p>\u0130ran v\u0259t\u0259nda\u015flar\u0131 Az\u0259rbaycan \u0259razisin\u0259 giri\u015f zaman\u0131 COVID-19-a qar\u015f\u0131 peyv\u0259ndl\u0259nm\u0259nin tam kursunu t\u0259sdiq ed\u0259n etibarl\u0131 s\u0259n\u0259d t\u0259qdim etm\u0259li, h\u0259m\u00e7inin koronavirus infeksiyas\u0131na dair PCR-testind\u0259n ke\u00e7m\u0259lidirl\u0259r.<\/p>\n<p>\u0130randan s\u0259f\u0259r ed\u0259n s\u0259rni\u015finl\u0259r\u0259 PCR-testin m\u0259nfi n\u0259tic\u0259si bar\u0259d\u0259 aray\u0131\u015fda onun h\u0259qiqiliyini t\u0259sdiq ed\u0259n QR-kodun olmas\u0131 t\u00f6vsiy\u0259 edilir. Bel\u0259 kodun m\u00f6vcudlu\u011fu hava liman\u0131nda r\u0259smiyy\u0259t prosedurlar\u0131ndan daha s\u00fcr\u0259tli ke\u00e7m\u0259y\u0259 k\u00f6m\u0259k ed\u0259c\u0259kdir.<\/p>\n<p>COVID-19 testinin n\u0259tic\u0259si u\u00e7u\u015fdan \u0259vv\u0259l 72 saat \u0259rzind\u0259 etibarl\u0131 olmal\u0131d\u0131r.<\/p>\n","protected":false},"excerpt":{"rendered":"<p>Az\u0259rbaycan\u0131n a\u015fa\u011f\u0131b\u00fcdc\u0259li \u201cButa Airways\u201d avia\u015firk\u0259ti mart\u0131n 4-d\u0259n etibar\u0259n Bak\u0131 v\u0259 Tehran aras\u0131nda koronavirus pandemiyas\u0131 il\u0259 \u0259laq\u0259dar dayand\u0131r\u0131lm\u0131\u015f u\u00e7u\u015flar\u0131 b\u0259rpa edir. Bu bar\u0259d\u0259 \u201cButa Airways\u201d avia\u015firk\u0259tinin m\u0259tbuat xidm\u0259ti m\u0259lumat yay\u0131b. Bildirilib ki, Heyd\u0259r \u018fliyev Beyn\u0259lxalq Aeroportundan Tehran hava liman\u0131na v\u0259 \u0259ks istiqam\u0259td\u0259 x\u00fcsusi reysl\u0259r h\u0259ft\u0259d\u0259 bir d\u0259f\u0259 &#8211; c\u00fcm\u0259 g\u00fcnl\u0259ri yerin\u0259 yetiril\u0259c\u0259k. H\u0259min u\u00e7u\u015flara biletl\u0259ri avia\u015firk\u0259tin r\u0259smi sayt\u0131ndan (\u201cB\u00fcdc\u0259\u201d, \u201cStandart\u201d v\u0259 \u201cSuper\u201d tarifl\u0259ri \u00fczr\u0259), h\u0259m\u00e7inin avia\u015firk\u0259tin akkredit\u0259 olunmu\u015f agentlikl\u0259rind\u0259n (yaln\u0131z \u201cSuper\u201d tarifi \u00fczr\u0259) \u0259ld\u0259 ed\u0259 bil\u0259rsiniz. Biletl\u0259rin d\u0259y\u0259ri 29 avrodan ba\u015flay\u0131r. Pandemiya d\u00f6vr\u00fcnd\u0259 qeyd edil\u0259n reysl\u0259r\u0259 h\u0259m gedi\u015f, h\u0259m g\u0259li\u015f zaman\u0131&hellip;<\/p>\n","protected":false},"author":2,"featured_media":440287,"comment_status":"closed","ping_status":"closed","sticky":false,"template":"","format":"standard","meta":{"om_disable_all_campaigns":false,"_monsterinsights_skip_tracking":false,"_monsterinsights_sitenote_active":false,"_monsterinsights_sitenote_note":"","_monsterinsights_sitenote_category":0},"categories":[1],"tags":[],"aioseo_notices":[],"gutentor_comment":0,"rttpg_featured_image_url":{"full":["https:\/\/arantv.az\/wp-content\/uploads\/2022\/02\/274070135_1078140292752913_4204649996780341851_n.jpg",620,413,false],"landscape":["https:\/\/arantv.az\/wp-content\/uploads\/2022\/02\/274070135_1078140292752913_4204649996780341851_n.jpg",620,413,false],"portraits":["https:\/\/arantv.az\/wp-content\/uploads\/2022\/02\/274070135_1078140292752913_4204649996780341851_n.jpg",620,413,false],"thumbnail":["https:\/\/arantv.az\/wp-content\/uploads\/2022\/02\/274070135_1078140292752913_4204649996780341851_n-500x280.jpg",500,280,true],"medium":["https:\/\/arantv.az\/wp-content\/uploads\/2022\/02\/274070135_1078140292752913_4204649996780341851_n-548x365.jpg",548,365,true],"large":["https:\/\/arantv.az\/wp-content\/uploads\/2022\/02\/274070135_1078140292752913_4204649996780341851_n.jpg",620,413,false],"1536x1536":["https:\/\/arantv.az\/wp-content\/uploads\/2022\/02\/274070135_1078140292752913_4204649996780341851_n.jpg",620,413,false],"2048x2048":["https:\/\/arantv.az\/wp-content\/uploads\/2022\/02\/274070135_1078140292752913_4204649996780341851_n.jpg",620,413,false],"post-thumbnail":["https:\/\/arantv.az\/wp-content\/uploads\/2022\/02\/274070135_1078140292752913_4204649996780341851_n-240x172.jpg",240,172,true],"advps-thumb-one":["https:\/\/arantv.az\/wp-content\/uploads\/2022\/02\/274070135_1078140292752913_4204649996780341851_n.jpg",620,413,false]},"rttpg_author":{"display_name":"V\u00fcsal Rafiqo\u011flu","author_link":"https:\/\/arantv.az\/?author=2"},"rttpg_comment":0,"rttpg_category":"<a href=\"https:\/\/arantv.az\/?cat=1\" rel=\"category\">C\u0259miyy\u0259t<\/a>","rttpg_excerpt":"Az\u0259rbaycan\u0131n a\u015fa\u011f\u0131b\u00fcdc\u0259li \u201cButa Airways\u201d avia\u015firk\u0259ti mart\u0131n 4-d\u0259n etibar\u0259n Bak\u0131 v\u0259 Tehran aras\u0131nda koronavirus pandemiyas\u0131 il\u0259 \u0259laq\u0259dar dayand\u0131r\u0131lm\u0131\u015f u\u00e7u\u015flar\u0131 b\u0259rpa edir. Bu bar\u0259d\u0259 \u201cButa Airways\u201d avia\u015firk\u0259tinin m\u0259tbuat xidm\u0259ti m\u0259lumat yay\u0131b. Bildirilib ki, Heyd\u0259r \u018fliyev Beyn\u0259lxalq Aeroportundan Tehran hava liman\u0131na v\u0259 \u0259ks istiqam\u0259td\u0259 x\u00fcsusi reysl\u0259r h\u0259ft\u0259d\u0259 bir d\u0259f\u0259 &#8211; c\u00fcm\u0259 g\u00fcnl\u0259ri yerin\u0259 yetiril\u0259c\u0259k. H\u0259min u\u00e7u\u015flara biletl\u0259ri avia\u015firk\u0259tin&hellip;","_links":{"self":[{"href":"https:\/\/arantv.az\/index.php?rest_route=\/wp\/v2\/posts\/440286"}],"collection":[{"href":"https:\/\/arantv.az\/index.php?rest_route=\/wp\/v2\/posts"}],"about":[{"href":"https:\/\/arantv.az\/index.php?rest_route=\/wp\/v2\/types\/post"}],"author":[{"embeddable":true,"href":"https:\/\/arantv.az\/index.php?rest_route=\/wp\/v2\/users\/2"}],"replies":[{"embeddable":true,"href":"https:\/\/arantv.az\/index.php?rest_route=%2Fwp%2Fv2%2Fcomments&post=440286"}],"version-history":[{"count":0,"href":"https:\/\/arantv.az\/index.php?rest_route=\/wp\/v2\/posts\/440286\/revisions"}],"wp:featuredmedia":[{"embeddable":true,"href":"https:\/\/arantv.az\/index.php?rest_route=\/wp\/v2\/media\/440287"}],"wp:attachment":[{"href":"https:\/\/arantv.az\/index.php?rest_route=%2Fwp%2Fv2%2Fmedia&parent=440286"}],"wp:term":[{"taxonomy":"category","embeddable":true,"href":"https:\/\/arantv.az\/index.php?rest_route=%2Fwp%2Fv2%2Fcategories&post=440286"},{"taxonomy":"post_tag","embeddable":true,"href":"https:\/\/arantv.az\/index.php?rest_route=%2Fwp%2Fv2%2Ftags&post=440286"}],"curies":[{"name":"wp","href":"https:\/\/api.w.org\/{rel}","templated":true}]}}