{"id":440302,"date":"2022-02-17T15:37:46","date_gmt":"2022-02-17T12:37:46","guid":{"rendered":"http:\/\/arantv.az\/?p=440302"},"modified":"2022-02-17T15:37:46","modified_gmt":"2022-02-17T12:37:46","slug":"anar-rzayev-tir-la-yolu-baglayan-s%c9%99xs-haqqinda-h%c9%99min-sahibkarla-ozum-gorusmus%c9%99m","status":"publish","type":"post","link":"https:\/\/arantv.az\/?p=440302","title":{"rendered":"Anar Rzayev TIR-la yolu ba\u011flayan \u015f\u0259xs haqq\u0131nda: \u201cH\u0259min sahibkarla \u00f6z\u00fcm g\u00f6r\u00fc\u015fm\u00fc\u015f\u0259m\u201d"},"content":{"rendered":"<p>\u201cBu g\u00fcn m\u00fczakir\u0259 etdiyimiz m\u00f6vzu bir da\u015f\u0131y\u0131c\u0131n\u0131n naraz\u0131l\u0131\u011f\u0131d\u0131r. Bu naraz\u0131l\u0131\u011f\u0131\u00a0ictimail\u0259\u015fdirm\u0259zd\u0259n qabaq da onun etirazlar\u0131 dinl\u0259nilmi\u015fdi. Ki\u00e7ik bir da\u015f\u0131y\u0131c\u0131n\u0131n pay\u0131n\u0131n b\u00f6y\u00fck da\u015f\u0131y\u0131c\u0131n\u0131n pay\u0131ndan \u00e7ox olmas\u0131 \u0259dal\u0259tli olmaz\u201d.<\/p>\n<div class=\"AdviadNativeVideo\"><\/div>\n<p><b>ARANTV.AZ <\/b>x\u0259b\u0259r verir ki, bunu D\u00f6vl\u0259t Avtomobil N\u0259qliyyat\u0131 Xidm\u0259tinin (DANX) \u0130dar\u0259 Hey\u0259tinin s\u0259dri Anar Rzayev \u0130TV-nin efirind\u0259 yay\u0131mlanan \u201cDiqq\u0259t M\u0259rk\u0259zi\u201d proqram\u0131nda yay\u0131lan s\u00f6z-s\u00f6hb\u0259tl\u0259r\u0259 ayd\u0131nl\u0131q g\u0259tir\u0259rk\u0259n deyib.<\/p>\n<p>O bildirib ki, h\u0259min sahibkarla \u015f\u0259xs\u0259n \u00f6z\u00fc d\u0259 g\u00f6r\u00fc\u015f\u00fcb:<\/p>\n<p>\u201cM\u0259n onunla g\u00f6r\u00fc\u015fd\u00fcy\u00fcm kimi dig\u0259r sahibkarlarla da g\u00f6r\u00fc\u015fm\u00fc\u015f\u0259m, izahatlar vermi\u015f\u0259m. Onlara b\u00f6lg\u00fc sisteminin nec\u0259 olaca\u011f\u0131 il\u0259 ba\u011fl\u0131 m\u0259lumat vermi\u015fik. Bunun \u00e7ox t\u0259f\u0259rr\u00fcat\u0131na getm\u0259k ist\u0259mir\u0259m. Bel\u0259 deyim ki, defisit olan icaz\u0259l\u0259ri, m\u00f6vcud olan y\u00fckl\u0259nmi\u015f y\u00fck\u00fcn qar\u015f\u0131s\u0131nda ver\u0259k. Y\u0259ni, g\u00f6mr\u00fck t\u0259r\u0259find\u0259n r\u0259smil\u0259\u015fdirilmi\u015f s\u0259n\u0259di t\u0259qdim ed\u0259n n\u0259qliyyat vasit\u0259sinin\u00a0h\u0259min d\u0259qiq\u0259 n\u00f6mr\u0259si yaz\u0131l\u0131r v\u0259 icaz\u0259si verilir. Haz\u0131rda da icaz\u0259l\u0259r bu formada h\u0259yata ke\u00e7irilir. Biz da\u015f\u0131y\u0131c\u0131lar\u0131 da m\u0259lumatland\u0131r\u0131r\u0131q.<\/p>\n<p>Dig\u0259r b\u00f6lg\u00fc \u00fcsulu bazar pay\u0131na uy\u011fun olaraq h\u0259yata ke\u00e7irilir. B\u00f6y\u00fck v\u0259 ki\u00e7ik da\u015f\u0131y\u0131c\u0131lar var. Ayd\u0131n m\u0259s\u0259l\u0259dir ki, b\u00f6y\u00fck da\u015f\u0131y\u0131c\u0131lar\u0131n pay\u0131 nisb\u0259t\u0259n daha b\u00f6y\u00fck olmal\u0131d\u0131r. S\u00f6hb\u0259t burada faizd\u0259n gedir, saydan yox. Bu mexanizm qurulub, da\u015f\u0131y\u0131c\u0131lar da bundan raz\u0131d\u0131r. H\u0259r k\u0259s d\u0259 bu icaz\u0259l\u0259rd\u0259n ist\u0259yir. Amma ham\u0131 bilir ki, bu icaz\u0259l\u0259r h\u0259r k\u0259s\u0259 m\u00fc\u0259yy\u0259n bir pay kimi \u00e7atmal\u0131d\u0131r. El\u0259 bir \u015fey yoxdur ki, kim\u0259s\u0259 he\u00e7 n\u0259 \u00e7atmas\u0131n, kim\u0259s\u0259 \u00e7ox \u00e7ats\u0131n. H\u0259r k\u0259s d\u0259 bununla raz\u0131la\u015f\u0131r v\u0259 \u00f6z pay\u0131n\u0131 g\u00f6t\u00fcr\u00fcr. Bu da\u015f\u0131y\u0131c\u0131ya da eyni qaydada pay verilib, m\u0259n\u00a0\u015f\u0259xs\u0259n oktyabr ay\u0131nda da\u015f\u0131y\u0131c\u0131 il\u0259 g\u00f6r\u00fc\u015f\u00fcb, izah etmi\u015f\u0259m. Da\u015f\u0131y\u0131c\u0131 t\u0259r\u0259find\u0259n h\u0259min vaxt biz\u0259 t\u0259qdim edil\u0259n s\u0259n\u0259dl\u0259rin tam reall\u0131\u011f\u0131 \u0259ks etdirm\u0259m\u0259si a\u015fkarlan\u0131b. Bir ne\u00e7\u0259 ay davam ed\u0259n m\u00fczakir\u0259l\u0259rd\u0259n sonra n\u0259hay\u0259t da\u015f\u0131y\u0131c\u0131 raz\u0131la\u015fd\u0131 ki, s\u0259n\u0259dl\u0259r tam reall\u0131\u011f\u0131 \u0259ks etdirmir. Ona da izah verildi. Bildiyim q\u0259d\u0259r bu da\u015f\u0131y\u0131c\u0131n\u0131n 30-a yax\u0131n avtomobili var. Ki\u00e7ik bir da\u015f\u0131y\u0131c\u0131n\u0131n pay\u0131n\u0131\u00a0150-200 ma\u015f\u0131n\u0131 olan b\u00f6y\u00fck da\u015f\u0131y\u0131c\u0131n\u0131n pay\u0131ndan \u00e7ox etm\u0259k\u00a0\u0259dal\u0259tli olmaz. Daha \u00e7ox pay ist\u0259yir, amma biz bu pay\u0131 ona verm\u0259k \u00fc\u00e7\u00fcn dig\u0259r da\u015f\u0131y\u0131c\u0131lar\u0131n pay\u0131ndan g\u00f6t\u00fcrm\u0259liyik. Bu halda \u0259dal\u0259tli b\u00f6lg\u00fc pozulur, bu is\u0259\u00a0dig\u0259r da\u015f\u0131y\u0131c\u0131lar\u0131n ciddi naraz\u0131l\u0131\u011f\u0131na s\u0259b\u0259b ola bil\u0259r\u201d.<\/p>\n","protected":false},"excerpt":{"rendered":"<p>\u201cBu g\u00fcn m\u00fczakir\u0259 etdiyimiz m\u00f6vzu bir da\u015f\u0131y\u0131c\u0131n\u0131n naraz\u0131l\u0131\u011f\u0131d\u0131r. Bu naraz\u0131l\u0131\u011f\u0131\u00a0ictimail\u0259\u015fdirm\u0259zd\u0259n qabaq da onun etirazlar\u0131 dinl\u0259nilmi\u015fdi. Ki\u00e7ik bir da\u015f\u0131y\u0131c\u0131n\u0131n pay\u0131n\u0131n b\u00f6y\u00fck da\u015f\u0131y\u0131c\u0131n\u0131n pay\u0131ndan \u00e7ox olmas\u0131 \u0259dal\u0259tli olmaz\u201d. ARANTV.AZ x\u0259b\u0259r verir ki, bunu D\u00f6vl\u0259t Avtomobil N\u0259qliyyat\u0131 Xidm\u0259tinin (DANX) \u0130dar\u0259 Hey\u0259tinin s\u0259dri Anar Rzayev \u0130TV-nin efirind\u0259 yay\u0131mlanan \u201cDiqq\u0259t M\u0259rk\u0259zi\u201d proqram\u0131nda yay\u0131lan s\u00f6z-s\u00f6hb\u0259tl\u0259r\u0259 ayd\u0131nl\u0131q g\u0259tir\u0259rk\u0259n deyib. O bildirib ki, h\u0259min sahibkarla \u015f\u0259xs\u0259n \u00f6z\u00fc d\u0259 g\u00f6r\u00fc\u015f\u00fcb: \u201cM\u0259n onunla g\u00f6r\u00fc\u015fd\u00fcy\u00fcm kimi dig\u0259r sahibkarlarla da g\u00f6r\u00fc\u015fm\u00fc\u015f\u0259m, izahatlar vermi\u015f\u0259m. Onlara b\u00f6lg\u00fc sisteminin nec\u0259 olaca\u011f\u0131 il\u0259 ba\u011fl\u0131 m\u0259lumat vermi\u015fik. Bunun \u00e7ox t\u0259f\u0259rr\u00fcat\u0131na getm\u0259k ist\u0259mir\u0259m. Bel\u0259 deyim ki, defisit olan&hellip;<\/p>\n","protected":false},"author":2,"featured_media":440303,"comment_status":"closed","ping_status":"closed","sticky":false,"template":"","format":"standard","meta":{"om_disable_all_campaigns":false,"_monsterinsights_skip_tracking":false,"_monsterinsights_sitenote_active":false,"_monsterinsights_sitenote_note":"","_monsterinsights_sitenote_category":0},"categories":[1],"tags":[],"aioseo_notices":[],"gutentor_comment":0,"rttpg_featured_image_url":{"full":["https:\/\/arantv.az\/wp-content\/uploads\/2022\/02\/FotoJet-8-12.jpg",620,413,false],"landscape":["https:\/\/arantv.az\/wp-content\/uploads\/2022\/02\/FotoJet-8-12.jpg",620,413,false],"portraits":["https:\/\/arantv.az\/wp-content\/uploads\/2022\/02\/FotoJet-8-12.jpg",620,413,false],"thumbnail":["https:\/\/arantv.az\/wp-content\/uploads\/2022\/02\/FotoJet-8-12-500x280.jpg",500,280,true],"medium":["https:\/\/arantv.az\/wp-content\/uploads\/2022\/02\/FotoJet-8-12-548x365.jpg",548,365,true],"large":["https:\/\/arantv.az\/wp-content\/uploads\/2022\/02\/FotoJet-8-12.jpg",620,413,false],"1536x1536":["https:\/\/arantv.az\/wp-content\/uploads\/2022\/02\/FotoJet-8-12.jpg",620,413,false],"2048x2048":["https:\/\/arantv.az\/wp-content\/uploads\/2022\/02\/FotoJet-8-12.jpg",620,413,false],"post-thumbnail":["https:\/\/arantv.az\/wp-content\/uploads\/2022\/02\/FotoJet-8-12-240x172.jpg",240,172,true],"advps-thumb-one":["https:\/\/arantv.az\/wp-content\/uploads\/2022\/02\/FotoJet-8-12.jpg",620,413,false]},"rttpg_author":{"display_name":"V\u00fcsal Rafiqo\u011flu","author_link":"https:\/\/arantv.az\/?author=2"},"rttpg_comment":0,"rttpg_category":"<a href=\"https:\/\/arantv.az\/?cat=1\" rel=\"category\">C\u0259miyy\u0259t<\/a>","rttpg_excerpt":"\u201cBu g\u00fcn m\u00fczakir\u0259 etdiyimiz m\u00f6vzu bir da\u015f\u0131y\u0131c\u0131n\u0131n naraz\u0131l\u0131\u011f\u0131d\u0131r. Bu naraz\u0131l\u0131\u011f\u0131\u00a0ictimail\u0259\u015fdirm\u0259zd\u0259n qabaq da onun etirazlar\u0131 dinl\u0259nilmi\u015fdi. Ki\u00e7ik bir da\u015f\u0131y\u0131c\u0131n\u0131n pay\u0131n\u0131n b\u00f6y\u00fck da\u015f\u0131y\u0131c\u0131n\u0131n pay\u0131ndan \u00e7ox olmas\u0131 \u0259dal\u0259tli olmaz\u201d. ARANTV.AZ x\u0259b\u0259r verir ki, bunu D\u00f6vl\u0259t Avtomobil N\u0259qliyyat\u0131 Xidm\u0259tinin (DANX) \u0130dar\u0259 Hey\u0259tinin s\u0259dri Anar Rzayev \u0130TV-nin efirind\u0259 yay\u0131mlanan \u201cDiqq\u0259t M\u0259rk\u0259zi\u201d proqram\u0131nda yay\u0131lan s\u00f6z-s\u00f6hb\u0259tl\u0259r\u0259 ayd\u0131nl\u0131q g\u0259tir\u0259rk\u0259n deyib. O bildirib ki,&hellip;","_links":{"self":[{"href":"https:\/\/arantv.az\/index.php?rest_route=\/wp\/v2\/posts\/440302"}],"collection":[{"href":"https:\/\/arantv.az\/index.php?rest_route=\/wp\/v2\/posts"}],"about":[{"href":"https:\/\/arantv.az\/index.php?rest_route=\/wp\/v2\/types\/post"}],"author":[{"embeddable":true,"href":"https:\/\/arantv.az\/index.php?rest_route=\/wp\/v2\/users\/2"}],"replies":[{"embeddable":true,"href":"https:\/\/arantv.az\/index.php?rest_route=%2Fwp%2Fv2%2Fcomments&post=440302"}],"version-history":[{"count":0,"href":"https:\/\/arantv.az\/index.php?rest_route=\/wp\/v2\/posts\/440302\/revisions"}],"wp:featuredmedia":[{"embeddable":true,"href":"https:\/\/arantv.az\/index.php?rest_route=\/wp\/v2\/media\/440303"}],"wp:attachment":[{"href":"https:\/\/arantv.az\/index.php?rest_route=%2Fwp%2Fv2%2Fmedia&parent=440302"}],"wp:term":[{"taxonomy":"category","embeddable":true,"href":"https:\/\/arantv.az\/index.php?rest_route=%2Fwp%2Fv2%2Fcategories&post=440302"},{"taxonomy":"post_tag","embeddable":true,"href":"https:\/\/arantv.az\/index.php?rest_route=%2Fwp%2Fv2%2Ftags&post=440302"}],"curies":[{"name":"wp","href":"https:\/\/api.w.org\/{rel}","templated":true}]}}