{"id":440305,"date":"2022-02-17T15:38:45","date_gmt":"2022-02-17T12:38:45","guid":{"rendered":"http:\/\/arantv.az\/?p=440305"},"modified":"2022-02-17T15:38:45","modified_gmt":"2022-02-17T12:38:45","slug":"xeyirxah-v%c9%99-muq%c9%99dd%c9%99s-missiya-sahibi","status":"publish","type":"post","link":"https:\/\/arantv.az\/?p=440305","title":{"rendered":"Xeyirxah v\u0259 m\u00fcq\u0259dd\u0259s missiya sahibi"},"content":{"rendered":"<p><img src=\"https:\/\/ikisahil.az\/upload\/\/2022\/02\/17\/\/-1340351816450986624484472291079347.jpg\" alt=\"\" \/><\/p>\n<p><strong>Elbrus Quliyev,<\/strong><\/p>\n<p><em>D\u00f6vl\u0259t Statistika Komit\u0259si Birl\u0259\u015fmi\u015f H\u0259mkarlar \u0130ttifaq\u0131 Komit\u0259sinin s\u0259dri<\/em><\/p>\n<p>Tarix s\u0259rv\u0259tdir, milli irsdir, onu yaradan, ya\u015fadan is\u0259 \u015f\u0259xsiyy\u0259tl\u0259rdir. Bu m\u0259nada q\u00fcrur hissi il\u0259 qeyd etm\u0259k olar ki, \u015e\u0259rq xalqlar\u0131 b\u0259\u015f\u0259r sivilizasiyas\u0131na, onun m\u0259d\u0259ni miras\u0131na m\u00fch\u00fcm t\u00f6hf\u0259l\u0259r ver\u0259n tarixi \u015f\u0259xsiyy\u0259tl\u0259r yeti\u015fdiribl\u0259r. El\u0259 h\u0259min \u015f\u0259xsl\u0259r d\u0259 yeni tarix yazaraq tarixin yadda\u015f\u0131na \u0259b\u0259di h\u0259kk olunublar, milli y\u00fcks\u0259li\u015f\u0259, t\u0259r\u0259qqiy\u0259, intibaha aparan yolda silinm\u0259z izl\u0259r burax\u0131blar. Tanr\u0131 uzun ill\u0259r \u2013 tarix boyu m\u00fcxt\u0259lif istilalara, i\u015f\u011fallara, assimilyasiya c\u0259hdl\u0259rin\u0259 m\u0259ruz qalan Az\u0259rbaycan xalq\u0131na da bu xo\u015fb\u0259xtliyi b\u0259x\u015f edib. Xo\u015fb\u0259xtliyimiz ondad\u0131r ki, xalq\u0131m\u0131z\u0131n parlaq simalar\u0131n\u0131n \u2013 \u015f\u0259xsiyy\u0259tl\u0259rinin \u00e7iyinl\u0259ri \u00fcz\u0259rind\u0259 intibah zirv\u0259sin\u0259 ucalan Az\u0259rbaycan \u00f6z \u00f6vladlar\u0131 il\u0259 ali m\u0259qama yeti\u015fib, \u00f6z\u00fcn\u00fcn ali d\u0259y\u0259rl\u0259rini \u2013 milli v\u0259 b\u0259\u015f\u0259ri \u0259n\u0259n\u0259l\u0259rini ya\u015fad\u0131b. Az\u0259rbaycan adl\u0131 m\u0259ml\u0259k\u0259tin m\u00fcst\u0259qillik d\u00f6vr\u00fc is\u0259 bu bax\u0131mdan b\u0259nz\u0259rsiz n\u00fcmun\u0259l\u0259rl\u0259 z\u0259ngindir.<\/p>\n<p>M\u00fcst\u0259qil Az\u0259rbaycan bizim milli-siyasi s\u0259rv\u0259timizdir. Bu s\u0259rv\u0259ti is\u0259 unikal d\u0259y\u0259rl\u0259rimiz olan tarixi \u015f\u0259xsiyy\u0259tl\u0259rimiz say\u0259sind\u0259 yaratm\u0131\u015f\u0131q, qorumu\u015fuq v\u0259 qoruyuruq. M\u00fcbahis\u0259siz q\u0259bul edil\u0259n fikir var: m\u00fcasir m\u00fcst\u0259qil Az\u0259rbaycan \u00fcmummilli lider Heyd\u0259r \u018fliyevin \u015fah \u0259s\u0259ridir. B\u0259li, bu, h\u0259qiq\u0259t\u0259n bel\u0259dir. Bu m\u00fcst\u0259qillik yolunda qazand\u0131\u011f\u0131m\u0131z misilsiz u\u011furlar Heyd\u0259r \u018fliyevin ad\u0131, f\u0259aliyy\u0259ti, irsi v\u0259 ideyalar\u0131 il\u0259 ba\u011fl\u0131d\u0131r. H\u0259m\u00e7inin Az\u0259rbaycan\u0131 y\u00fcks\u0259ld\u0259n, z\u0259nginl\u0259\u015fdir\u0259n, g\u00fccl\u0259ndir\u0259n amil \u00dcmummilli Liderin \u0259v\u0259zsiz miras\u0131d\u0131r. Miras is\u0259 layiqli varis say\u0259sind\u0259 ya\u015fay\u0131r v\u0259 ya\u015fad\u0131l\u0131r. O, g\u00fccl\u00fc, q\u0259tiyy\u0259tli Lider, v\u0259t\u0259np\u0259rv\u0259r \u015f\u0259xsiyy\u0259t, layiqli siyas\u0259t\u00e7i v\u0259 m\u00fcdrik d\u00f6vl\u0259t xadimi c\u0259nab \u0130lham \u018fliyevdir. Az\u0259rbaycan\u0131n Lideri t\u0259kc\u0259 milli inki\u015faf modelinin m\u00fc\u0259llifi deyil, h\u0259m d\u0259 son 2 \u0259srd\u0259 ilk d\u0259f\u0259 torpaqlar\u0131m\u0131z\u0131 i\u015f\u011faldan azad etmi\u015f yenilm\u0259z S\u0259rk\u0259rd\u0259 &#8211; M\u00fcz\u0259ff\u0259r Ali Ba\u015f Komandand\u0131r. C\u0259nab \u0130lham \u018fliyev Ulu \u00d6nd\u0259rin m\u00fcasir simas\u0131d\u0131r. Prezident \u0130lham \u018fliyevin xo\u015fb\u0259xtliyi t\u0259kc\u0259 g\u00fccl\u00fc v\u0259 n\u00fcfuzlu Az\u0259rbaycan h\u0259d\u0259fin\u0259 \u00e7atmaqda, milyonlar\u0131n sevgisini, r\u0259\u011fb\u0259tini qazanmaqda deyil, h\u0259m d\u0259 Mehriban \u018fliyeva kimi Heyd\u0259r \u018fliyev ideyalar\u0131n\u0131n v\u0259 milli-m\u0259n\u0259vi d\u0259y\u0259rl\u0259rin da\u015f\u0131y\u0131c\u0131s\u0131 olan \u00f6m\u00fcr-g\u00fcn yolda\u015f\u0131na, b\u00f6y\u00fck daya\u011fa v\u0259 silahda\u015fa sahib olmas\u0131ndad\u0131r.<\/p>\n<p>Yaz\u0131lar\u0131m\u0131n birind\u0259 Mehriban xan\u0131m \u018fliyevan\u0131n \u0259slind\u0259n-n\u0259slind\u0259n, \u015f\u0259c\u0259r\u0259sind\u0259n b\u0259hs ed\u0259r\u0259k onu Az\u0259rbaycan\u0131n qeyr\u0259t simvolu adland\u0131rm\u0131\u015fd\u0131m. O, \u018fm\u0259kdar elm xadimi N\u0259sir \u0130manquliyevin n\u0259v\u0259si, d\u0259y\u0259rli alim Aida \u0130manquliyevan\u0131n \u00f6vlad\u0131 kimi b\u00f6y\u00fck bir \u015f\u0259c\u0259r\u0259nin davam\u00e7\u0131s\u0131 \u2013 Az\u0259rbaycan xalq\u0131n\u0131n f\u0259xridir. Mehriban xan\u0131m daxili d\u00fcnyas\u0131 \u2013 n\u0259cibliyi, qeyr\u0259ti, l\u0259yaq\u0259ti v\u0259 torpa\u011f\u0131na, yurduna ba\u011fl\u0131l\u0131\u011f\u0131 il\u0259 f\u0259rql\u0259nir. O, h\u0259m milli d\u0259y\u0259rl\u0259rimizi t\u0259r\u0259nn\u00fcm etdirir, h\u0259m ad\u0259tl\u0259rimizi, tariximizi ya\u015fad\u0131r, h\u0259m d\u0259 yenilik, m\u00fcasirlik n\u00fcmun\u0259sidir. Az\u0259rbaycan\u0131n birinci xan\u0131m\u0131 statusunu l\u0259yaq\u0259tli da\u015f\u0131yan Mehriban \u018fliyevan\u0131n f\u0259rdi portret cizgil\u0259ri z\u0259ngin, r\u0259ngar\u0259ng, \u00f6z\u00fcn\u0259m\u0259xsus v\u0259 b\u0259nz\u0259rsizdir. O, h\u0259m Az\u0259rbaycan qad\u0131n\u0131n\u0131n layiqli obraz\u0131 \u2013 qeyr\u0259t simvolu, h\u0259m m\u00fcasir v\u0259 m\u00fct\u0259r\u0259qqi d\u00fc\u015f\u00fcnc\u0259y\u0259 malik ictimai xadim, h\u0259m d\u0259 humanizm, xeyriyy\u0259\u00e7ilik \u0259n\u0259n\u0259l\u0259rini ya\u015fadan m\u00fcsb\u0259t obrazd\u0131r. Mehriban xan\u0131m Heyd\u0259r \u018fliyev Fondunun prezidenti, UNESCO-nun v\u0259 ICESCO-nun xo\u015fm\u0259raml\u0131 s\u0259firi kimi \u00f6z \u00fcz\u0259rin\u0259 d\u00fc\u015f\u0259n ictimai, siyasi, m\u0259d\u0259ni, humanitar v\u0259 dig\u0259r v\u0259zif\u0259l\u0259ri layiqinc\u0259 yerin\u0259 yetir\u0259r\u0259k etalon yarad\u0131b.<\/p>\n<p>Prezident \u0130lham \u018fliyevin 2017-ci il 21 fevral tarixind\u0259 imzalad\u0131\u011f\u0131 m\u00fcvafiq S\u0259r\u0259ncama \u0259sas\u0259n, Mehriban \u018fliyevan\u0131n Birinci vitse-prezident t\u0259yin olunmas\u0131 c\u0259miyy\u0259td\u0259 y\u00fcks\u0259k d\u0259y\u0259rl\u0259ndirildi. \u018flb\u0259tt\u0259, bu, tam yerind\u0259 olan q\u0259rar idi. Bu t\u0259yinat\u0131n arxas\u0131nda Mehriban xan\u0131m \u018fliyevan\u0131n d\u00f6vl\u0259t\u00e7ilik v\u0259 xalq\u0131n m\u0259nafeyi namin\u0259 uzun ill\u0259r boyu g\u00f6st\u0259rdiyi s\u0259m\u0259r\u0259li, m\u0259qs\u0259dy\u00f6nl\u00fc f\u0259aliyy\u0259t dayan\u0131rd\u0131. Ba\u015fqa s\u00f6zl\u0259, V\u0259t\u0259n\u0259 s\u0259daq\u0259t, milli d\u0259y\u0259rl\u0259r\u0259 h\u00f6rm\u0259t v\u0259 u\u011furlu f\u0259aliyy\u0259t Mehriban xan\u0131m \u018fliyevan\u0131n \u00f6lk\u0259nin Birinci vitse-prezidenti v\u0259zif\u0259sin\u0259 t\u0259yin olunmas\u0131n\u0131 \u015f\u0259rtl\u0259ndir\u0259n \u0259sas amill\u0259r idi.<\/p>\n<p>O, Birinci vitse-prezident postunda v\u0259zif\u0259 s\u0259lahiyy\u0259tl\u0259rini u\u011furla yerin\u0259 yetirm\u0259kl\u0259 yana\u015f\u0131, xeyirxah v\u0259 m\u00fcq\u0259dd\u0259s missiyas\u0131n\u0131 da davam etdirir. Humanizm Mehriban xan\u0131m \u018fliyevan\u0131n h\u0259yat\u0131ndan v\u0259 f\u0259aliyy\u0259tind\u0259n q\u0131rm\u0131z\u0131 x\u0259tt kimi ke\u00e7ir. O, yard\u0131ma ehtiyac\u0131 olanlara \u015f\u0259fq\u0259t, qay\u011f\u0131, diqq\u0259t v\u0259 m\u0259rh\u0259m\u0259t g\u00f6st\u0259rir, k\u00f6m\u0259k edir \u2013 d\u0259st\u0259k verir, m\u00fcsb\u0259t n\u00fcmun\u0259 yarad\u0131r, \u0259n\u0259n\u0259l\u0259rimizi ya\u015fad\u0131r v\u0259 g\u00fccl\u0259ndirir. \u0130ndiy\u0259d\u0259k Mehriban xan\u0131m \u018fliyevan\u0131n 4 d\u0259f\u0259 &#8211; 2007, 2009, 2013 v\u0259 2016-c\u0131 ill\u0259rd\u0259 amnistiya t\u0259\u015f\u0259bb\u00fcs\u00fc il\u0259 \u00e7\u0131x\u0131\u015f etm\u0259si d\u0259 onun insani d\u0259y\u0259rl\u0259r\u0259, humanizm prinsipl\u0259rin\u0259 b\u00f6y\u00fck \u00f6n\u0259m verdiyini t\u0259sdiql\u0259yir.<\/p>\n<p>Mehriban xan\u0131m \u018fliyeva h\u0259m insanp\u0259rv\u0259r, h\u0259m d\u0259 v\u0259t\u0259np\u0259rv\u0259r bir \u015f\u0259xsiyy\u0259tdir. Ona g\u00f6r\u0259 d\u0259 daim sosial m\u0259s\u0259l\u0259l\u0259rin h\u0259llin\u0259 x\u00fcsusi diqq\u0259t g\u00f6st\u0259rir. Onun t\u0259\u015f\u0259bb\u00fcs\u00fc il\u0259 geni\u015fmiqyasl\u0131 v\u0259 ictimai \u0259h\u0259miyy\u0259tli layih\u0259l\u0259r m\u00fcv\u0259ff\u0259qiyy\u0259tl\u0259 h\u0259yata ke\u00e7irilir. Birinci xan\u0131m c\u0259miyy\u0259ti narahat ed\u0259n, d\u00f6vl\u0259timiz v\u0259 xalq\u0131m\u0131z \u00fc\u00e7\u00fcn m\u00fcst\u0259sna \u0259h\u0259miyy\u0259t da\u015f\u0131yan m\u0259s\u0259l\u0259l\u0259rin h\u0259lli \u00fc\u00e7\u00fcn \u00e7al\u0131\u015f\u0131r v\u0259 h\u0259mi\u015f\u0259 d\u0259 buna nail olur.<\/p>\n<p>\u00d6lk\u0259nin birinci xan\u0131m\u0131n\u0131n missiyas\u0131 s\u0259rh\u0259d tan\u0131m\u0131r \u2013 f\u0259aliyy\u0259ti Az\u0259rbaycan\u0131n inzibati s\u0259rh\u0259dl\u0259ri, co\u011frafi h\u00fcdudlar\u0131 il\u0259 m\u0259hdudla\u015fm\u0131r, bir v\u0259 ya bir ne\u00e7\u0259 sah\u0259ni \u0259hat\u0259 etmir \u2013 \u00e7ox\u015fax\u0259lidir. Birinci xan\u0131m\u0131n milli m\u0259d\u0259niyy\u0259timizin qorunmas\u0131 v\u0259 inki\u015faf\u0131 istiqam\u0259tind\u0259 geni\u015fmiqyasl\u0131 f\u0259aliyy\u0259ti, Az\u0259rbaycan\u0131n z\u0259ngin tarixi v\u0259 m\u0259d\u0259ni irsinin d\u00fcnya ictimaiyy\u0259tin\u0259 \u00e7atd\u0131r\u0131lmas\u0131 il\u0259 \u0259laq\u0259dar i\u015fl\u0259ri g\u00f6z \u00f6n\u00fcnd\u0259dir. Mehriban xan\u0131m \u018fliyevan\u0131n t\u0259\u015fkilat\u00e7\u0131l\u0131q qabiliyy\u0259ti say\u0259sind\u0259 \u00f6lk\u0259miz \u201cEurovision-2012\u201d mahn\u0131 m\u00fcsabiq\u0259sin\u0259, Birinci Avropa Oyunlar\u0131na, IV \u0130slam H\u0259mr\u0259yliyi Oyunlar\u0131na, dig\u0259r m\u00fch\u00fcm beyn\u0259lxalq t\u0259dbirl\u0259r\u0259 y\u00fcks\u0259k s\u0259viyy\u0259d\u0259 ev sahibliyi edib. Bu, \u00f6z n\u00f6vb\u0259sind\u0259, respublikam\u0131z\u0131n m\u00fcsb\u0259t beyn\u0259lxalq imicinin daha da m\u00f6hk\u0259ml\u0259ndirilm\u0259si bax\u0131m\u0131ndan b\u00f6y\u00fck \u00f6n\u0259m da\u015f\u0131y\u0131b. Onun r\u0259hb\u0259rliyi il\u0259 g\u00f6r\u00fcl\u0259n i\u015fl\u0259r, h\u0259m\u00e7inin b\u0259zi xarici dair\u0259l\u0259rin Az\u0259rbaycana qar\u015f\u0131 t\u0259cav\u00fczkar siyas\u0259tinin if\u015fa olunmas\u0131, \u00f6lk\u0259 reall\u0131qlar\u0131n d\u00fcnya birliyin\u0259 t\u0259qdim olunmas\u0131nda \u0259v\u0259zsiz yer\u0259 malikdir. \u00dcmumiyy\u0259tl\u0259, Mehriban xan\u0131m \u018fliyeva \u00f6lk\u0259mizin \u0259razi b\u00fct\u00f6vl\u00fcy\u00fcn\u00fcn t\u0259min olunmas\u0131 m\u0259s\u0259l\u0259sin\u0259 h\u0259mi\u015f\u0259 x\u00fcsusi diqq\u0259t g\u00f6st\u0259rib v\u0259 bununla ba\u011fl\u0131 y\u00fcks\u0259k h\u0259ssasl\u0131q n\u00fcmayi\u015f etdirib. O, h\u0259r zaman V\u0259t\u0259n u\u011frunda can\u0131ndan ke\u00e7\u0259n q\u0259hr\u0259manlar\u0131m\u0131z\u0131n ail\u0259l\u0259rin\u0259, do\u011fma torpaqlar\u0131ndan m\u0259cburi k\u00f6\u00e7k\u00fcn d\u00fc\u015fm\u00fc\u015f v\u0259t\u0259nda\u015flar\u0131m\u0131za x\u00fcsusi qay\u011f\u0131 il\u0259 yana\u015f\u0131b, onlar\u0131n sosial probleml\u0259rinin h\u0259llin\u0259 diqq\u0259t g\u00f6st\u0259rib v\u0259 \u00fcmumiyy\u0259tl\u0259, c\u0259miyy\u0259tin n\u0259z\u0259rini bu m\u0259s\u0259l\u0259l\u0259r\u0259 c\u0259lb edib. Eyni zamanda, erm\u0259ni i\u015f\u011fal\u00e7\u0131lar\u0131 il\u0259 d\u00f6y\u00fc\u015fl\u0259rd\u0259 yaralanm\u0131\u015f v\u0259 \u0259lil olmu\u015f h\u0259rb\u00e7il\u0259rimiz\u0259 v\u0259 m\u00fclki \u015f\u0259xsl\u0259r\u0259 maddi-m\u0259n\u0259vi d\u0259st\u0259k, onlar\u0131n m\u00fcalic\u0259si v\u0259 sa\u011flaml\u0131\u011f\u0131n\u0131n b\u0259rpas\u0131na laz\u0131mi diqq\u0259t g\u00f6st\u0259rilm\u0259si d\u0259 Mehriban xan\u0131m \u018fliyevan\u0131n humanizm f\u0259aliyy\u0259tinin \u0259sas\u0131n\u0131 t\u0259\u015fkil edir. Bu g\u00fcn Heyd\u0259r \u018fliyev Fondu i\u015f\u011faldan azad edilmi\u015f \u0259razil\u0259rd\u0259 apar\u0131lan b\u0259rpa-quruculuq i\u015fl\u0259rin\u0259 \u00f6z t\u00f6hf\u0259sini verir. Fond q\u0259dim Qaraba\u011f torpa\u011f\u0131nda dini abid\u0259l\u0259rimizin, m\u0259scidl\u0259rimizin b\u0259rpas\u0131 \u00fczr\u0259 layih\u0259nin h\u0259yata ke\u00e7irilm\u0259sin\u0259 ba\u015flay\u0131b. Mehriban xan\u0131m \u018fliyevan\u0131n t\u0259\u015f\u0259bb\u00fcs\u00fc il\u0259 Qaraba\u011f Dir\u00e7\u0259li\u015f Fondunun yarad\u0131lmas\u0131, \u201cKarabakh. Center\u201d (\u201cQaraba\u011f. M\u0259rk\u0259z\u201d) layih\u0259sinin h\u0259yata ke\u00e7irilm\u0259si V\u0259t\u0259n m\u00fcharib\u0259sind\u0259 tarixi Q\u0259l\u0259b\u0259mizin diplomatik m\u00fcst\u0259vid\u0259 m\u00f6hk\u0259ml\u0259ndirilm\u0259sin\u0259, B\u00f6y\u00fck Qay\u0131d\u0131\u015f\u0131n layiqli \u015f\u0259kild\u0259 h\u0259yata ke\u00e7irilm\u0259sin\u0259, Az\u0259rbaycan\u0131n beyn\u0259lxalq informasiya m\u0259kan\u0131nda m\u00f6vqeyinin g\u00fccl\u0259ndirilm\u0259sin\u0259 m\u00fch\u00fcm t\u00f6hf\u0259dir.<\/p>\n<p>Mehriban xan\u0131m \u018fliyevan\u0131n \u00e7ox\u015fax\u0259li, u\u011furlu, s\u0259m\u0259r\u0259li v\u0259 n\u00fcmun\u0259vi f\u0259aliyy\u0259ti h\u0259m \u00f6lk\u0259mizd\u0259, h\u0259m d\u0259 beyn\u0259lxalq m\u00fcst\u0259vid\u0259 olduqca y\u00fcks\u0259k qiym\u0259tl\u0259ndirilir. D\u00fcnya miqyas\u0131nda elm xadiml\u0259ri, ziyal\u0131lar, ictimai-siyasi xadiml\u0259r, d\u00f6vl\u0259t adamlar\u0131 v\u0259 dig\u0259rl\u0259ri Az\u0259rbaycan\u0131n birinci xan\u0131m\u0131n\u0131n tarixi missiya yerin\u0259 yetirdiyini, b\u0259\u015f\u0259riyy\u0259tin bug\u00fcnk\u00fc inki\u015faf\u0131na v\u0259 g\u0259l\u0259c\u0259yin\u0259 layiqli t\u00f6hf\u0259 verdiyini ifad\u0259 edirl\u0259r. Mehriban xan\u0131m \u018fliyeva indiy\u0259 q\u0259d\u0259r bir \u00e7ox sor\u011fularda m\u00fcxt\u0259lif nominasiyalar \u00fczr\u0259 qalib olub, onun f\u0259aliyy\u0259tin\u0259 adekvat v\u0259 y\u00fcks\u0259k qiym\u0259t verilib.\u00a0 Bu, birinci xan\u0131m\u0131n m\u00fcsb\u0259t beyn\u0259lxalq imicinin g\u00f6st\u0259ricisidir. Bunlarla yana\u015f\u0131, o, Az\u0259rbaycan\u0131n \u0259n y\u00fcks\u0259k t\u0259ltifl\u0259rin\u0259 &#8211; \u201cHeyd\u0259r \u018fliyev\u201d ordenin\u0259 v\u0259 Heyd\u0259r \u018fliyev M\u00fckafat\u0131na layiq g\u00f6r\u00fcl\u00fcb, m\u00fcxt\u0259lif \u00f6lk\u0259l\u0259rin y\u00fcks\u0259k d\u00f6vl\u0259t t\u0259ltifl\u0259ri il\u0259 m\u00fckafatland\u0131r\u0131l\u0131b. Amma Mehriban xan\u0131m \u018fliyevan\u0131n \u0259n b\u00f6y\u00fck m\u00fckafat\u0131 ona \u00f6lk\u0259mizd\u0259 v\u0259 beyn\u0259lxalq miqyasda milyonlar\u0131n r\u0259\u011fb\u0259ti &#8211;\u00a0sevgisidir. O, \u00f6z\u00fcn\u00fcn dediyi kimi, bu sevgid\u0259n ilham al\u0131r, pe\u015f\u0259kar f\u0259aliyy\u0259tini bu stimul \u0259sas\u0131nda u\u011furla, yorulmadan v\u0259 b\u00f6y\u00fck \u015f\u00f6vql\u0259 davam etdirir.<\/p>\n","protected":false},"excerpt":{"rendered":"<p>Elbrus Quliyev, D\u00f6vl\u0259t Statistika Komit\u0259si Birl\u0259\u015fmi\u015f H\u0259mkarlar \u0130ttifaq\u0131 Komit\u0259sinin s\u0259dri Tarix s\u0259rv\u0259tdir, milli irsdir, onu yaradan, ya\u015fadan is\u0259 \u015f\u0259xsiyy\u0259tl\u0259rdir. Bu m\u0259nada q\u00fcrur hissi il\u0259 qeyd etm\u0259k olar ki, \u015e\u0259rq xalqlar\u0131 b\u0259\u015f\u0259r sivilizasiyas\u0131na, onun m\u0259d\u0259ni miras\u0131na m\u00fch\u00fcm t\u00f6hf\u0259l\u0259r ver\u0259n tarixi \u015f\u0259xsiyy\u0259tl\u0259r yeti\u015fdiribl\u0259r. El\u0259 h\u0259min \u015f\u0259xsl\u0259r d\u0259 yeni tarix yazaraq tarixin yadda\u015f\u0131na \u0259b\u0259di h\u0259kk olunublar, milli y\u00fcks\u0259li\u015f\u0259, t\u0259r\u0259qqiy\u0259, intibaha aparan yolda silinm\u0259z izl\u0259r burax\u0131blar. Tanr\u0131 uzun ill\u0259r \u2013 tarix boyu m\u00fcxt\u0259lif istilalara, i\u015f\u011fallara, assimilyasiya c\u0259hdl\u0259rin\u0259 m\u0259ruz qalan Az\u0259rbaycan xalq\u0131na da bu xo\u015fb\u0259xtliyi b\u0259x\u015f edib. Xo\u015fb\u0259xtliyimiz ondad\u0131r ki, xalq\u0131m\u0131z\u0131n parlaq simalar\u0131n\u0131n \u2013 \u015f\u0259xsiyy\u0259tl\u0259rinin&hellip;<\/p>\n","protected":false},"author":2,"featured_media":440306,"comment_status":"closed","ping_status":"closed","sticky":false,"template":"","format":"standard","meta":{"om_disable_all_campaigns":false,"_monsterinsights_skip_tracking":false,"_monsterinsights_sitenote_active":false,"_monsterinsights_sitenote_note":"","_monsterinsights_sitenote_category":0},"categories":[4],"tags":[],"aioseo_notices":[],"gutentor_comment":0,"rttpg_featured_image_url":{"full":["https:\/\/arantv.az\/wp-content\/uploads\/2022\/02\/14e422f0161621886057683242210248016.jpg",975,540,false],"landscape":["https:\/\/arantv.az\/wp-content\/uploads\/2022\/02\/14e422f0161621886057683242210248016.jpg",975,540,false],"portraits":["https:\/\/arantv.az\/wp-content\/uploads\/2022\/02\/14e422f0161621886057683242210248016.jpg",975,540,false],"thumbnail":["https:\/\/arantv.az\/wp-content\/uploads\/2022\/02\/14e422f0161621886057683242210248016-500x280.jpg",500,280,true],"medium":["https:\/\/arantv.az\/wp-content\/uploads\/2022\/02\/14e422f0161621886057683242210248016-660x365.jpg",660,365,true],"large":["https:\/\/arantv.az\/wp-content\/uploads\/2022\/02\/14e422f0161621886057683242210248016-840x465.jpg",640,354,true],"1536x1536":["https:\/\/arantv.az\/wp-content\/uploads\/2022\/02\/14e422f0161621886057683242210248016.jpg",975,540,false],"2048x2048":["https:\/\/arantv.az\/wp-content\/uploads\/2022\/02\/14e422f0161621886057683242210248016.jpg",975,540,false],"post-thumbnail":["https:\/\/arantv.az\/wp-content\/uploads\/2022\/02\/14e422f0161621886057683242210248016-240x172.jpg",240,172,true],"advps-thumb-one":["https:\/\/arantv.az\/wp-content\/uploads\/2022\/02\/14e422f0161621886057683242210248016.jpg",975,540,false]},"rttpg_author":{"display_name":"V\u00fcsal Rafiqo\u011flu","author_link":"https:\/\/arantv.az\/?author=2"},"rttpg_comment":0,"rttpg_category":"<a href=\"https:\/\/arantv.az\/?cat=4\" rel=\"category\">Siyas\u0259t<\/a>","rttpg_excerpt":"Elbrus Quliyev, D\u00f6vl\u0259t Statistika Komit\u0259si Birl\u0259\u015fmi\u015f H\u0259mkarlar \u0130ttifaq\u0131 Komit\u0259sinin s\u0259dri Tarix s\u0259rv\u0259tdir, milli irsdir, onu yaradan, ya\u015fadan is\u0259 \u015f\u0259xsiyy\u0259tl\u0259rdir. Bu m\u0259nada q\u00fcrur hissi il\u0259 qeyd etm\u0259k olar ki, \u015e\u0259rq xalqlar\u0131 b\u0259\u015f\u0259r sivilizasiyas\u0131na, onun m\u0259d\u0259ni miras\u0131na m\u00fch\u00fcm t\u00f6hf\u0259l\u0259r ver\u0259n tarixi \u015f\u0259xsiyy\u0259tl\u0259r yeti\u015fdiribl\u0259r. El\u0259 h\u0259min \u015f\u0259xsl\u0259r d\u0259 yeni tarix yazaraq tarixin yadda\u015f\u0131na \u0259b\u0259di h\u0259kk olunublar, milli y\u00fcks\u0259li\u015f\u0259,&hellip;","_links":{"self":[{"href":"https:\/\/arantv.az\/index.php?rest_route=\/wp\/v2\/posts\/440305"}],"collection":[{"href":"https:\/\/arantv.az\/index.php?rest_route=\/wp\/v2\/posts"}],"about":[{"href":"https:\/\/arantv.az\/index.php?rest_route=\/wp\/v2\/types\/post"}],"author":[{"embeddable":true,"href":"https:\/\/arantv.az\/index.php?rest_route=\/wp\/v2\/users\/2"}],"replies":[{"embeddable":true,"href":"https:\/\/arantv.az\/index.php?rest_route=%2Fwp%2Fv2%2Fcomments&post=440305"}],"version-history":[{"count":0,"href":"https:\/\/arantv.az\/index.php?rest_route=\/wp\/v2\/posts\/440305\/revisions"}],"wp:featuredmedia":[{"embeddable":true,"href":"https:\/\/arantv.az\/index.php?rest_route=\/wp\/v2\/media\/440306"}],"wp:attachment":[{"href":"https:\/\/arantv.az\/index.php?rest_route=%2Fwp%2Fv2%2Fmedia&parent=440305"}],"wp:term":[{"taxonomy":"category","embeddable":true,"href":"https:\/\/arantv.az\/index.php?rest_route=%2Fwp%2Fv2%2Fcategories&post=440305"},{"taxonomy":"post_tag","embeddable":true,"href":"https:\/\/arantv.az\/index.php?rest_route=%2Fwp%2Fv2%2Ftags&post=440305"}],"curies":[{"name":"wp","href":"https:\/\/api.w.org\/{rel}","templated":true}]}}