{"id":440308,"date":"2022-02-17T15:39:40","date_gmt":"2022-02-17T12:39:40","guid":{"rendered":"http:\/\/arantv.az\/?p=440308"},"modified":"2022-02-17T15:39:40","modified_gmt":"2022-02-17T12:39:40","slug":"az%c9%99riqaz-ib-d%c9%99-novb%c9%99ti-d%c9%99f%c9%99-aciq-qapi-aksiyasi-keciril%c9%99c%c9%99k","status":"publish","type":"post","link":"https:\/\/arantv.az\/?p=440308","title":{"rendered":"\u201cAz\u0259riqaz\u201d \u0130B-d\u0259 n\u00f6vb\u0259ti d\u0259f\u0259 \u201ca\u00e7\u0131q qap\u0131\u201d aksiyas\u0131 ke\u00e7iril\u0259c\u0259k"},"content":{"rendered":"<p>\u201cAz\u0259riqaz\u201d \u0130B-nin inzibati binas\u0131nda n\u00f6vb\u0259ti \u201cA\u00e7\u0131q qap\u0131\u201d aksiyas\u0131 18 fevral saat 11:00-da ba\u015flayacaq.<\/p>\n<p><strong>ARANTV.AZ\u00a0 x\u0259b\u0259r verir ki,<\/strong>\u00a0b\u00fct\u00fcn media, QHT m\u0259nsublar\u0131n\u0131n v\u0259 sosial \u015f\u0259b\u0259k\u0259 f\u0259allar\u0131n\u0131n (blogger) \u00fcz\u00fcn\u0259 a\u00e7\u0131q olacaq bu aksiya &#8220;Facebook&#8221; sosial \u015f\u0259b\u0259k\u0259si \u00fcz\u0259rind\u0259 canl\u0131 yay\u0131mlanacaq. V\u0259t\u0259nda\u015flar\u0131n suallar\u0131 da canl\u0131 yay\u0131m vasit\u0259sil\u0259 cavabland\u0131r\u0131lacaq.<\/p>\n","protected":false},"excerpt":{"rendered":"<p>\u201cAz\u0259riqaz\u201d \u0130B-nin inzibati binas\u0131nda n\u00f6vb\u0259ti \u201cA\u00e7\u0131q qap\u0131\u201d aksiyas\u0131 18 fevral saat 11:00-da ba\u015flayacaq. ARANTV.AZ\u00a0 x\u0259b\u0259r verir ki,\u00a0b\u00fct\u00fcn media, QHT m\u0259nsublar\u0131n\u0131n v\u0259 sosial \u015f\u0259b\u0259k\u0259 f\u0259allar\u0131n\u0131n (blogger) \u00fcz\u00fcn\u0259 a\u00e7\u0131q olacaq bu aksiya &#8220;Facebook&#8221; sosial \u015f\u0259b\u0259k\u0259si \u00fcz\u0259rind\u0259 canl\u0131 yay\u0131mlanacaq. V\u0259t\u0259nda\u015flar\u0131n suallar\u0131 da canl\u0131 yay\u0131m vasit\u0259sil\u0259 cavabland\u0131r\u0131lacaq.<\/p>\n","protected":false},"author":2,"featured_media":440309,"comment_status":"closed","ping_status":"closed","sticky":false,"template":"","format":"standard","meta":{"om_disable_all_campaigns":false,"_monsterinsights_skip_tracking":false,"_monsterinsights_sitenote_active":false,"_monsterinsights_sitenote_note":"","_monsterinsights_sitenote_category":0},"categories":[1],"tags":[],"aioseo_notices":[],"gutentor_comment":0,"rttpg_featured_image_url":{"full":["https:\/\/arantv.az\/wp-content\/uploads\/2022\/02\/9d94c89816451013074588891521107734.jpg",975,540,false],"landscape":["https:\/\/arantv.az\/wp-content\/uploads\/2022\/02\/9d94c89816451013074588891521107734.jpg",975,540,false],"portraits":["https:\/\/arantv.az\/wp-content\/uploads\/2022\/02\/9d94c89816451013074588891521107734.jpg",975,540,false],"thumbnail":["https:\/\/arantv.az\/wp-content\/uploads\/2022\/02\/9d94c89816451013074588891521107734-500x280.jpg",500,280,true],"medium":["https:\/\/arantv.az\/wp-content\/uploads\/2022\/02\/9d94c89816451013074588891521107734-660x365.jpg",660,365,true],"large":["https:\/\/arantv.az\/wp-content\/uploads\/2022\/02\/9d94c89816451013074588891521107734-840x465.jpg",640,354,true],"1536x1536":["https:\/\/arantv.az\/wp-content\/uploads\/2022\/02\/9d94c89816451013074588891521107734.jpg",975,540,false],"2048x2048":["https:\/\/arantv.az\/wp-content\/uploads\/2022\/02\/9d94c89816451013074588891521107734.jpg",975,540,false],"post-thumbnail":["https:\/\/arantv.az\/wp-content\/uploads\/2022\/02\/9d94c89816451013074588891521107734-240x172.jpg",240,172,true],"advps-thumb-one":["https:\/\/arantv.az\/wp-content\/uploads\/2022\/02\/9d94c89816451013074588891521107734.jpg",975,540,false]},"rttpg_author":{"display_name":"V\u00fcsal Rafiqo\u011flu","author_link":"https:\/\/arantv.az\/?author=2"},"rttpg_comment":0,"rttpg_category":"<a href=\"https:\/\/arantv.az\/?cat=1\" rel=\"category\">C\u0259miyy\u0259t<\/a>","rttpg_excerpt":"\u201cAz\u0259riqaz\u201d \u0130B-nin inzibati binas\u0131nda n\u00f6vb\u0259ti \u201cA\u00e7\u0131q qap\u0131\u201d aksiyas\u0131 18 fevral saat 11:00-da ba\u015flayacaq. ARANTV.AZ\u00a0 x\u0259b\u0259r verir ki,\u00a0b\u00fct\u00fcn media, QHT m\u0259nsublar\u0131n\u0131n v\u0259 sosial \u015f\u0259b\u0259k\u0259 f\u0259allar\u0131n\u0131n (blogger) \u00fcz\u00fcn\u0259 a\u00e7\u0131q olacaq bu aksiya &#8220;Facebook&#8221; sosial \u015f\u0259b\u0259k\u0259si \u00fcz\u0259rind\u0259 canl\u0131 yay\u0131mlanacaq. V\u0259t\u0259nda\u015flar\u0131n suallar\u0131 da canl\u0131 yay\u0131m vasit\u0259sil\u0259 cavabland\u0131r\u0131lacaq.","_links":{"self":[{"href":"https:\/\/arantv.az\/index.php?rest_route=\/wp\/v2\/posts\/440308"}],"collection":[{"href":"https:\/\/arantv.az\/index.php?rest_route=\/wp\/v2\/posts"}],"about":[{"href":"https:\/\/arantv.az\/index.php?rest_route=\/wp\/v2\/types\/post"}],"author":[{"embeddable":true,"href":"https:\/\/arantv.az\/index.php?rest_route=\/wp\/v2\/users\/2"}],"replies":[{"embeddable":true,"href":"https:\/\/arantv.az\/index.php?rest_route=%2Fwp%2Fv2%2Fcomments&post=440308"}],"version-history":[{"count":0,"href":"https:\/\/arantv.az\/index.php?rest_route=\/wp\/v2\/posts\/440308\/revisions"}],"wp:featuredmedia":[{"embeddable":true,"href":"https:\/\/arantv.az\/index.php?rest_route=\/wp\/v2\/media\/440309"}],"wp:attachment":[{"href":"https:\/\/arantv.az\/index.php?rest_route=%2Fwp%2Fv2%2Fmedia&parent=440308"}],"wp:term":[{"taxonomy":"category","embeddable":true,"href":"https:\/\/arantv.az\/index.php?rest_route=%2Fwp%2Fv2%2Fcategories&post=440308"},{"taxonomy":"post_tag","embeddable":true,"href":"https:\/\/arantv.az\/index.php?rest_route=%2Fwp%2Fv2%2Ftags&post=440308"}],"curies":[{"name":"wp","href":"https:\/\/api.w.org\/{rel}","templated":true}]}}