{"id":440311,"date":"2022-02-17T15:40:51","date_gmt":"2022-02-17T12:40:51","guid":{"rendered":"http:\/\/arantv.az\/?p=440311"},"modified":"2022-02-17T15:40:51","modified_gmt":"2022-02-17T12:40:51","slug":"isgaldan-azad-olunmus-%c9%99razil%c9%99rd%c9%99-infrastruktur-layih%c9%99l%c9%99rinin-icrasi-sur%c9%99tl%c9%99-davam-edir","status":"publish","type":"post","link":"https:\/\/arantv.az\/?p=440311","title":{"rendered":"\u0130\u015f\u011faldan azad olunmu\u015f \u0259razil\u0259rd\u0259 infrastruktur layih\u0259l\u0259rinin icras\u0131 s\u00fcr\u0259tl\u0259 davam edir"},"content":{"rendered":"<p>B\u00f6y\u00fck Z\u0259f\u0259rl\u0259 yekunla\u015fan 44 g\u00fcnl\u00fck V\u0259t\u0259n m\u00fcharib\u0259sind\u0259n bir ild\u0259n bir q\u0259d\u0259r art\u0131q vaxt ke\u00e7ir. Bu vaxt \u0259rzind\u0259 i\u015f\u011faldan azad olunmu\u015f \u0259razil\u0259rd\u0259 geni\u015fmiqyasl\u0131 b\u0259rpa v\u0259 infrastruktur quruculu\u011fu i\u015fl\u0259rin\u0259 ba\u015flan\u0131lmas\u0131 v\u0259 bu i\u015fl\u0259rin s\u00fcr\u0259tl\u0259, eyni zamanda keyfiyy\u0259tl\u0259 davam etdirilm\u0259si Az\u0259rbaycan d\u00f6vl\u0259tinin g\u00fcc\u00fcn\u00fcn, iqtisadi potensial\u0131n\u0131n g\u00f6st\u0259ricisidir. G\u00fccl\u00fc d\u00f6vl\u0259t olan Az\u0259rbaycan \u00fc\u00e7 onillik \u0259rzind\u0259 erm\u0259ni vandallar\u0131 t\u0259r\u0259find\u0259n da\u011f\u0131d\u0131laraq yerl\u0259-yeksan edil\u0259n \u015f\u0259h\u0259r v\u0259 k\u0259ndl\u0259rimizi, tarixi dini-m\u0259d\u0259ni abid\u0259l\u0259rimizi y\u00fcks\u0259k s\u0259viyy\u0259d\u0259 b\u0259rpa etm\u0259k \u0259zmind\u0259dir v\u0259 buna qadirdir.<\/p>\n<p>Prezident \u0130lham \u018fliyevin apard\u0131\u011f\u0131 u\u011furlu siyas\u0259t n\u0259tic\u0259sind\u0259 \u00f6lk\u0259miz g\u00fcnd\u0259n- g\u00fcn\u0259 inki\u015faf etm\u0259kd\u0259dir. Az\u0259rbaycan\u0131n iqtisadi potensial\u0131n\u0131n d\u00fczg\u00fcn istiqam\u0259tl\u0259ndirilm\u0259si, bu sah\u0259d\u0259 \u015f\u0259ffafl\u0131\u011f\u0131n t\u0259minat\u0131 g\u00f6r\u00fcl\u0259n i\u015fl\u0259rin k\u0259miyy\u0259t v\u0259 keyfiyy\u0259t bax\u0131m\u0131ndan y\u00fcks\u0259k h\u0259dd\u0259 \u00e7atmas\u0131na s\u0259b\u0259b olmu\u015fdur. \u00d6lk\u0259 ba\u015f\u00e7\u0131s\u0131 c\u0259nab \u0130lham \u018fliyevin \u015f\u0259xs\u0259n \u00f6z\u00fcn\u00fcn b\u00f6lg\u0259l\u0259r\u0259 s\u0259f\u0259rl\u0259r etm\u0259si, bu s\u0259f\u0259rl\u0259r zaman\u0131 \u00e7oxsayl\u0131 t\u0259m\u0259lqoymalar v\u0259 a\u00e7\u0131l\u0131\u015flar h\u0259yata ke\u00e7irm\u0259si, i\u015fl\u0259rl\u0259rin gedi\u015fi, layih\u0259l\u0259rin icras\u0131 il\u0259 birba\u015fa \u00f6z\u00fcn\u00fcn maraqlanmas\u0131 u\u011furlu n\u0259tic\u0259l\u0259rin \u0259sas m\u0259nb\u0259yidir.<\/p>\n<p>\u0130\u015f\u011faldan azad olunan \u0259razil\u0259rin b\u0259rpas\u0131 v\u0259 B\u00f6y\u00fck Qay\u0131d\u0131\u015f\u0131n t\u0259min edilm\u0259si haz\u0131rda Az\u0259rbaycan\u0131n qar\u015f\u0131s\u0131nda duran prioritet m\u0259s\u0259l\u0259l\u0259rd\u0259n biridir. Prezident \u0130lham \u018fliyev b\u0259rpa v\u0259 infrastruktur quruculu\u011fu il\u0259 ba\u011fl\u0131 layih\u0259l\u0259rin icras\u0131n\u0131 \u015f\u0259xsi n\u0259zar\u0259ti alt\u0131nda saxlay\u0131r. D\u00f6vl\u0259t ba\u015f\u00e7\u0131m\u0131z postm\u00fcharib\u0259 m\u0259rh\u0259l\u0259sind\u0259 d\u0259f\u0259l\u0259rl\u0259 i\u015f\u011faldan azad olunan \u0259razil\u0259r\u0259 s\u0259f\u0259rl\u0259r edib v\u0259 m\u00fcxt\u0259lif infrastruktur obyektl\u0259rinin t\u0259m\u0259lqoyma v\u0259 yaxud a\u00e7\u0131l\u0131\u015f m\u0259rasiml\u0259rin\u0259 qat\u0131laraq \u00f6z\u00fcn\u00fcn d\u0259y\u0259rli tovsiy\u0259l\u0259rini verib.<\/p>\n<p>Fevral\u0131n 13-d\u0259 \u00f6lk\u0259 ba\u015f\u00e7\u0131s\u0131 Prezident \u0130lham \u018fliyevin v\u0259 Birinci vitse-prezident Mehriban xan\u0131m \u018fliyevan\u0131n A\u011fdam rayonuna s\u0259f\u0259r etm\u0259l\u0259ri v\u0259 g\u00f6r\u00fcl\u0259n i\u015fl\u0259rl\u0259 yerind\u0259c\u0259 tan\u0131\u015f olmalar\u0131 fikrimizi bir daha t\u0259sdiql\u0259yir.<\/p>\n<p>A\u011fdam rayonunun b\u0259rpas\u0131 il\u0259 ba\u011fl\u0131 kompleks t\u0259dbirl\u0259rin g\u00f6r\u00fclm\u0259si imkan verir ki, q\u0131sa m\u00fcdd\u0259t \u0259rzind\u0259 A\u011fdam yenid\u0259n qurulsun. A\u011fdam\u0131n g\u0259l\u0259c\u0259k inki\u015faf\u0131 il\u0259 ba\u011fl\u0131 \u00e7ox \u00f6n\u0259mli add\u0131mlar at\u0131l\u0131b. Q\u0131sa m\u00fcdd\u0259t \u0259rzind\u0259 g\u00f6r\u00fclm\u00fc\u015f i\u015fl\u0259r yax\u0131n g\u0259l\u0259c\u0259kd\u0259 konkret n\u0259tic\u0259l\u0259r\u0259 g\u0259tirib \u00e7\u0131xaracaq.<\/p>\n<p>A\u011fdam \u015f\u0259h\u0259rind\u0259 s\u0259naye park\u0131n\u0131n ilk rezidentl\u0259ri t\u0259r\u0259find\u0259n yax\u0131n g\u0259l\u0259c\u0259kd\u0259 istifad\u0259y\u0259 veril\u0259c\u0259k yeni m\u00fc\u0259ssis\u0259l\u0259rin t\u0259m\u0259l da\u015f\u0131 qoyuldu. Art\u0131q 5 rezident i\u015f\u0259 ba\u015flay\u0131r. 190 hektar \u0259razid\u0259 qurulacaq A\u011fdam S\u0259naye Park\u0131n\u0131n ilk m\u00fc\u0259ssis\u0259l\u0259ri art\u0131q bu sah\u0259d\u0259 ilk add\u0131mlar\u0131n\u0131 at\u0131r. A\u011fdam \u015f\u0259h\u0259rinin g\u0259l\u0259c\u0259k inki\u015faf planlar\u0131nda, ilk n\u00f6vb\u0259d\u0259, ya\u015fay\u0131\u015f binalar\u0131n\u0131n in\u015fas\u0131 v\u0259 i\u015f yerl\u0259rinin a\u00e7\u0131lmas\u0131 var. Burada ya\u015fayacaq a\u011fdaml\u0131lar i\u015fl\u0259 t\u0259min olunmal\u0131d\u0131rlar. \u0130\u015f yerl\u0259rinin yarad\u0131lmas\u0131 il\u0259 ba\u011fl\u0131 \u0259lav\u0259 add\u0131mlar da at\u0131lacaq. Yax\u0131n g\u0259l\u0259c\u0259kd\u0259 A\u011fdam S\u0259naye Park\u0131nda onlarla m\u00fc\u0259ssis\u0259 i\u015f\u0259 ba\u015flayacaqd\u0131r. Az\u0259rbaycan\u0131n i\u015f adamlar\u0131 A\u011fdam v\u0259 azad edilmi\u015f b\u00fct\u00fcn dig\u0259r \u0259razil\u0259r\u0259 s\u0259rmay\u0259 qoymal\u0131 v\u0259 m\u00fcasir layih\u0259l\u0259ri realla\u015fd\u0131rmal\u0131d\u0131rlar. Bu g\u00fcn Az\u0259rbaycanda biznes \u00fc\u00e7\u00fcn, sahibkarlar \u00fc\u00e7\u00fcn \u00e7ox g\u00f6z\u0259l \u015f\u0259rait yarad\u0131l\u0131b. D\u00f6vl\u0259t sahibkarlar\u0131 d\u0259st\u0259kl\u0259yir v\u0259 h\u0259m m\u0259n\u0259vi-siyasi d\u0259st\u0259k verilir, eyni zamanda, g\u00fcz\u0259\u015ftli kreditl\u0259r verilir. B\u00f6lg\u0259l\u0259rd\u0259 infrastruktur layih\u0259l\u0259rinin icras\u0131 sahibkarl\u0131q \u00fc\u00e7\u00fcn d\u0259 g\u00f6z\u0259l imkanlar yarad\u0131r.<\/p>\n<p>\u0130\u015f\u011faldan azad olunmu\u015f \u0259razil\u0259rd\u0259 infrastruktur layih\u0259l\u0259ri s\u00fcr\u0259tl\u0259 icra olunur. Azad edilmi\u015f torpaqlarda yar\u0131mstansiyalar\u0131n say\u0131 9-a \u00e7at\u0131b. \u201cA\u011fdam-1\u201d v\u0259 \u201cA\u011fdam-2\u201d yar\u0131mstansiyalar\u0131n\u0131n f\u0259aliyy\u0259ti n\u0259tic\u0259sind\u0259 b\u00fct\u00fcn rayon elektrik enerjisi il\u0259 dayan\u0131ql\u0131 \u015f\u0259kild\u0259 t\u0259min edil\u0259c\u0259k. A\u011fdamda m\u00fcasir mehmanxana t\u0259qrib\u0259n 2 ild\u0259n sonra f\u0259aliyy\u0259t\u0259 ba\u015flayacaq. Ya\u015fay\u0131\u015f kompleksinin t\u0259m\u0259l da\u015f\u0131n\u0131n qoyulmas\u0131da \u0259lam\u0259tdar hadis\u0259dir. Alt\u0131 evd\u0259n ibar\u0259t ya\u015fay\u0131\u015f kompleksi t\u0259qrib\u0259n il yar\u0131ma &#8211; iki il\u0259 in\u015fa edil\u0259c\u0259k. 210 \u00e7arpay\u0131l\u0131q A\u011fdam M\u0259rk\u0259zi \u015e\u0259h\u0259r X\u0259st\u0259xanas\u0131n\u0131n in\u015fas\u0131 a\u011fdaml\u0131lara tibbi xidm\u0259tin g\u00f6st\u0259rilm\u0259si \u00fc\u00e7\u00fcn imkanlar yaradacaq. 1 n\u00f6mr\u0259li m\u0259kt\u0259b in\u015fa olunur, m\u0259kt\u0259bd\u0259 t\u0259qrib\u0259n min\u0259 yax\u0131n \u015fagird oxuyacaq. A\u011fdama qaz x\u0259tl\u0259rinin \u00e7\u0259kili\u015fi layih\u0259si i\u015fl\u0259nilir. \u0130\u00e7m\u0259li suyun g\u0259tirilm\u0259si, o c\u00fcml\u0259d\u0259n Xa\u00e7\u0131n\u00e7ay su anbar\u0131n\u0131n t\u0259miri layih\u0259si \u0130nvestisiya Proqram\u0131nda \u00f6z \u0259ksini tap\u0131bd\u0131r. B\u0259rd\u0259-A\u011fdam avtomobil yolu, d\u0259mir yolu in\u015fa edilir. Avtomobil yolu t\u0259qrib\u0259n bir il\u0259 haz\u0131r olacaq. F\u00fczuli-A\u011fdam avtomobil yolunun \u00e7\u0259kili\u015fi layih\u0259si art\u0131q icra olunma\u011fa ba\u015flam\u0131\u015fd\u0131r. Bu yol h\u0259m F\u00fczuli v\u0259 A\u011fdam \u015f\u0259h\u0259rl\u0259rini birl\u0259\u015fdir\u0259c\u0259k, eyni zamanda, A\u011fdam\u0131 F\u00fczuli Beyn\u0259lxalq Hava Liman\u0131 il\u0259 birl\u0259\u015fdir\u0259c\u0259k v\u0259 A\u011fdama ba\u015fqa \u00f6lk\u0259l\u0259rd\u0259n g\u0259lm\u0259k daha asan olacaq. \u00dcmumilikd\u0259 qurulan m\u00fcasir yol-n\u0259qliyyat infrastrukturu i\u015f\u011faldan azad olunmu\u015f \u0259razil\u0259r\u0259 gedi\u015f-g\u0259li\u015fi v\u0259 y\u00fckl\u0259rin da\u015f\u0131nmas\u0131n\u0131 asanla\u015fd\u0131racaq.<\/p>\n<p>Sevindirici hald\u0131r ki, bizim rayonumuzda da yol-n\u0259qliyyat infrastrukturu y\u00fcks\u0259k standartlara cavab ver\u0259n s\u0259viyy\u0259d\u0259 qurulur. X\u00fcsusi \u0259h\u0259miyy\u0259t\u0259 malik Z\u0259f\u0259r yolu art\u0131q istismara verilib. \u018fhm\u0259db\u0259yli-F\u00fczuli-\u015eu\u015fa, \u018fhm\u0259db\u0259yli-Horadiz-C\u0259bray\u0131l-Z\u0259ngilan-A\u011fb\u0259nd, F\u00fczuli-\u015e\u00fck\u00fcrb\u0259yli-C\u0259bray\u0131l-Hadrud avtomobol yollar\u0131nda v\u0259 Horadiz-A\u011fb\u0259nd d\u0259mir yolunda is\u0259 i\u015fl\u0259r s\u00fcr\u0259tl\u0259 davam edir.<\/p>\n<p>F\u00fczuli \u015f\u0259h\u0259rinin Ba\u015f plan\u0131 t\u0259sdiq olunub. \u00d6lk\u0259 ba\u015f\u00e7\u0131s\u0131 c\u0259nab \u0130lham \u018fliyevin rayon ictimaiyy\u0259tinin n\u00fcmay\u0259nd\u0259l\u0259ri il\u0259 g\u00f6r\u00fc\u015f\u00fc zaman\u0131 F\u00fczuli \u015f\u0259h\u0259rinin Ba\u015f plan\u0131 il\u0259 tan\u0131\u015f olunub v\u0259 m\u00fcsb\u0259t r\u0259yl\u0259r bildirilib. Rayonumuza s\u0259f\u0259ri zaman\u0131 Prezident \u0130lham \u018fliyev t\u0259r\u0259find\u0259n D\u00f6vl\u0259tyarl\u0131 k\u0259ndind\u0259 \u201cA\u011f\u0131ll\u0131 k\u0259nd\u201d, F\u00fczulid\u0259 M\u0259rk\u0259zi \u015e\u0259h\u0259r Park\u0131, R\u0259q\u0259msal Stansiya \u0130dar\u0259etm\u0259 M\u0259rk\u0259zi, \u00c7oxm\u0259nzilli ya\u015fay\u0131\u015f binas\u0131, F\u00fczuli Memorial Kompleksinin (Z\u0259f\u0259r v\u0259 i\u015f\u011fal Muzeyi) v\u0259 F\u00fczuli-A\u011fdam avtomobil yolunun t\u0259m\u0259lqoymas\u0131 h\u0259yata ke\u00e7irilib.<\/p>\n<p>Beyn\u0259lxalq v\u0259 regional \u0259h\u0259miyy\u0259tli F\u00fczuli Beyn\u0259lxalq Hava Liman\u0131n\u0131n c\u0259mi 8 aya istifad\u0259y\u0259 verilm\u0259si d\u00f6vl\u0259timizin iqtisadi g\u00fcc\u00fcn\u00fcn v\u0259 potensial\u0131n\u0131n n\u0259tic\u0259sidir. \u0130\u015f\u011faldan azad edilmi\u015f \u0259razil\u0259rd\u0259 enerji t\u0259minat\u0131nda x\u00fcsusi \u0259h\u0259miyy\u0259t\u0259 malik F\u00fczuli yar\u0131mstansiyas\u0131n\u0131n a\u00e7\u0131l\u0131\u015f\u0131 \u00f6lk\u0259 ba\u015f\u00e7\u0131s\u0131 c\u0259nab \u0130lham \u018fliyev t\u0259r\u0259find\u0259n \u00f6t\u0259n il h\u0259yata ke\u00e7irildi.<\/p>\n<p>B\u00fct\u00fcn bunlar &#8211; g\u00f6r\u00fcl\u0259n b\u00fct\u00fcn i\u015fl\u0259r Az\u0259rbaycan\u0131n daxili v\u0259saiti hesab\u0131na realla\u015fd\u0131r\u0131l\u0131r. \u0130cra olunan layih\u0259l\u0259r onu g\u00f6st\u0259rir ki, b\u00fct\u00fcn maliyy\u0259 v\u0259 texniki imkanlar\u0131, habel\u0259 kadr potensial\u0131 pe\u015f\u0259kar \u015f\u0259kild\u0259 s\u0259f\u0259rb\u0259r olunubdur. \u018flb\u0259tt\u0259 ki, m\u00fcxt\u0259lif xarici \u015firk\u0259tl\u0259r art\u0131q bu i\u015fl\u0259rd\u0259 f\u0259al i\u015ftirak edir v\u0259 bu \u015firk\u0259tl\u0259rin say\u0131 artmaqdad\u0131r. Bu da \u00f6z n\u00f6vb\u0259sind\u0259 Az\u0259rbaycana olan m\u00fcsb\u0259t maraqlar\u0131n artmas\u0131n\u0131n n\u0259tic\u0259sidir.<\/p>\n<p>\u018fminik ki, yarad\u0131lan y\u00fcks\u0259k s\u0259viyy\u0259li infrastruktur h\u0259m i\u015f\u011faldan azad olunmu\u015f \u0259razil\u0259rin iqtisadi potensial\u0131ndan s\u0259m\u0259r\u0259li istifad\u0259 edilm\u0259sind\u0259, h\u0259m d\u0259 oraya qay\u0131dacaq insanlar\u0131n normal h\u0259yat \u015f\u0259raiti il\u0259 t\u0259min olunmas\u0131nda m\u00fch\u00fcm rol oynayacaq.<\/p>\n<p>Qeyd etm\u0259y\u0259 borcluyuq ki, rayonumuzun \u0259razisind\u0259 infrastruktur layih\u0259l\u0259rin realla\u015fd\u0131r\u0131lmas\u0131nda d\u00f6vl\u0259timizl\u0259 yana\u015f\u0131 Heyd\u0259r \u018fliyev Fondunun b\u00f6y\u00fck d\u0259st\u0259yi var. Bel\u0259 ki, F\u00fczuli rayonu \u0259razisind\u0259 bu g\u00fcn\u0259 q\u0259d\u0259r Heyd\u0259r \u018fliyev Fondu t\u0259r\u0259find\u0259n 9 b\u00f6y\u00fck layih\u0259 realla\u015fd\u0131r\u0131lm\u0131\u015f, 1 m\u0259kt\u0259b binas\u0131n\u0131n \u0259sasl\u0131 t\u0259miri h\u0259yata ke\u00e7irilmi\u015fdir. Sevindirici hald\u0131r ki, rayonumuzda Heyd\u0259r \u018fliyev Fondu t\u0259r\u0259find\u0259n m\u00fch\u00fcm layih\u0259l\u0259rin h\u0259yata ke\u00e7irilm\u0259si bu g\u00fcn\u0259 q\u0259d\u0259r d\u0259 u\u011furla davam etm\u0259kd\u0259dir. Horadiz \u015f\u0259h\u0259rind\u0259 2 sayl\u0131 k\u00f6rp\u0259l\u0259r evi-u\u015faq ba\u011f\u00e7as\u0131, 3 sayl\u0131 tam orta m\u0259kt\u0259b,Tarix Diyar\u015f\u00fcnasl\u0131q Muzeyi, R\u0259sm Qalereyas\u0131, G\u0259ncl\u0259r M\u0259rk\u0259zi, habel\u0259 rayonun Bala b\u0259hm\u0259nli k\u0259ndind\u0259 yerl\u0259\u015f\u0259n k\u00f6rp\u0259l\u0259r evi-u\u015faq ba\u011f\u00e7as\u0131 Heyd\u0259r \u018fliyev Fondunun f\u00fczulil\u0259r\u0259 olan t\u00f6hf\u0259l\u0259rind\u0259ndir. Rayonumuzda yeni in\u015fa olunan k\u00f6rp\u0259l\u0259r evi- u\u015faq ba\u011f\u00e7alar\u0131 f\u00fczulil\u0259r\u0259 g\u00f6st\u0259ril\u0259n diqq\u0259t v\u0259 qay\u011f\u0131n\u0131n n\u00f6vb\u0259ti \u0259yani t\u0259zah\u00fcr\u00fcd\u00fcr. Bel\u0259 ki, rayonun \u0130kinci Mahmudlu v\u0259 \u018fhm\u0259db\u0259yli k\u0259ndl\u0259rind\u0259 Heyd\u0259r \u018fliyev Fondu t\u0259r\u0259find\u0259n tikilmi\u015f, h\u0259r biri 55 yerlik olan k\u00f6rp\u0259l\u0259r evi-u\u015faq ba\u011f\u00e7alar\u0131 art\u0131q k\u00f6rp\u0259 fidanlar\u0131n ixtiyar\u0131ndad\u0131r. B\u00fct\u00fcn bu i\u015fl\u0259r Heyd\u0259r \u018fliyev Fondunun Prezidenti, Birinci vitse-prezident Mehriban xan\u0131m \u018fliyevan\u0131n \u015f\u0259xsi diqq\u0259t v\u0259 qay\u011f\u0131s\u0131 n\u0259tic\u0259sind\u0259 h\u0259yata ke\u00e7irilib.<\/p>\n<p>Rayonumuza g\u00f6st\u0259ril\u0259n h\u0259rt\u0259r\u0259fli diqq\u0259t v\u0259 qay\u011f\u0131ya g\u00f6r\u0259 \u00f6lk\u0259 ba\u015f\u00e7\u0131s\u0131 c\u0259nab \u0130lham \u018fliyev\u0259 v\u0259 Birinci vitse-prezident Mehriban xan\u0131m \u018fliyevaya \u00f6z d\u0259rin minn\u0259tdarl\u0131\u011f\u0131m\u0131z\u0131 bildiririk.<\/p>\n<p><strong>Natiq A\u011fayev,<\/strong><\/p>\n<p><em>F\u00fczuli R\u0130H Memarl\u0131q v\u0259 tikinti \u015f\u00f6b\u0259sinin m\u00fcdiri<\/em><\/p>\n","protected":false},"excerpt":{"rendered":"<p>B\u00f6y\u00fck Z\u0259f\u0259rl\u0259 yekunla\u015fan 44 g\u00fcnl\u00fck V\u0259t\u0259n m\u00fcharib\u0259sind\u0259n bir ild\u0259n bir q\u0259d\u0259r art\u0131q vaxt ke\u00e7ir. Bu vaxt \u0259rzind\u0259 i\u015f\u011faldan azad olunmu\u015f \u0259razil\u0259rd\u0259 geni\u015fmiqyasl\u0131 b\u0259rpa v\u0259 infrastruktur quruculu\u011fu i\u015fl\u0259rin\u0259 ba\u015flan\u0131lmas\u0131 v\u0259 bu i\u015fl\u0259rin s\u00fcr\u0259tl\u0259, eyni zamanda keyfiyy\u0259tl\u0259 davam etdirilm\u0259si Az\u0259rbaycan d\u00f6vl\u0259tinin g\u00fcc\u00fcn\u00fcn, iqtisadi potensial\u0131n\u0131n g\u00f6st\u0259ricisidir. G\u00fccl\u00fc d\u00f6vl\u0259t olan Az\u0259rbaycan \u00fc\u00e7 onillik \u0259rzind\u0259 erm\u0259ni vandallar\u0131 t\u0259r\u0259find\u0259n da\u011f\u0131d\u0131laraq yerl\u0259-yeksan edil\u0259n \u015f\u0259h\u0259r v\u0259 k\u0259ndl\u0259rimizi, tarixi dini-m\u0259d\u0259ni abid\u0259l\u0259rimizi y\u00fcks\u0259k s\u0259viyy\u0259d\u0259 b\u0259rpa etm\u0259k \u0259zmind\u0259dir v\u0259 buna qadirdir. Prezident \u0130lham \u018fliyevin apard\u0131\u011f\u0131 u\u011furlu siyas\u0259t n\u0259tic\u0259sind\u0259 \u00f6lk\u0259miz g\u00fcnd\u0259n- g\u00fcn\u0259 inki\u015faf etm\u0259kd\u0259dir. Az\u0259rbaycan\u0131n iqtisadi potensial\u0131n\u0131n d\u00fczg\u00fcn istiqam\u0259tl\u0259ndirilm\u0259si, bu sah\u0259d\u0259 \u015f\u0259ffafl\u0131\u011f\u0131n&hellip;<\/p>\n","protected":false},"author":2,"featured_media":440312,"comment_status":"closed","ping_status":"closed","sticky":false,"template":"","format":"standard","meta":{"om_disable_all_campaigns":false,"_monsterinsights_skip_tracking":false,"_monsterinsights_sitenote_active":false,"_monsterinsights_sitenote_note":"","_monsterinsights_sitenote_category":0},"categories":[8],"tags":[],"aioseo_notices":[],"gutentor_comment":0,"rttpg_featured_image_url":{"full":["https:\/\/arantv.az\/wp-content\/uploads\/2022\/02\/2eace51d164509274622126633910004778.jpg",975,540,false],"landscape":["https:\/\/arantv.az\/wp-content\/uploads\/2022\/02\/2eace51d164509274622126633910004778.jpg",975,540,false],"portraits":["https:\/\/arantv.az\/wp-content\/uploads\/2022\/02\/2eace51d164509274622126633910004778.jpg",975,540,false],"thumbnail":["https:\/\/arantv.az\/wp-content\/uploads\/2022\/02\/2eace51d164509274622126633910004778-500x280.jpg",500,280,true],"medium":["https:\/\/arantv.az\/wp-content\/uploads\/2022\/02\/2eace51d164509274622126633910004778-660x365.jpg",660,365,true],"large":["https:\/\/arantv.az\/wp-content\/uploads\/2022\/02\/2eace51d164509274622126633910004778-840x465.jpg",640,354,true],"1536x1536":["https:\/\/arantv.az\/wp-content\/uploads\/2022\/02\/2eace51d164509274622126633910004778.jpg",975,540,false],"2048x2048":["https:\/\/arantv.az\/wp-content\/uploads\/2022\/02\/2eace51d164509274622126633910004778.jpg",975,540,false],"post-thumbnail":["https:\/\/arantv.az\/wp-content\/uploads\/2022\/02\/2eace51d164509274622126633910004778-240x172.jpg",240,172,true],"advps-thumb-one":["https:\/\/arantv.az\/wp-content\/uploads\/2022\/02\/2eace51d164509274622126633910004778.jpg",975,540,false]},"rttpg_author":{"display_name":"V\u00fcsal Rafiqo\u011flu","author_link":"https:\/\/arantv.az\/?author=2"},"rttpg_comment":0,"rttpg_category":"<a href=\"https:\/\/arantv.az\/?cat=8\" rel=\"category\">\u018fsas s\u0259hif\u0259<\/a>","rttpg_excerpt":"B\u00f6y\u00fck Z\u0259f\u0259rl\u0259 yekunla\u015fan 44 g\u00fcnl\u00fck V\u0259t\u0259n m\u00fcharib\u0259sind\u0259n bir ild\u0259n bir q\u0259d\u0259r art\u0131q vaxt ke\u00e7ir. Bu vaxt \u0259rzind\u0259 i\u015f\u011faldan azad olunmu\u015f \u0259razil\u0259rd\u0259 geni\u015fmiqyasl\u0131 b\u0259rpa v\u0259 infrastruktur quruculu\u011fu i\u015fl\u0259rin\u0259 ba\u015flan\u0131lmas\u0131 v\u0259 bu i\u015fl\u0259rin s\u00fcr\u0259tl\u0259, eyni zamanda keyfiyy\u0259tl\u0259 davam etdirilm\u0259si Az\u0259rbaycan d\u00f6vl\u0259tinin g\u00fcc\u00fcn\u00fcn, iqtisadi potensial\u0131n\u0131n g\u00f6st\u0259ricisidir. G\u00fccl\u00fc d\u00f6vl\u0259t olan Az\u0259rbaycan \u00fc\u00e7 onillik \u0259rzind\u0259 erm\u0259ni vandallar\u0131 t\u0259r\u0259find\u0259n da\u011f\u0131d\u0131laraq yerl\u0259-yeksan&hellip;","_links":{"self":[{"href":"https:\/\/arantv.az\/index.php?rest_route=\/wp\/v2\/posts\/440311"}],"collection":[{"href":"https:\/\/arantv.az\/index.php?rest_route=\/wp\/v2\/posts"}],"about":[{"href":"https:\/\/arantv.az\/index.php?rest_route=\/wp\/v2\/types\/post"}],"author":[{"embeddable":true,"href":"https:\/\/arantv.az\/index.php?rest_route=\/wp\/v2\/users\/2"}],"replies":[{"embeddable":true,"href":"https:\/\/arantv.az\/index.php?rest_route=%2Fwp%2Fv2%2Fcomments&post=440311"}],"version-history":[{"count":0,"href":"https:\/\/arantv.az\/index.php?rest_route=\/wp\/v2\/posts\/440311\/revisions"}],"wp:featuredmedia":[{"embeddable":true,"href":"https:\/\/arantv.az\/index.php?rest_route=\/wp\/v2\/media\/440312"}],"wp:attachment":[{"href":"https:\/\/arantv.az\/index.php?rest_route=%2Fwp%2Fv2%2Fmedia&parent=440311"}],"wp:term":[{"taxonomy":"category","embeddable":true,"href":"https:\/\/arantv.az\/index.php?rest_route=%2Fwp%2Fv2%2Fcategories&post=440311"},{"taxonomy":"post_tag","embeddable":true,"href":"https:\/\/arantv.az\/index.php?rest_route=%2Fwp%2Fv2%2Ftags&post=440311"}],"curies":[{"name":"wp","href":"https:\/\/api.w.org\/{rel}","templated":true}]}}