{"id":440323,"date":"2022-02-17T15:52:47","date_gmt":"2022-02-17T12:52:47","guid":{"rendered":"http:\/\/arantv.az\/?p=440323"},"modified":"2022-02-17T15:52:47","modified_gmt":"2022-02-17T12:52:47","slug":"abs-meri-xocali-soyqiriminin-30-cu-ildonumu-il%c9%99-bagli-b%c9%99yannam%c9%99-imzaladi","status":"publish","type":"post","link":"https:\/\/arantv.az\/?p=440323","title":{"rendered":"AB\u015e meri Xocal\u0131 soyq\u0131r\u0131m\u0131n\u0131n 30-cu ild\u00f6n\u00fcm\u00fc il\u0259 ba\u011fl\u0131 b\u0259yannam\u0259 imzalad\u0131"},"content":{"rendered":"<p>AB\u015e-\u0131n Florida \u015ftat\u0131n\u0131n Hallandeyl Bi\u00e7 \u015f\u0259h\u0259rinin meri Coy Kuper Xocal\u0131 soyq\u0131r\u0131m\u0131n\u0131n 30-cu ild\u00f6n\u00fcm\u00fc il\u0259 \u0259laq\u0259dar b\u0259yannam\u0259 imzalay\u0131b.<\/p>\n<p>Diasporla \u0130\u015f \u00fczr\u0259 D\u00f6vl\u0259t Komit\u0259sind\u0259n veril\u0259n m\u0259lumata g\u00f6r\u0259, Az\u0259rbaycan icmas\u0131na \u00fcnvanlanm\u0131\u015f b\u0259yannam\u0259d\u0259 deyilir ki, 1988-ci ild\u0259 Erm\u0259nistan\u0131n Az\u0259rbaycana qar\u015f\u0131 ba\u015flad\u0131\u011f\u0131 h\u0259rbi t\u0259cav\u00fcz v\u0259 etnik t\u0259mizl\u0259m\u0259 siyas\u0259ti n\u0259tic\u0259sind\u0259 erm\u0259ni silahl\u0131 birl\u0259\u015fm\u0259l\u0259ri sovet ordusunun 366-c\u0131 motoat\u0131c\u0131 alay\u0131n\u0131n k\u00f6m\u0259yi il\u0259 1992-ci il fevral\u0131n 25-d\u0259n 26-na ke\u00e7\u0259n gec\u0259 Xocal\u0131ya h\u00fccum edibl\u0259r v\u0259 dinc \u0259haliy\u0259 qar\u015f\u0131 d\u0259h\u015f\u0259tli q\u0259tliam t\u00f6r\u0259dibl\u0259r. N\u0259tic\u0259d\u0259 613 n\u0259f\u0259r, o c\u00fcml\u0259d\u0259n 106 qad\u0131n, 63 u\u015faq, 70 qoca erm\u0259ni h\u0259rb\u00e7il\u0259ri t\u0259r\u0259find\u0259n q\u0259tl\u0259 yetirilib. B\u0259zi ekspertl\u0259r Xocal\u0131 faci\u0259sini &#8220;Az\u0259rbaycan Srebrenitsas\u0131&#8221; adland\u0131r\u0131rlar.<\/p>\n<p>N\u0259z\u0259r\u0259 \u00e7atd\u0131r\u0131l\u0131b ki, 1993-c\u00fc ild\u0259 BMT T\u0259hl\u00fck\u0259sizlik \u015euras\u0131 Erm\u0259nistan silahl\u0131 q\u00fcvv\u0259l\u0259rinin Az\u0259rbaycan\u0131n i\u015f\u011fal olunmu\u015f \u0259razil\u0259rind\u0259n d\u0259rhal v\u0259 qeyd-\u015f\u0259rtsiz \u00e7\u0131xar\u0131lmas\u0131n\u0131 t\u0259l\u0259b ed\u0259n 822, 853, 874 v\u0259 884 sayl\u0131 q\u0259tnam\u0259l\u0259ri q\u0259bul edib. Az\u0259rbaycan\u0131n suverenliyinin v\u0259 \u0259razi b\u00fct\u00f6vl\u00fcy\u00fcn\u00fcn BMT Ba\u015f Assambleyas\u0131, Avropa Parlamenti, A\u015ePA, AT\u018fT, AB\u015e D\u00f6vl\u0259t Departamenti v\u0259 A\u011f Ev t\u0259r\u0259find\u0259n d\u0259st\u0259kl\u0259ndiyi x\u00fcsusi vur\u011fulan\u0131b.<\/p>\n<p>Coy Kuper b\u0259yannam\u0259ni Floridada f\u0259aliyy\u0259t g\u00f6st\u0259r\u0259n Az\u0259rbaycan diaspor t\u0259\u015fkilat\u0131n\u0131n n\u00fcmay\u0259nd\u0259l\u0259rin\u0259 t\u0259qdim edib.<\/p>\n","protected":false},"excerpt":{"rendered":"<p>AB\u015e-\u0131n Florida \u015ftat\u0131n\u0131n Hallandeyl Bi\u00e7 \u015f\u0259h\u0259rinin meri Coy Kuper Xocal\u0131 soyq\u0131r\u0131m\u0131n\u0131n 30-cu ild\u00f6n\u00fcm\u00fc il\u0259 \u0259laq\u0259dar b\u0259yannam\u0259 imzalay\u0131b. Diasporla \u0130\u015f \u00fczr\u0259 D\u00f6vl\u0259t Komit\u0259sind\u0259n veril\u0259n m\u0259lumata g\u00f6r\u0259, Az\u0259rbaycan icmas\u0131na \u00fcnvanlanm\u0131\u015f b\u0259yannam\u0259d\u0259 deyilir ki, 1988-ci ild\u0259 Erm\u0259nistan\u0131n Az\u0259rbaycana qar\u015f\u0131 ba\u015flad\u0131\u011f\u0131 h\u0259rbi t\u0259cav\u00fcz v\u0259 etnik t\u0259mizl\u0259m\u0259 siyas\u0259ti n\u0259tic\u0259sind\u0259 erm\u0259ni silahl\u0131 birl\u0259\u015fm\u0259l\u0259ri sovet ordusunun 366-c\u0131 motoat\u0131c\u0131 alay\u0131n\u0131n k\u00f6m\u0259yi il\u0259 1992-ci il fevral\u0131n 25-d\u0259n 26-na ke\u00e7\u0259n gec\u0259 Xocal\u0131ya h\u00fccum edibl\u0259r v\u0259 dinc \u0259haliy\u0259 qar\u015f\u0131 d\u0259h\u015f\u0259tli q\u0259tliam t\u00f6r\u0259dibl\u0259r. N\u0259tic\u0259d\u0259 613 n\u0259f\u0259r, o c\u00fcml\u0259d\u0259n 106 qad\u0131n, 63 u\u015faq, 70 qoca erm\u0259ni h\u0259rb\u00e7il\u0259ri t\u0259r\u0259find\u0259n q\u0259tl\u0259 yetirilib. B\u0259zi ekspertl\u0259r Xocal\u0131&hellip;<\/p>\n","protected":false},"author":2,"featured_media":440324,"comment_status":"closed","ping_status":"closed","sticky":false,"template":"","format":"standard","meta":{"om_disable_all_campaigns":false,"_monsterinsights_skip_tracking":false,"_monsterinsights_sitenote_active":false,"_monsterinsights_sitenote_note":"","_monsterinsights_sitenote_category":0},"categories":[7],"tags":[],"aioseo_notices":[],"gutentor_comment":0,"rttpg_featured_image_url":{"full":["https:\/\/arantv.az\/wp-content\/uploads\/2022\/02\/1020425.jpg",800,600,false],"landscape":["https:\/\/arantv.az\/wp-content\/uploads\/2022\/02\/1020425.jpg",800,600,false],"portraits":["https:\/\/arantv.az\/wp-content\/uploads\/2022\/02\/1020425.jpg",800,600,false],"thumbnail":["https:\/\/arantv.az\/wp-content\/uploads\/2022\/02\/1020425-500x280.jpg",500,280,true],"medium":["https:\/\/arantv.az\/wp-content\/uploads\/2022\/02\/1020425-487x365.jpg",487,365,true],"large":["https:\/\/arantv.az\/wp-content\/uploads\/2022\/02\/1020425.jpg",640,480,false],"1536x1536":["https:\/\/arantv.az\/wp-content\/uploads\/2022\/02\/1020425.jpg",800,600,false],"2048x2048":["https:\/\/arantv.az\/wp-content\/uploads\/2022\/02\/1020425.jpg",800,600,false],"post-thumbnail":["https:\/\/arantv.az\/wp-content\/uploads\/2022\/02\/1020425-240x172.jpg",240,172,true],"advps-thumb-one":["https:\/\/arantv.az\/wp-content\/uploads\/2022\/02\/1020425.jpg",800,600,false]},"rttpg_author":{"display_name":"V\u00fcsal Rafiqo\u011flu","author_link":"https:\/\/arantv.az\/?author=2"},"rttpg_comment":0,"rttpg_category":"<a href=\"https:\/\/arantv.az\/?cat=7\" rel=\"category\">D\u00fcnya<\/a>","rttpg_excerpt":"AB\u015e-\u0131n Florida \u015ftat\u0131n\u0131n Hallandeyl Bi\u00e7 \u015f\u0259h\u0259rinin meri Coy Kuper Xocal\u0131 soyq\u0131r\u0131m\u0131n\u0131n 30-cu ild\u00f6n\u00fcm\u00fc il\u0259 \u0259laq\u0259dar b\u0259yannam\u0259 imzalay\u0131b. Diasporla \u0130\u015f \u00fczr\u0259 D\u00f6vl\u0259t Komit\u0259sind\u0259n veril\u0259n m\u0259lumata g\u00f6r\u0259, Az\u0259rbaycan icmas\u0131na \u00fcnvanlanm\u0131\u015f b\u0259yannam\u0259d\u0259 deyilir ki, 1988-ci ild\u0259 Erm\u0259nistan\u0131n Az\u0259rbaycana qar\u015f\u0131 ba\u015flad\u0131\u011f\u0131 h\u0259rbi t\u0259cav\u00fcz v\u0259 etnik t\u0259mizl\u0259m\u0259 siyas\u0259ti n\u0259tic\u0259sind\u0259 erm\u0259ni silahl\u0131 birl\u0259\u015fm\u0259l\u0259ri sovet ordusunun 366-c\u0131 motoat\u0131c\u0131 alay\u0131n\u0131n k\u00f6m\u0259yi il\u0259 1992-ci&hellip;","_links":{"self":[{"href":"https:\/\/arantv.az\/index.php?rest_route=\/wp\/v2\/posts\/440323"}],"collection":[{"href":"https:\/\/arantv.az\/index.php?rest_route=\/wp\/v2\/posts"}],"about":[{"href":"https:\/\/arantv.az\/index.php?rest_route=\/wp\/v2\/types\/post"}],"author":[{"embeddable":true,"href":"https:\/\/arantv.az\/index.php?rest_route=\/wp\/v2\/users\/2"}],"replies":[{"embeddable":true,"href":"https:\/\/arantv.az\/index.php?rest_route=%2Fwp%2Fv2%2Fcomments&post=440323"}],"version-history":[{"count":0,"href":"https:\/\/arantv.az\/index.php?rest_route=\/wp\/v2\/posts\/440323\/revisions"}],"wp:featuredmedia":[{"embeddable":true,"href":"https:\/\/arantv.az\/index.php?rest_route=\/wp\/v2\/media\/440324"}],"wp:attachment":[{"href":"https:\/\/arantv.az\/index.php?rest_route=%2Fwp%2Fv2%2Fmedia&parent=440323"}],"wp:term":[{"taxonomy":"category","embeddable":true,"href":"https:\/\/arantv.az\/index.php?rest_route=%2Fwp%2Fv2%2Fcategories&post=440323"},{"taxonomy":"post_tag","embeddable":true,"href":"https:\/\/arantv.az\/index.php?rest_route=%2Fwp%2Fv2%2Ftags&post=440323"}],"curies":[{"name":"wp","href":"https:\/\/api.w.org\/{rel}","templated":true}]}}