{"id":440326,"date":"2022-02-17T15:53:47","date_gmt":"2022-02-17T12:53:47","guid":{"rendered":"http:\/\/arantv.az\/?p=440326"},"modified":"2022-02-17T15:53:47","modified_gmt":"2022-02-17T12:53:47","slug":"bmt-azad-olunmus-%c9%99razil%c9%99rd%c9%99-qiym%c9%99tl%c9%99ndirm%c9%99-missiyasi-h%c9%99yata-kecir%c9%99c%c9%99k","status":"publish","type":"post","link":"https:\/\/arantv.az\/?p=440326","title":{"rendered":"BMT azad olunmu\u015f \u0259razil\u0259rd\u0259 qiym\u0259tl\u0259ndirm\u0259 missiyas\u0131 h\u0259yata ke\u00e7ir\u0259c\u0259k"},"content":{"rendered":"<p>Bu g\u00fcn\u00a0Milli M\u0259clisin s\u0259dri Sahib\u0259 Qafarova BMT-nin Az\u0259rbaycandak\u0131 rezident \u0259laq\u0259l\u0259ndiricisi Vladanka Andreeva il\u0259 g\u00f6r\u00fc\u015f\u00fcb.<\/p>\n<p><strong>ARANTV.AZ\u00a0 x\u0259b\u0259r verir ki,<\/strong>\u00a0\u00a0Milli M\u0259clisin M\u0259tbuat v\u0259 ictimaiyy\u0259tl\u0259 \u0259laq\u0259l\u0259r \u015f\u00f6b\u0259sind\u0259n\u00a0veril\u0259n x\u0259b\u0259r\u0259 g\u00f6r\u0259, spiker onun BMT-nin Az\u0259rbaycandak\u0131 rezident \u0259laq\u0259l\u0259ndiricisi kimi f\u0259aliyy\u0259tinin qar\u015f\u0131l\u0131ql\u0131 \u0259m\u0259kda\u015fl\u0131\u011f\u0131n m\u00f6hk\u0259ml\u0259nm\u0259sin\u0259 t\u00f6hf\u0259 ver\u0259c\u0259yin\u0259 inand\u0131\u011f\u0131n\u0131 ifad\u0259 edib, qona\u011fa bu sah\u0259d\u0259 u\u011furlar arzulay\u0131b.<\/p>\n<p>Sahib\u0259 Qafarova diqq\u0259t\u0259 \u00e7atd\u0131r\u0131b ki, Az\u0259rbaycan n\u00fcfuzlu beyn\u0259lxalq t\u0259\u015fkilatlarla \u0259laq\u0259l\u0259rin inki\u015faf\u0131na \u00f6n\u0259m verir. Az\u0259rbaycan\u0131n 155 \u00fczv d\u00f6vl\u0259tin d\u0259st\u0259yi il\u0259 BMT T\u0259hl\u00fck\u0259sizlik \u015euras\u0131na 2012-2013-c\u00fc ill\u0259r \u0259rzind\u0259 qeyri-daimi \u00fczv se\u00e7ilm\u0259si \u00f6lk\u0259mizin beyn\u0259lxalq n\u00fcfuzunu n\u00fcmayi\u015f etdirir.<\/p>\n<p>Milli M\u0259clisin s\u0259dri diqq\u0259t\u0259 \u00e7atd\u0131r\u0131b ki, bu g\u00fcn Az\u0259rbaycan Qo\u015fulmama H\u0259r\u0259kat\u0131n\u0131n s\u0259dri kimi h\u0259m d\u0259 BMT-nin t\u0259\u015f\u0259bb\u00fcsl\u0259rini d\u0259st\u0259kl\u0259yir v\u0259 qlobal narahatl\u0131q do\u011furan m\u0259s\u0259l\u0259l\u0259r \u00fczr\u0259 g\u00f6r\u00fcl\u0259n i\u015fl\u0259r\u0259 \u00f6z t\u00f6hf\u0259sini verir. 2020-ci ilin dekabr\u0131nda Az\u0259rbaycan Respublikas\u0131n\u0131n Prezidenti c\u0259nab \u0130lham \u018fliyevin Qo\u015fulmama H\u0259r\u0259kat\u0131n\u0131n s\u0259dri kimi ir\u0259li s\u00fcrd\u00fcy\u00fc t\u0259klif \u0259sas\u0131nda d\u00f6vl\u0259t v\u0259 h\u00f6kum\u0259t ba\u015f\u00e7\u0131lar\u0131 s\u0259viyy\u0259sind\u0259 koronavirus (COVID-19) pandemiyas\u0131 il\u0259 m\u00fcbariz\u0259 \u00fczr\u0259 BMT Ba\u015f Assambleyas\u0131n\u0131n 31-ci x\u00fcsusi sessiyas\u0131n\u0131n \u00e7a\u011f\u0131r\u0131ld\u0131\u011f\u0131n\u0131 xat\u0131rladan spiker bu t\u0259dbirin \u0259h\u0259miyy\u0259tini vur\u011fulay\u0131b.\u00a0Sahib\u0259 Qafarova qeyd edib ki, Qo\u015fulmama H\u0259r\u0259kat\u0131n\u0131n s\u0259dri qismind\u0259 c\u0259nab \u0130lham \u018fliyevin t\u0259\u015f\u0259bb\u00fcs\u00fc il\u0259 23 mart 2021-ci il tarixind\u0259 BMT \u0130nsan H\u00fcquqlar\u0131 \u015euras\u0131n\u0131n 46-c\u0131 sessiyas\u0131 \u00e7\u0259r\u00e7iv\u0259sind\u0259 v\u0259 16 dekabr 2021-ci il tarixind\u0259 Ba\u015f Assambleyan\u0131n 76-c\u0131 sessiyas\u0131 \u00e7\u0259r\u00e7iv\u0259sind\u0259 plenar iclasda 179 \u00fczv d\u00f6vl\u0259tin d\u0259st\u0259yi il\u0259 q\u0259bul edilmi\u015f \u201cCOVID-19 \u0259leyhin\u0259 peyv\u0259ndl\u0259r\u0259 b\u0259rab\u0259r, m\u0259qbul qiym\u0259t\u0259, vaxt\u0131nda v\u0259 universal \u0259l\u00e7atanl\u0131\u011f\u0131n t\u0259min edilm\u0259si\u201d adl\u0131 q\u0259tnam\u0259 x\u00fcsusi \u0259h\u0259miyy\u0259t\u0259 malikdir.<\/p>\n<p>G\u00f6r\u00fc\u015fd\u0259 Milli M\u0259clisin s\u0259dri Az\u0259rbaycan\u0131n 44 g\u00fcnl\u00fck V\u0259t\u0259n m\u00fcharib\u0259si v\u0259 torpaqlar\u0131m\u0131z\u0131n i\u015f\u011faldan azad edilm\u0259si bar\u0259d\u0259 m\u0259lumat ver\u0259rib. Spiker diqq\u0259t\u0259 \u00e7atd\u0131r\u0131b ki, Erm\u0259nistan\u0131n 30 il\u0259 yax\u0131n davam ed\u0259n i\u015f\u011fal\u0131 n\u0259tic\u0259sind\u0259 b\u00fct\u00fcn \u015f\u0259h\u0259rl\u0259rimiz, k\u0259ndl\u0259rimiz, maddi-m\u0259d\u0259ni, dini obyektl\u0259r tamamil\u0259 da\u011f\u0131d\u0131l\u0131b. T\u0259\u0259ss\u00fcf ki, Az\u0259rbaycan\u0131n m\u00fcraci\u0259tl\u0259rin\u0259 baxmayaraq, b\u00fct\u00fcn i\u015f\u011fal d\u00f6vr\u00fcnd\u0259 YUNESKO bu \u0259razil\u0259rd\u0259 qiym\u0259tl\u0259ndirm\u0259 aparmay\u0131b.<\/p>\n<p>BMT-nin Az\u0259rbaycandak\u0131 rezident \u0259laq\u0259l\u0259ndiricisi Vladanka Andreeva Az\u0259rbaycan\u0131n BMT il\u0259 f\u0259al \u0259m\u0259kda\u015fl\u0131\u011f\u0131ndan m\u0259mnunlu\u011funu ifad\u0259 edib. Bildirib ki, Az\u0259rbaycan BMT \u00fc\u00e7\u00fcn m\u00fch\u00fcm m\u0259s\u0259l\u0259l\u0259rd\u0259 qlobal liderliyi \u00f6z \u00fcz\u0259rin\u0259 g\u00f6t\u00fcr\u0259n vacib t\u0259r\u0259fda\u015fd\u0131r.<\/p>\n<p>BMT n\u00fcmay\u0259nd\u0259si yax\u0131n vaxtlarda Az\u0259rbaycan\u0131n i\u015f\u011faldan azad olunmu\u015f \u0259razil\u0259rin\u0259 s\u0259f\u0259r ed\u0259c\u0259kl\u0259rini v\u0259 orada qiym\u0259tl\u0259ndirm\u0259 missiyas\u0131 h\u0259yata ke\u00e7ir\u0259c\u0259kl\u0259rini diqq\u0259t\u0259 \u00e7atd\u0131r\u0131b. O, Az\u0259rbaycan\u0131n i\u015f\u011faldan azad edilmi\u015f \u0259razil\u0259rin b\u0259rpas\u0131 bar\u0259d\u0259 planlar\u0131n\u0131n, x\u00fcsusil\u0259 d\u0259 a\u011f\u0131ll\u0131 \u015f\u0259h\u0259r, a\u011f\u0131ll\u0131 k\u0259nd layih\u0259l\u0259rinin onda b\u00f6y\u00fck t\u0259\u0259ss\u00fcrat yaratd\u0131\u011f\u0131n\u0131 qeyd edib.<\/p>\n<p>Dayan\u0131ql\u0131 inki\u015faf m\u0259qs\u0259dl\u0259rind\u0259n dan\u0131\u015fan BMT n\u00fcmay\u0259nd\u0259si bunun Az\u0259rbaycan\u0131n i\u015f\u011faldan azad olunmu\u015f torpaqlar\u0131n\u0131n b\u0259rpas\u0131nda m\u00fch\u00fcm rol oynad\u0131\u011f\u0131n\u0131 diqq\u0259t\u0259 \u00e7atd\u0131r\u0131b, \u0259razil\u0259rin minalardan t\u0259mizl\u0259nm\u0259si, infrastrukturun b\u0259rpas\u0131 v\u0259 insanlar\u0131n geri qay\u0131d\u0131\u015f\u0131n\u0131n t\u0259min edilm\u0259si bar\u0259d\u0259 fikirl\u0259rini b\u00f6l\u00fc\u015f\u00fcb.<\/p>\n<p>Vladanka Andeeva BMT v\u0259 Az\u0259rbaycan aras\u0131nda m\u00fcnasib\u0259tl\u0259rin bundan sonra da inki\u015faf ed\u0259c\u0259yin\u0259 \u0259minliyini bildirib v\u0259 bunun \u00fc\u00e7\u00fcn b\u00fct\u00fcn s\u0259yl\u0259rini s\u0259f\u0259rb\u0259r ed\u0259c\u0259yini vur\u011fulay\u0131b.<\/p>\n<p>S\u00f6hb\u0259t zaman\u0131 t\u0259r\u0259fl\u0259ri maraqland\u0131ran dig\u0259r m\u0259s\u0259l\u0259l\u0259r bar\u0259d\u0259 fikir m\u00fcbadil\u0259si apar\u0131l\u0131b.<\/p>\n","protected":false},"excerpt":{"rendered":"<p>Bu g\u00fcn\u00a0Milli M\u0259clisin s\u0259dri Sahib\u0259 Qafarova BMT-nin Az\u0259rbaycandak\u0131 rezident \u0259laq\u0259l\u0259ndiricisi Vladanka Andreeva il\u0259 g\u00f6r\u00fc\u015f\u00fcb. ARANTV.AZ\u00a0 x\u0259b\u0259r verir ki,\u00a0\u00a0Milli M\u0259clisin M\u0259tbuat v\u0259 ictimaiyy\u0259tl\u0259 \u0259laq\u0259l\u0259r \u015f\u00f6b\u0259sind\u0259n\u00a0veril\u0259n x\u0259b\u0259r\u0259 g\u00f6r\u0259, spiker onun BMT-nin Az\u0259rbaycandak\u0131 rezident \u0259laq\u0259l\u0259ndiricisi kimi f\u0259aliyy\u0259tinin qar\u015f\u0131l\u0131ql\u0131 \u0259m\u0259kda\u015fl\u0131\u011f\u0131n m\u00f6hk\u0259ml\u0259nm\u0259sin\u0259 t\u00f6hf\u0259 ver\u0259c\u0259yin\u0259 inand\u0131\u011f\u0131n\u0131 ifad\u0259 edib, qona\u011fa bu sah\u0259d\u0259 u\u011furlar arzulay\u0131b. Sahib\u0259 Qafarova diqq\u0259t\u0259 \u00e7atd\u0131r\u0131b ki, Az\u0259rbaycan n\u00fcfuzlu beyn\u0259lxalq t\u0259\u015fkilatlarla \u0259laq\u0259l\u0259rin inki\u015faf\u0131na \u00f6n\u0259m verir. Az\u0259rbaycan\u0131n 155 \u00fczv d\u00f6vl\u0259tin d\u0259st\u0259yi il\u0259 BMT T\u0259hl\u00fck\u0259sizlik \u015euras\u0131na 2012-2013-c\u00fc ill\u0259r \u0259rzind\u0259 qeyri-daimi \u00fczv se\u00e7ilm\u0259si \u00f6lk\u0259mizin beyn\u0259lxalq n\u00fcfuzunu n\u00fcmayi\u015f etdirir. Milli M\u0259clisin s\u0259dri diqq\u0259t\u0259 \u00e7atd\u0131r\u0131b ki, bu g\u00fcn Az\u0259rbaycan Qo\u015fulmama&hellip;<\/p>\n","protected":false},"author":2,"featured_media":440327,"comment_status":"closed","ping_status":"closed","sticky":false,"template":"","format":"standard","meta":{"om_disable_all_campaigns":false,"_monsterinsights_skip_tracking":false,"_monsterinsights_sitenote_active":false,"_monsterinsights_sitenote_note":"","_monsterinsights_sitenote_category":0},"categories":[4],"tags":[],"aioseo_notices":[],"gutentor_comment":0,"rttpg_featured_image_url":{"full":["https:\/\/arantv.az\/wp-content\/uploads\/2022\/02\/65fc52ed164510205161553592111078829.jpg",975,540,false],"landscape":["https:\/\/arantv.az\/wp-content\/uploads\/2022\/02\/65fc52ed164510205161553592111078829.jpg",975,540,false],"portraits":["https:\/\/arantv.az\/wp-content\/uploads\/2022\/02\/65fc52ed164510205161553592111078829.jpg",975,540,false],"thumbnail":["https:\/\/arantv.az\/wp-content\/uploads\/2022\/02\/65fc52ed164510205161553592111078829-500x280.jpg",500,280,true],"medium":["https:\/\/arantv.az\/wp-content\/uploads\/2022\/02\/65fc52ed164510205161553592111078829-660x365.jpg",660,365,true],"large":["https:\/\/arantv.az\/wp-content\/uploads\/2022\/02\/65fc52ed164510205161553592111078829-840x465.jpg",640,354,true],"1536x1536":["https:\/\/arantv.az\/wp-content\/uploads\/2022\/02\/65fc52ed164510205161553592111078829.jpg",975,540,false],"2048x2048":["https:\/\/arantv.az\/wp-content\/uploads\/2022\/02\/65fc52ed164510205161553592111078829.jpg",975,540,false],"post-thumbnail":["https:\/\/arantv.az\/wp-content\/uploads\/2022\/02\/65fc52ed164510205161553592111078829-240x172.jpg",240,172,true],"advps-thumb-one":["https:\/\/arantv.az\/wp-content\/uploads\/2022\/02\/65fc52ed164510205161553592111078829.jpg",975,540,false]},"rttpg_author":{"display_name":"V\u00fcsal Rafiqo\u011flu","author_link":"https:\/\/arantv.az\/?author=2"},"rttpg_comment":0,"rttpg_category":"<a href=\"https:\/\/arantv.az\/?cat=4\" rel=\"category\">Siyas\u0259t<\/a>","rttpg_excerpt":"Bu g\u00fcn\u00a0Milli M\u0259clisin s\u0259dri Sahib\u0259 Qafarova BMT-nin Az\u0259rbaycandak\u0131 rezident \u0259laq\u0259l\u0259ndiricisi Vladanka Andreeva il\u0259 g\u00f6r\u00fc\u015f\u00fcb. ARANTV.AZ\u00a0 x\u0259b\u0259r verir ki,\u00a0\u00a0Milli M\u0259clisin M\u0259tbuat v\u0259 ictimaiyy\u0259tl\u0259 \u0259laq\u0259l\u0259r \u015f\u00f6b\u0259sind\u0259n\u00a0veril\u0259n x\u0259b\u0259r\u0259 g\u00f6r\u0259, spiker onun BMT-nin Az\u0259rbaycandak\u0131 rezident \u0259laq\u0259l\u0259ndiricisi kimi f\u0259aliyy\u0259tinin qar\u015f\u0131l\u0131ql\u0131 \u0259m\u0259kda\u015fl\u0131\u011f\u0131n m\u00f6hk\u0259ml\u0259nm\u0259sin\u0259 t\u00f6hf\u0259 ver\u0259c\u0259yin\u0259 inand\u0131\u011f\u0131n\u0131 ifad\u0259 edib, qona\u011fa bu sah\u0259d\u0259 u\u011furlar arzulay\u0131b. Sahib\u0259 Qafarova diqq\u0259t\u0259 \u00e7atd\u0131r\u0131b ki, Az\u0259rbaycan n\u00fcfuzlu beyn\u0259lxalq&hellip;","_links":{"self":[{"href":"https:\/\/arantv.az\/index.php?rest_route=\/wp\/v2\/posts\/440326"}],"collection":[{"href":"https:\/\/arantv.az\/index.php?rest_route=\/wp\/v2\/posts"}],"about":[{"href":"https:\/\/arantv.az\/index.php?rest_route=\/wp\/v2\/types\/post"}],"author":[{"embeddable":true,"href":"https:\/\/arantv.az\/index.php?rest_route=\/wp\/v2\/users\/2"}],"replies":[{"embeddable":true,"href":"https:\/\/arantv.az\/index.php?rest_route=%2Fwp%2Fv2%2Fcomments&post=440326"}],"version-history":[{"count":0,"href":"https:\/\/arantv.az\/index.php?rest_route=\/wp\/v2\/posts\/440326\/revisions"}],"wp:featuredmedia":[{"embeddable":true,"href":"https:\/\/arantv.az\/index.php?rest_route=\/wp\/v2\/media\/440327"}],"wp:attachment":[{"href":"https:\/\/arantv.az\/index.php?rest_route=%2Fwp%2Fv2%2Fmedia&parent=440326"}],"wp:term":[{"taxonomy":"category","embeddable":true,"href":"https:\/\/arantv.az\/index.php?rest_route=%2Fwp%2Fv2%2Fcategories&post=440326"},{"taxonomy":"post_tag","embeddable":true,"href":"https:\/\/arantv.az\/index.php?rest_route=%2Fwp%2Fv2%2Ftags&post=440326"}],"curies":[{"name":"wp","href":"https:\/\/api.w.org\/{rel}","templated":true}]}}