{"id":440333,"date":"2022-02-17T16:03:51","date_gmt":"2022-02-17T13:03:51","guid":{"rendered":"http:\/\/arantv.az\/?p=440333"},"modified":"2022-02-17T16:03:51","modified_gmt":"2022-02-17T13:03:51","slug":"din-d%c9%99n-x%c9%99b%c9%99rdarliq-yuks%c9%99k-s%c9%99sl%c9%99-s%c9%99rnisinl%c9%99ri-cagiranlara-qarsi-t%c9%99dbirl%c9%99r-gorul%c9%99c%c9%99k","status":"publish","type":"post","link":"https:\/\/arantv.az\/?p=440333","title":{"rendered":"D\u0130N-d\u0259n x\u0259b\u0259rdarl\u0131q: \u201cY\u00fcks\u0259k s\u0259sl\u0259 s\u0259rni\u015finl\u0259ri \u00e7a\u011f\u0131ranlara qar\u015f\u0131 t\u0259dbirl\u0259r g\u00f6r\u00fcl\u0259c\u0259k\u201d"},"content":{"rendered":"<p>\u201cY\u00fcks\u0259k s\u0259sl\u0259 s\u0259rni\u015finl\u0259ri \u00e7a\u011f\u0131ranlara qar\u015f\u0131 t\u0259dbirl\u0259r g\u00f6r\u00fcl\u0259c\u0259k\u201d.<\/p>\n<p>Bunu\u00a0\u201cReport\u201da a\u00e7\u0131qlamas\u0131nda Daxili \u0130\u015fl\u0259r Nazirliyinin M\u0259tbuat Xidm\u0259tinin polis leytenant\u0131 Nurlan \u018fliyev deyib.<\/p>\n<p>O bildirib ki, paytaxt \u0259razisind\u0259 s\u0259rni\u015finl\u0259rin, piyadalar\u0131n, h\u0259m\u00e7inin avtomobill\u0259rin mane\u0259siz h\u0259r\u0259k\u0259tini t\u0259min etm\u0259k m\u0259qs\u0259dil\u0259 polis \u0259m\u0259kda\u015flar\u0131 t\u0259r\u0259find\u0259n m\u00fct\u0259madi olaraq n\u0259zar\u0259t t\u0259dbirl\u0259ri h\u0259yata ke\u00e7irilir:<\/p>\n<p>\u201cN\u00f6vb\u0259ti bu kimi t\u0259dbir Bin\u0259q\u0259di rayonu \u0259razisi, Bak\u0131 Beyn\u0259lxalq Avtova\u011fzal Kompleksinin \u0259traf\u0131nda ba\u015f tutub. Rayonlararas\u0131 s\u0259rni\u015finda\u015f\u0131ma il\u0259 m\u0259\u015f\u011ful olan taksi s\u00fcr\u00fcc\u00fcl\u0259ri avtomobill\u0259rini yolun h\u0259r\u0259k\u0259t hiss\u0259sind\u0259 saxlayaraq, dig\u0259r n\u0259qliyyat vasit\u0259l\u0259rinin h\u0259r\u0259k\u0259tin\u0259 mane\u0259 t\u00f6r\u0259dirdi. T\u0259r\u0259fimizd\u0259n ke\u00e7iril\u0259n n\u0259zar\u0259t t\u0259dbirl\u0259ri n\u0259tic\u0259sind\u0259 bu kimi neqativ hallar\u0131n qar\u015f\u0131s\u0131 al\u0131n\u0131b. S\u00f6z\u00fcged\u0259n \u0259razid\u0259 24 saat polis \u0259m\u0259kda\u015flar\u0131 xidm\u0259t g\u00f6st\u0259rir\u201d.<\/p>\n<p>\u201cYaln\u0131z Bin\u0259q\u0259di rayon \u0259razisi deyil, paytaxt\u0131n dig\u0259r \u0259razil\u0259rind\u0259 d\u0259 s\u0259rni\u015finda\u015f\u0131ma il\u0259 m\u0259\u015f\u011ful olan s\u00fcr\u00fcc\u00fcl\u0259r bu c\u00fcr neqativ hallara yol verm\u0259m\u0259li, yolun h\u0259r\u0259k\u0259t hiss\u0259sind\u0259 avtomobill\u0259rini park etm\u0259m\u0259lidirl\u0259r. Y\u00fcks\u0259k s\u0259sl\u0259 s\u0259rni\u015finl\u0259ri \u00e7a\u011f\u0131rmaqla dig\u0259r \u015f\u0259xsl\u0259r\u0259 mane t\u00f6r\u0259dirl\u0259r. Bu c\u00fcr neqativ hallar\u0131n qar\u015f\u0131s\u0131n\u0131 almaq \u00fc\u00e7\u00fcn t\u0259r\u0259fimizd\u0259n laz\u0131mi t\u0259dbirl\u0259r g\u00f6r\u00fcl\u0259c\u0259k\u201d, &#8211; o bildirib.<\/p>\n<p>Qeyd ed\u0259k ki, paytaxt \u0259razisind\u0259 taksi f\u0259aliyy\u0259ti il\u0259 m\u0259\u015f\u011ful olan avtomobill\u0259r \u00fc\u00e7\u00fcn x\u00fcsusi yerl\u0259r ayr\u0131l\u0131b.<\/p>\n","protected":false},"excerpt":{"rendered":"<p>\u201cY\u00fcks\u0259k s\u0259sl\u0259 s\u0259rni\u015finl\u0259ri \u00e7a\u011f\u0131ranlara qar\u015f\u0131 t\u0259dbirl\u0259r g\u00f6r\u00fcl\u0259c\u0259k\u201d. Bunu\u00a0\u201cReport\u201da a\u00e7\u0131qlamas\u0131nda Daxili \u0130\u015fl\u0259r Nazirliyinin M\u0259tbuat Xidm\u0259tinin polis leytenant\u0131 Nurlan \u018fliyev deyib. O bildirib ki, paytaxt \u0259razisind\u0259 s\u0259rni\u015finl\u0259rin, piyadalar\u0131n, h\u0259m\u00e7inin avtomobill\u0259rin mane\u0259siz h\u0259r\u0259k\u0259tini t\u0259min etm\u0259k m\u0259qs\u0259dil\u0259 polis \u0259m\u0259kda\u015flar\u0131 t\u0259r\u0259find\u0259n m\u00fct\u0259madi olaraq n\u0259zar\u0259t t\u0259dbirl\u0259ri h\u0259yata ke\u00e7irilir: \u201cN\u00f6vb\u0259ti bu kimi t\u0259dbir Bin\u0259q\u0259di rayonu \u0259razisi, Bak\u0131 Beyn\u0259lxalq Avtova\u011fzal Kompleksinin \u0259traf\u0131nda ba\u015f tutub. Rayonlararas\u0131 s\u0259rni\u015finda\u015f\u0131ma il\u0259 m\u0259\u015f\u011ful olan taksi s\u00fcr\u00fcc\u00fcl\u0259ri avtomobill\u0259rini yolun h\u0259r\u0259k\u0259t hiss\u0259sind\u0259 saxlayaraq, dig\u0259r n\u0259qliyyat vasit\u0259l\u0259rinin h\u0259r\u0259k\u0259tin\u0259 mane\u0259 t\u00f6r\u0259dirdi. T\u0259r\u0259fimizd\u0259n ke\u00e7iril\u0259n n\u0259zar\u0259t t\u0259dbirl\u0259ri n\u0259tic\u0259sind\u0259 bu kimi neqativ hallar\u0131n qar\u015f\u0131s\u0131 al\u0131n\u0131b. S\u00f6z\u00fcged\u0259n \u0259razid\u0259 24 saat polis&hellip;<\/p>\n","protected":false},"author":2,"featured_media":335144,"comment_status":"closed","ping_status":"closed","sticky":false,"template":"","format":"standard","meta":{"om_disable_all_campaigns":false,"_monsterinsights_skip_tracking":false,"_monsterinsights_sitenote_active":false,"_monsterinsights_sitenote_note":"","_monsterinsights_sitenote_category":0},"categories":[1],"tags":[],"aioseo_notices":[],"gutentor_comment":0,"rttpg_featured_image_url":{"full":["https:\/\/arantv.az\/wp-content\/uploads\/2021\/05\/polis-1.jpg",620,349,false],"landscape":["https:\/\/arantv.az\/wp-content\/uploads\/2021\/05\/polis-1.jpg",620,349,false],"portraits":["https:\/\/arantv.az\/wp-content\/uploads\/2021\/05\/polis-1.jpg",620,349,false],"thumbnail":["https:\/\/arantv.az\/wp-content\/uploads\/2021\/05\/polis-1-500x280.jpg",500,280,true],"medium":["https:\/\/arantv.az\/wp-content\/uploads\/2021\/05\/polis-1.jpg",620,349,false],"large":["https:\/\/arantv.az\/wp-content\/uploads\/2021\/05\/polis-1.jpg",620,349,false],"1536x1536":["https:\/\/arantv.az\/wp-content\/uploads\/2021\/05\/polis-1.jpg",620,349,false],"2048x2048":["https:\/\/arantv.az\/wp-content\/uploads\/2021\/05\/polis-1.jpg",620,349,false],"post-thumbnail":["https:\/\/arantv.az\/wp-content\/uploads\/2021\/05\/polis-1-240x172.jpg",240,172,true],"advps-thumb-one":["https:\/\/arantv.az\/wp-content\/uploads\/2021\/05\/polis-1.jpg",620,349,false]},"rttpg_author":{"display_name":"V\u00fcsal Rafiqo\u011flu","author_link":"https:\/\/arantv.az\/?author=2"},"rttpg_comment":0,"rttpg_category":"<a href=\"https:\/\/arantv.az\/?cat=1\" rel=\"category\">C\u0259miyy\u0259t<\/a>","rttpg_excerpt":"\u201cY\u00fcks\u0259k s\u0259sl\u0259 s\u0259rni\u015finl\u0259ri \u00e7a\u011f\u0131ranlara qar\u015f\u0131 t\u0259dbirl\u0259r g\u00f6r\u00fcl\u0259c\u0259k\u201d. Bunu\u00a0\u201cReport\u201da a\u00e7\u0131qlamas\u0131nda Daxili \u0130\u015fl\u0259r Nazirliyinin M\u0259tbuat Xidm\u0259tinin polis leytenant\u0131 Nurlan \u018fliyev deyib. O bildirib ki, paytaxt \u0259razisind\u0259 s\u0259rni\u015finl\u0259rin, piyadalar\u0131n, h\u0259m\u00e7inin avtomobill\u0259rin mane\u0259siz h\u0259r\u0259k\u0259tini t\u0259min etm\u0259k m\u0259qs\u0259dil\u0259 polis \u0259m\u0259kda\u015flar\u0131 t\u0259r\u0259find\u0259n m\u00fct\u0259madi olaraq n\u0259zar\u0259t t\u0259dbirl\u0259ri h\u0259yata ke\u00e7irilir: \u201cN\u00f6vb\u0259ti bu kimi t\u0259dbir Bin\u0259q\u0259di rayonu \u0259razisi, Bak\u0131 Beyn\u0259lxalq Avtova\u011fzal Kompleksinin \u0259traf\u0131nda ba\u015f&hellip;","_links":{"self":[{"href":"https:\/\/arantv.az\/index.php?rest_route=\/wp\/v2\/posts\/440333"}],"collection":[{"href":"https:\/\/arantv.az\/index.php?rest_route=\/wp\/v2\/posts"}],"about":[{"href":"https:\/\/arantv.az\/index.php?rest_route=\/wp\/v2\/types\/post"}],"author":[{"embeddable":true,"href":"https:\/\/arantv.az\/index.php?rest_route=\/wp\/v2\/users\/2"}],"replies":[{"embeddable":true,"href":"https:\/\/arantv.az\/index.php?rest_route=%2Fwp%2Fv2%2Fcomments&post=440333"}],"version-history":[{"count":0,"href":"https:\/\/arantv.az\/index.php?rest_route=\/wp\/v2\/posts\/440333\/revisions"}],"wp:featuredmedia":[{"embeddable":true,"href":"https:\/\/arantv.az\/index.php?rest_route=\/wp\/v2\/media\/335144"}],"wp:attachment":[{"href":"https:\/\/arantv.az\/index.php?rest_route=%2Fwp%2Fv2%2Fmedia&parent=440333"}],"wp:term":[{"taxonomy":"category","embeddable":true,"href":"https:\/\/arantv.az\/index.php?rest_route=%2Fwp%2Fv2%2Fcategories&post=440333"},{"taxonomy":"post_tag","embeddable":true,"href":"https:\/\/arantv.az\/index.php?rest_route=%2Fwp%2Fv2%2Ftags&post=440333"}],"curies":[{"name":"wp","href":"https:\/\/api.w.org\/{rel}","templated":true}]}}