{"id":440335,"date":"2022-02-17T16:04:34","date_gmt":"2022-02-17T13:04:34","guid":{"rendered":"http:\/\/arantv.az\/?p=440335"},"modified":"2022-02-17T16:04:34","modified_gmt":"2022-02-17T13:04:34","slug":"xarici-s%c9%99yyahlar-k%c9%99lb%c9%99c%c9%99r-v%c9%99-lacinda-olublar","status":"publish","type":"post","link":"https:\/\/arantv.az\/?p=440335","title":{"rendered":"Xarici s\u0259yyahlar K\u0259lb\u0259c\u0259r v\u0259 La\u00e7\u0131nda olublar"},"content":{"rendered":"<p>Az\u0259rbaycan\u0131n i\u015f\u011faldan azad olunmu\u015f \u0259razil\u0259rin\u0259 s\u0259f\u0259r ed\u0259n bir qrup \u0259cn\u0259bi s\u0259yyah\u00a0bu g\u00fcn\u00fcn birinci yar\u0131s\u0131nda K\u0259lb\u0259c\u0259r v\u0259 La\u00e7\u0131nda olublar.<\/p>\n<p>\u201cReport\u201d\u00a0x\u0259b\u0259r verir ki, To\u011fana\u00a0k\u0259ndind\u0259n ba\u015flayan s\u0259yah\u0259tin i\u015ftirak\u00e7\u0131lar\u0131 \u00d6m\u0259r a\u015f\u0131r\u0131m\u0131ndan ke\u00e7\u0259r\u0259k K\u0259lb\u0259c\u0259r\u0259 gedibl\u0259r. Yolboyu qrup \u00fczvl\u0259ri erm\u0259nil\u0259rin 30\u00a0il davam ed\u0259n i\u015f\u011fal d\u00f6vr\u00fc il\u0259 yana\u015f\u0131, 44 g\u00fcnl\u00fck m\u00fcharib\u0259d\u0259n sonra Az\u0259rbaycan \u0259razisini\u00a0t\u0259rk etm\u0259zd\u0259n \u0259vv\u0259l d\u0259 t\u00f6r\u0259tdikl\u0259ri da\u011f\u0131nt\u0131lara \u015fahid olublar.<\/p>\n<p>Bel\u0259 ki, 2020-ci ilin noyabr ay\u0131nda K\u0259lb\u0259c\u0259r rayonundan \u00e7\u0131xark\u0259n\u00a0az\u0259rbaycanl\u0131lara\u00a0he\u00e7 n\u0259 qalmas\u0131n\u00a0dey\u0259 evl\u0259ri, m\u0259kt\u0259bl\u0259ri yand\u0131r\u0131b, me\u015f\u0259l\u0259ri q\u0131r\u0131blar.<\/p>\n<p>Haz\u0131rda\u00a0La\u00e7\u0131nda olan qrup buradak\u0131 v\u0259ziyy\u0259tl\u0259 tan\u0131\u015f olduqdan sonra La\u00e7\u0131n d\u0259hlizi il\u0259\u00a0yola davam ed\u0259c\u0259kl\u0259r.<\/p>\n<p>Xat\u0131rladaq ki, azad edil\u0259n torpaqlar\u0131m\u0131za s\u0259f\u0259r \u00e7\u0259r\u00e7iv\u0259sind\u0259 s\u0259yyahlar\u00a0d\u00fcn\u0259n \u015eu\u015fada olublar.<\/p>\n","protected":false},"excerpt":{"rendered":"<p>Az\u0259rbaycan\u0131n i\u015f\u011faldan azad olunmu\u015f \u0259razil\u0259rin\u0259 s\u0259f\u0259r ed\u0259n bir qrup \u0259cn\u0259bi s\u0259yyah\u00a0bu g\u00fcn\u00fcn birinci yar\u0131s\u0131nda K\u0259lb\u0259c\u0259r v\u0259 La\u00e7\u0131nda olublar. \u201cReport\u201d\u00a0x\u0259b\u0259r verir ki, To\u011fana\u00a0k\u0259ndind\u0259n ba\u015flayan s\u0259yah\u0259tin i\u015ftirak\u00e7\u0131lar\u0131 \u00d6m\u0259r a\u015f\u0131r\u0131m\u0131ndan ke\u00e7\u0259r\u0259k K\u0259lb\u0259c\u0259r\u0259 gedibl\u0259r. Yolboyu qrup \u00fczvl\u0259ri erm\u0259nil\u0259rin 30\u00a0il davam ed\u0259n i\u015f\u011fal d\u00f6vr\u00fc il\u0259 yana\u015f\u0131, 44 g\u00fcnl\u00fck m\u00fcharib\u0259d\u0259n sonra Az\u0259rbaycan \u0259razisini\u00a0t\u0259rk etm\u0259zd\u0259n \u0259vv\u0259l d\u0259 t\u00f6r\u0259tdikl\u0259ri da\u011f\u0131nt\u0131lara \u015fahid olublar. Bel\u0259 ki, 2020-ci ilin noyabr ay\u0131nda K\u0259lb\u0259c\u0259r rayonundan \u00e7\u0131xark\u0259n\u00a0az\u0259rbaycanl\u0131lara\u00a0he\u00e7 n\u0259 qalmas\u0131n\u00a0dey\u0259 evl\u0259ri, m\u0259kt\u0259bl\u0259ri yand\u0131r\u0131b, me\u015f\u0259l\u0259ri q\u0131r\u0131blar. Haz\u0131rda\u00a0La\u00e7\u0131nda olan qrup buradak\u0131 v\u0259ziyy\u0259tl\u0259 tan\u0131\u015f olduqdan sonra La\u00e7\u0131n d\u0259hlizi il\u0259\u00a0yola davam ed\u0259c\u0259kl\u0259r. Xat\u0131rladaq ki, azad edil\u0259n torpaqlar\u0131m\u0131za s\u0259f\u0259r \u00e7\u0259r\u00e7iv\u0259sind\u0259&hellip;<\/p>\n","protected":false},"author":2,"featured_media":440336,"comment_status":"closed","ping_status":"closed","sticky":false,"template":"","format":"standard","meta":{"om_disable_all_campaigns":false,"_monsterinsights_skip_tracking":false,"_monsterinsights_sitenote_active":false,"_monsterinsights_sitenote_note":"","_monsterinsights_sitenote_category":0},"categories":[1],"tags":[],"aioseo_notices":[],"gutentor_comment":0,"rttpg_featured_image_url":{"full":["https:\/\/arantv.az\/wp-content\/uploads\/2022\/02\/FotoJet-2022-02-17T163413.253.jpg",620,413,false],"landscape":["https:\/\/arantv.az\/wp-content\/uploads\/2022\/02\/FotoJet-2022-02-17T163413.253.jpg",620,413,false],"portraits":["https:\/\/arantv.az\/wp-content\/uploads\/2022\/02\/FotoJet-2022-02-17T163413.253.jpg",620,413,false],"thumbnail":["https:\/\/arantv.az\/wp-content\/uploads\/2022\/02\/FotoJet-2022-02-17T163413.253-500x280.jpg",500,280,true],"medium":["https:\/\/arantv.az\/wp-content\/uploads\/2022\/02\/FotoJet-2022-02-17T163413.253-548x365.jpg",548,365,true],"large":["https:\/\/arantv.az\/wp-content\/uploads\/2022\/02\/FotoJet-2022-02-17T163413.253.jpg",620,413,false],"1536x1536":["https:\/\/arantv.az\/wp-content\/uploads\/2022\/02\/FotoJet-2022-02-17T163413.253.jpg",620,413,false],"2048x2048":["https:\/\/arantv.az\/wp-content\/uploads\/2022\/02\/FotoJet-2022-02-17T163413.253.jpg",620,413,false],"post-thumbnail":["https:\/\/arantv.az\/wp-content\/uploads\/2022\/02\/FotoJet-2022-02-17T163413.253-240x172.jpg",240,172,true],"advps-thumb-one":["https:\/\/arantv.az\/wp-content\/uploads\/2022\/02\/FotoJet-2022-02-17T163413.253.jpg",620,413,false]},"rttpg_author":{"display_name":"V\u00fcsal Rafiqo\u011flu","author_link":"https:\/\/arantv.az\/?author=2"},"rttpg_comment":0,"rttpg_category":"<a href=\"https:\/\/arantv.az\/?cat=1\" rel=\"category\">C\u0259miyy\u0259t<\/a>","rttpg_excerpt":"Az\u0259rbaycan\u0131n i\u015f\u011faldan azad olunmu\u015f \u0259razil\u0259rin\u0259 s\u0259f\u0259r ed\u0259n bir qrup \u0259cn\u0259bi s\u0259yyah\u00a0bu g\u00fcn\u00fcn birinci yar\u0131s\u0131nda K\u0259lb\u0259c\u0259r v\u0259 La\u00e7\u0131nda olublar. \u201cReport\u201d\u00a0x\u0259b\u0259r verir ki, To\u011fana\u00a0k\u0259ndind\u0259n ba\u015flayan s\u0259yah\u0259tin i\u015ftirak\u00e7\u0131lar\u0131 \u00d6m\u0259r a\u015f\u0131r\u0131m\u0131ndan ke\u00e7\u0259r\u0259k K\u0259lb\u0259c\u0259r\u0259 gedibl\u0259r. Yolboyu qrup \u00fczvl\u0259ri erm\u0259nil\u0259rin 30\u00a0il davam ed\u0259n i\u015f\u011fal d\u00f6vr\u00fc il\u0259 yana\u015f\u0131, 44 g\u00fcnl\u00fck m\u00fcharib\u0259d\u0259n sonra Az\u0259rbaycan \u0259razisini\u00a0t\u0259rk etm\u0259zd\u0259n \u0259vv\u0259l d\u0259 t\u00f6r\u0259tdikl\u0259ri da\u011f\u0131nt\u0131lara \u015fahid olublar. Bel\u0259&hellip;","_links":{"self":[{"href":"https:\/\/arantv.az\/index.php?rest_route=\/wp\/v2\/posts\/440335"}],"collection":[{"href":"https:\/\/arantv.az\/index.php?rest_route=\/wp\/v2\/posts"}],"about":[{"href":"https:\/\/arantv.az\/index.php?rest_route=\/wp\/v2\/types\/post"}],"author":[{"embeddable":true,"href":"https:\/\/arantv.az\/index.php?rest_route=\/wp\/v2\/users\/2"}],"replies":[{"embeddable":true,"href":"https:\/\/arantv.az\/index.php?rest_route=%2Fwp%2Fv2%2Fcomments&post=440335"}],"version-history":[{"count":0,"href":"https:\/\/arantv.az\/index.php?rest_route=\/wp\/v2\/posts\/440335\/revisions"}],"wp:featuredmedia":[{"embeddable":true,"href":"https:\/\/arantv.az\/index.php?rest_route=\/wp\/v2\/media\/440336"}],"wp:attachment":[{"href":"https:\/\/arantv.az\/index.php?rest_route=%2Fwp%2Fv2%2Fmedia&parent=440335"}],"wp:term":[{"taxonomy":"category","embeddable":true,"href":"https:\/\/arantv.az\/index.php?rest_route=%2Fwp%2Fv2%2Fcategories&post=440335"},{"taxonomy":"post_tag","embeddable":true,"href":"https:\/\/arantv.az\/index.php?rest_route=%2Fwp%2Fv2%2Ftags&post=440335"}],"curies":[{"name":"wp","href":"https:\/\/api.w.org\/{rel}","templated":true}]}}