{"id":440342,"date":"2022-02-17T16:06:27","date_gmt":"2022-02-17T13:06:27","guid":{"rendered":"http:\/\/arantv.az\/?p=440342"},"modified":"2022-02-17T16:06:27","modified_gmt":"2022-02-17T13:06:27","slug":"t%c9%99kc%c9%99-geriy%c9%99-deyil-h%c9%99m-d%c9%99-ir%c9%99liy%c9%99-baxiriq","status":"publish","type":"post","link":"https:\/\/arantv.az\/?p=440342","title":{"rendered":"&#8220;T\u0259kc\u0259 geriy\u0259 deyil, h\u0259m d\u0259 ir\u0259liy\u0259 bax\u0131r\u0131q&#8221;"},"content":{"rendered":"<p>Biz g\u0259l\u0259c\u0259y\u0259 baxark\u0259n iki \u00f6lk\u0259 aras\u0131nda ticar\u0259t, t\u0259hsil v\u0259 m\u0259d\u0259niyy\u0259t \u0259laq\u0259l\u0259rini g\u00fccl\u0259ndirm\u0259yi s\u0259birsizlikl\u0259 g\u00f6zl\u0259diyimiz kimi, Az\u0259rbaycan\u0131n iqtisadiyyat\u0131n\u0131 \u015fax\u0259l\u0259ndirm\u0259k v\u0259 Avropan\u0131n enerji t\u0259hl\u00fck\u0259sizliyini g\u00fccl\u0259ndirm\u0259k s\u0259yl\u0259rini d\u0259st\u0259kl\u0259m\u0259y\u0259 sadiq qal\u0131r\u0131q.<\/p>\n<p><strong>ARANTV.AZ<\/strong> <a href=\"https:\/\/az.trend.az\/\" target=\"_blank\" rel=\"noopener\">Trend<\/a>-\u0259 istinad\u0259n x\u0259b\u0259r verir ki,\u00a0bunu AB\u015e d\u00f6vl\u0259t katibinin k\u00f6m\u0259k\u00e7isinin m\u00fcavini Erika Olson AB\u015e v\u0259 Az\u0259rbaycan aras\u0131nda diplomatik m\u00fcnasib\u0259tl\u0259rin 30-cu ild\u00f6n\u00fcm\u00fc m\u00fcnasib\u0259til\u0259 ke\u00e7iril\u0259n m\u0259rasimd\u0259 deyib.<\/p>\n<p>&#8220;Biz Az\u0259rbaycanla v\u0259 regiondak\u0131 dig\u0259r d\u00f6vl\u0259tl\u0259rl\u0259 davaml\u0131 s\u00fclh\u00fcn \u0259saslar\u0131n\u0131 yaratmaq \u00fc\u00e7\u00fcn \u00e7al\u0131\u015faca\u011f\u0131q. Diplomatik m\u00fcnasib\u0259tl\u0259rimizd\u0259 bu \u0259lam\u0259tdar ild\u00f6n\u00fcm\u00fcn\u00fc qeyd ed\u0259rk\u0259n biz t\u0259kc\u0259 geriy\u0259 deyil, h\u0259m d\u0259 ir\u0259liy\u0259 bax\u0131r\u0131q. Biz 30 ildir t\u0259r\u0259fda\u015f\u0131q v\u0259 m\u0259n \u0259min\u0259m ki, t\u0259r\u0259fda\u015fl\u0131\u011f\u0131m\u0131z bizi g\u0259l\u0259c\u0259k onillikl\u0259r\u0259 aparacaq&#8221;, &#8211; dey\u0259 o qeyd edib.<\/p>\n","protected":false},"excerpt":{"rendered":"<p>Biz g\u0259l\u0259c\u0259y\u0259 baxark\u0259n iki \u00f6lk\u0259 aras\u0131nda ticar\u0259t, t\u0259hsil v\u0259 m\u0259d\u0259niyy\u0259t \u0259laq\u0259l\u0259rini g\u00fccl\u0259ndirm\u0259yi s\u0259birsizlikl\u0259 g\u00f6zl\u0259diyimiz kimi, Az\u0259rbaycan\u0131n iqtisadiyyat\u0131n\u0131 \u015fax\u0259l\u0259ndirm\u0259k v\u0259 Avropan\u0131n enerji t\u0259hl\u00fck\u0259sizliyini g\u00fccl\u0259ndirm\u0259k s\u0259yl\u0259rini d\u0259st\u0259kl\u0259m\u0259y\u0259 sadiq qal\u0131r\u0131q. ARANTV.AZ Trend-\u0259 istinad\u0259n x\u0259b\u0259r verir ki,\u00a0bunu AB\u015e d\u00f6vl\u0259t katibinin k\u00f6m\u0259k\u00e7isinin m\u00fcavini Erika Olson AB\u015e v\u0259 Az\u0259rbaycan aras\u0131nda diplomatik m\u00fcnasib\u0259tl\u0259rin 30-cu ild\u00f6n\u00fcm\u00fc m\u00fcnasib\u0259til\u0259 ke\u00e7iril\u0259n m\u0259rasimd\u0259 deyib. &#8220;Biz Az\u0259rbaycanla v\u0259 regiondak\u0131 dig\u0259r d\u00f6vl\u0259tl\u0259rl\u0259 davaml\u0131 s\u00fclh\u00fcn \u0259saslar\u0131n\u0131 yaratmaq \u00fc\u00e7\u00fcn \u00e7al\u0131\u015faca\u011f\u0131q. Diplomatik m\u00fcnasib\u0259tl\u0259rimizd\u0259 bu \u0259lam\u0259tdar ild\u00f6n\u00fcm\u00fcn\u00fc qeyd ed\u0259rk\u0259n biz t\u0259kc\u0259 geriy\u0259 deyil, h\u0259m d\u0259 ir\u0259liy\u0259 bax\u0131r\u0131q. Biz 30 ildir t\u0259r\u0259fda\u015f\u0131q v\u0259 m\u0259n \u0259min\u0259m ki, t\u0259r\u0259fda\u015fl\u0131\u011f\u0131m\u0131z bizi g\u0259l\u0259c\u0259k&hellip;<\/p>\n","protected":false},"author":2,"featured_media":440343,"comment_status":"closed","ping_status":"closed","sticky":false,"template":"","format":"standard","meta":{"om_disable_all_campaigns":false,"_monsterinsights_skip_tracking":false,"_monsterinsights_sitenote_active":false,"_monsterinsights_sitenote_note":"","_monsterinsights_sitenote_category":0},"categories":[19],"tags":[],"aioseo_notices":[],"gutentor_comment":0,"rttpg_featured_image_url":{"full":["https:\/\/arantv.az\/wp-content\/uploads\/2022\/02\/1020433.jpg",800,600,false],"landscape":["https:\/\/arantv.az\/wp-content\/uploads\/2022\/02\/1020433.jpg",800,600,false],"portraits":["https:\/\/arantv.az\/wp-content\/uploads\/2022\/02\/1020433.jpg",800,600,false],"thumbnail":["https:\/\/arantv.az\/wp-content\/uploads\/2022\/02\/1020433-500x280.jpg",500,280,true],"medium":["https:\/\/arantv.az\/wp-content\/uploads\/2022\/02\/1020433-487x365.jpg",487,365,true],"large":["https:\/\/arantv.az\/wp-content\/uploads\/2022\/02\/1020433.jpg",640,480,false],"1536x1536":["https:\/\/arantv.az\/wp-content\/uploads\/2022\/02\/1020433.jpg",800,600,false],"2048x2048":["https:\/\/arantv.az\/wp-content\/uploads\/2022\/02\/1020433.jpg",800,600,false],"post-thumbnail":["https:\/\/arantv.az\/wp-content\/uploads\/2022\/02\/1020433-240x172.jpg",240,172,true],"advps-thumb-one":["https:\/\/arantv.az\/wp-content\/uploads\/2022\/02\/1020433.jpg",800,600,false]},"rttpg_author":{"display_name":"V\u00fcsal Rafiqo\u011flu","author_link":"https:\/\/arantv.az\/?author=2"},"rttpg_comment":0,"rttpg_category":"<a href=\"https:\/\/arantv.az\/?cat=19\" rel=\"category\">G\u00fcnd\u0259m<\/a>","rttpg_excerpt":"Biz g\u0259l\u0259c\u0259y\u0259 baxark\u0259n iki \u00f6lk\u0259 aras\u0131nda ticar\u0259t, t\u0259hsil v\u0259 m\u0259d\u0259niyy\u0259t \u0259laq\u0259l\u0259rini g\u00fccl\u0259ndirm\u0259yi s\u0259birsizlikl\u0259 g\u00f6zl\u0259diyimiz kimi, Az\u0259rbaycan\u0131n iqtisadiyyat\u0131n\u0131 \u015fax\u0259l\u0259ndirm\u0259k v\u0259 Avropan\u0131n enerji t\u0259hl\u00fck\u0259sizliyini g\u00fccl\u0259ndirm\u0259k s\u0259yl\u0259rini d\u0259st\u0259kl\u0259m\u0259y\u0259 sadiq qal\u0131r\u0131q. ARANTV.AZ Trend-\u0259 istinad\u0259n x\u0259b\u0259r verir ki,\u00a0bunu AB\u015e d\u00f6vl\u0259t katibinin k\u00f6m\u0259k\u00e7isinin m\u00fcavini Erika Olson AB\u015e v\u0259 Az\u0259rbaycan aras\u0131nda diplomatik m\u00fcnasib\u0259tl\u0259rin 30-cu ild\u00f6n\u00fcm\u00fc m\u00fcnasib\u0259til\u0259 ke\u00e7iril\u0259n m\u0259rasimd\u0259 deyib. &#8220;Biz Az\u0259rbaycanla v\u0259&hellip;","_links":{"self":[{"href":"https:\/\/arantv.az\/index.php?rest_route=\/wp\/v2\/posts\/440342"}],"collection":[{"href":"https:\/\/arantv.az\/index.php?rest_route=\/wp\/v2\/posts"}],"about":[{"href":"https:\/\/arantv.az\/index.php?rest_route=\/wp\/v2\/types\/post"}],"author":[{"embeddable":true,"href":"https:\/\/arantv.az\/index.php?rest_route=\/wp\/v2\/users\/2"}],"replies":[{"embeddable":true,"href":"https:\/\/arantv.az\/index.php?rest_route=%2Fwp%2Fv2%2Fcomments&post=440342"}],"version-history":[{"count":0,"href":"https:\/\/arantv.az\/index.php?rest_route=\/wp\/v2\/posts\/440342\/revisions"}],"wp:featuredmedia":[{"embeddable":true,"href":"https:\/\/arantv.az\/index.php?rest_route=\/wp\/v2\/media\/440343"}],"wp:attachment":[{"href":"https:\/\/arantv.az\/index.php?rest_route=%2Fwp%2Fv2%2Fmedia&parent=440342"}],"wp:term":[{"taxonomy":"category","embeddable":true,"href":"https:\/\/arantv.az\/index.php?rest_route=%2Fwp%2Fv2%2Fcategories&post=440342"},{"taxonomy":"post_tag","embeddable":true,"href":"https:\/\/arantv.az\/index.php?rest_route=%2Fwp%2Fv2%2Ftags&post=440342"}],"curies":[{"name":"wp","href":"https:\/\/api.w.org\/{rel}","templated":true}]}}