{"id":440351,"date":"2022-02-17T16:16:37","date_gmt":"2022-02-17T13:16:37","guid":{"rendered":"http:\/\/arantv.az\/?p=440351"},"modified":"2022-02-17T16:16:37","modified_gmt":"2022-02-17T13:16:37","slug":"amea-da-prezident-seckil%c9%99rinin-vaxti-mu%c9%99yy%c9%99nl%c9%99sib","status":"publish","type":"post","link":"https:\/\/arantv.az\/?p=440351","title":{"rendered":"AMEA-da prezident se\u00e7kil\u0259rinin vaxt\u0131 m\u00fc\u0259yy\u0259nl\u0259\u015fib"},"content":{"rendered":"<p>Fevral\u0131n 19-da Az\u0259rbaycan Milli Elml\u0259r Akademiyas\u0131n\u0131n (AMEA) \u00dcmumi y\u0131\u011f\u0131nca\u011f\u0131 ke\u00e7iril\u0259c\u0259k.<\/p>\n<p><strong>ARANTV.AZ\u00a0 x\u0259b\u0259r verir ki,<\/strong>\u00a0\u00a0\u00dcmumi y\u0131\u011f\u0131ncaqda Akademiyaya yeni prezident se\u00e7il\u0259c\u0259k.<\/p>\n<p>AMEA prezidenti postuna Akademiyan\u0131n birinci vitse-prezidenti Arif H\u0259\u015fimovun namiz\u0259d olmas\u0131 ehtimal edilir.<\/p>\n<p>Fevral\u0131n 14-d\u0259 AMEA R\u0259yas\u0259t Hey\u0259tinin iclas\u0131 ke\u00e7irilib. Ramiz Mehdiyev istefa \u0259riz\u0259si il\u0259 d\u00f6vl\u0259t ba\u015f\u00e7\u0131s\u0131na m\u00fcraci\u0259t ed\u0259c\u0259yini bildirib.<\/p>\n<p>Qeyd ed\u0259k ki, bu bar\u0259d\u0259 x\u0259b\u0259ri ilk olaraq\u00a0Vesti.az\u00a0sayt\u0131 yaz\u0131b.<\/p>\n","protected":false},"excerpt":{"rendered":"<p>Fevral\u0131n 19-da Az\u0259rbaycan Milli Elml\u0259r Akademiyas\u0131n\u0131n (AMEA) \u00dcmumi y\u0131\u011f\u0131nca\u011f\u0131 ke\u00e7iril\u0259c\u0259k. ARANTV.AZ\u00a0 x\u0259b\u0259r verir ki,\u00a0\u00a0\u00dcmumi y\u0131\u011f\u0131ncaqda Akademiyaya yeni prezident se\u00e7il\u0259c\u0259k. AMEA prezidenti postuna Akademiyan\u0131n birinci vitse-prezidenti Arif H\u0259\u015fimovun namiz\u0259d olmas\u0131 ehtimal edilir. Fevral\u0131n 14-d\u0259 AMEA R\u0259yas\u0259t Hey\u0259tinin iclas\u0131 ke\u00e7irilib. Ramiz Mehdiyev istefa \u0259riz\u0259si il\u0259 d\u00f6vl\u0259t ba\u015f\u00e7\u0131s\u0131na m\u00fcraci\u0259t ed\u0259c\u0259yini bildirib. Qeyd ed\u0259k ki, bu bar\u0259d\u0259 x\u0259b\u0259ri ilk olaraq\u00a0Vesti.az\u00a0sayt\u0131 yaz\u0131b.<\/p>\n","protected":false},"author":2,"featured_media":440352,"comment_status":"closed","ping_status":"closed","sticky":false,"template":"","format":"standard","meta":{"om_disable_all_campaigns":false,"_monsterinsights_skip_tracking":false,"_monsterinsights_sitenote_active":false,"_monsterinsights_sitenote_note":"","_monsterinsights_sitenote_category":0},"categories":[1],"tags":[],"aioseo_notices":[],"gutentor_comment":0,"rttpg_featured_image_url":{"full":["https:\/\/arantv.az\/wp-content\/uploads\/2022\/02\/812649f8164510303358307414610614841.jpg",975,540,false],"landscape":["https:\/\/arantv.az\/wp-content\/uploads\/2022\/02\/812649f8164510303358307414610614841.jpg",975,540,false],"portraits":["https:\/\/arantv.az\/wp-content\/uploads\/2022\/02\/812649f8164510303358307414610614841.jpg",975,540,false],"thumbnail":["https:\/\/arantv.az\/wp-content\/uploads\/2022\/02\/812649f8164510303358307414610614841-500x280.jpg",500,280,true],"medium":["https:\/\/arantv.az\/wp-content\/uploads\/2022\/02\/812649f8164510303358307414610614841-660x365.jpg",660,365,true],"large":["https:\/\/arantv.az\/wp-content\/uploads\/2022\/02\/812649f8164510303358307414610614841-840x465.jpg",640,354,true],"1536x1536":["https:\/\/arantv.az\/wp-content\/uploads\/2022\/02\/812649f8164510303358307414610614841.jpg",975,540,false],"2048x2048":["https:\/\/arantv.az\/wp-content\/uploads\/2022\/02\/812649f8164510303358307414610614841.jpg",975,540,false],"post-thumbnail":["https:\/\/arantv.az\/wp-content\/uploads\/2022\/02\/812649f8164510303358307414610614841-240x172.jpg",240,172,true],"advps-thumb-one":["https:\/\/arantv.az\/wp-content\/uploads\/2022\/02\/812649f8164510303358307414610614841.jpg",975,540,false]},"rttpg_author":{"display_name":"V\u00fcsal Rafiqo\u011flu","author_link":"https:\/\/arantv.az\/?author=2"},"rttpg_comment":0,"rttpg_category":"<a href=\"https:\/\/arantv.az\/?cat=1\" rel=\"category\">C\u0259miyy\u0259t<\/a>","rttpg_excerpt":"Fevral\u0131n 19-da Az\u0259rbaycan Milli Elml\u0259r Akademiyas\u0131n\u0131n (AMEA) \u00dcmumi y\u0131\u011f\u0131nca\u011f\u0131 ke\u00e7iril\u0259c\u0259k. ARANTV.AZ\u00a0 x\u0259b\u0259r verir ki,\u00a0\u00a0\u00dcmumi y\u0131\u011f\u0131ncaqda Akademiyaya yeni prezident se\u00e7il\u0259c\u0259k. AMEA prezidenti postuna Akademiyan\u0131n birinci vitse-prezidenti Arif H\u0259\u015fimovun namiz\u0259d olmas\u0131 ehtimal edilir. Fevral\u0131n 14-d\u0259 AMEA R\u0259yas\u0259t Hey\u0259tinin iclas\u0131 ke\u00e7irilib. Ramiz Mehdiyev istefa \u0259riz\u0259si il\u0259 d\u00f6vl\u0259t ba\u015f\u00e7\u0131s\u0131na m\u00fcraci\u0259t ed\u0259c\u0259yini bildirib. Qeyd ed\u0259k ki, bu bar\u0259d\u0259 x\u0259b\u0259ri ilk&hellip;","_links":{"self":[{"href":"https:\/\/arantv.az\/index.php?rest_route=\/wp\/v2\/posts\/440351"}],"collection":[{"href":"https:\/\/arantv.az\/index.php?rest_route=\/wp\/v2\/posts"}],"about":[{"href":"https:\/\/arantv.az\/index.php?rest_route=\/wp\/v2\/types\/post"}],"author":[{"embeddable":true,"href":"https:\/\/arantv.az\/index.php?rest_route=\/wp\/v2\/users\/2"}],"replies":[{"embeddable":true,"href":"https:\/\/arantv.az\/index.php?rest_route=%2Fwp%2Fv2%2Fcomments&post=440351"}],"version-history":[{"count":0,"href":"https:\/\/arantv.az\/index.php?rest_route=\/wp\/v2\/posts\/440351\/revisions"}],"wp:featuredmedia":[{"embeddable":true,"href":"https:\/\/arantv.az\/index.php?rest_route=\/wp\/v2\/media\/440352"}],"wp:attachment":[{"href":"https:\/\/arantv.az\/index.php?rest_route=%2Fwp%2Fv2%2Fmedia&parent=440351"}],"wp:term":[{"taxonomy":"category","embeddable":true,"href":"https:\/\/arantv.az\/index.php?rest_route=%2Fwp%2Fv2%2Fcategories&post=440351"},{"taxonomy":"post_tag","embeddable":true,"href":"https:\/\/arantv.az\/index.php?rest_route=%2Fwp%2Fv2%2Ftags&post=440351"}],"curies":[{"name":"wp","href":"https:\/\/api.w.org\/{rel}","templated":true}]}}