{"id":440354,"date":"2022-02-17T16:21:07","date_gmt":"2022-02-17T13:21:07","guid":{"rendered":"http:\/\/arantv.az\/?p=440354"},"modified":"2022-02-17T16:21:07","modified_gmt":"2022-02-17T13:21:07","slug":"adu-nun-t%c9%99l%c9%99b%c9%99l%c9%99ri-pedaqoji-v%c9%99-istehsalat-t%c9%99crub%c9%99sin%c9%99-baslayiblar","status":"publish","type":"post","link":"https:\/\/arantv.az\/?p=440354","title":{"rendered":"ADU-nun t\u0259l\u0259b\u0259l\u0259ri pedaqoji v\u0259 istehsalat t\u0259cr\u00fcb\u0259sin\u0259 ba\u015flay\u0131blar"},"content":{"rendered":"<p>Az\u0259rbaycan \u00a0Dill\u0259r Universitetinin t\u0259l\u0259b\u0259l\u0259ri pedaqoji v\u0259 istehsalat t\u0259cr\u00fcb\u0259sin\u0259 ba\u015flay\u0131blar. Universitetin \u0130ctimaiyy\u0259tl\u0259 \u0259laq\u0259l\u0259r \u015f\u00f6b\u0259sind\u0259n veril\u0259n m\u0259lumata g\u00f6r\u0259, pedaqoji t\u0259cr\u00fcb\u0259d\u0259 i\u015ftirak ed\u0259n t\u0259l\u0259b\u0259l\u0259r 16 fevral tarixind\u0259n ba\u015flayaraq 14 h\u0259ft\u0259 \u0259rzind\u0259 Bak\u0131 \u015f\u0259h\u0259rind\u0259 yerl\u0259\u015f\u0259n m\u0259kt\u0259b v\u0259 liseyl\u0259rd\u0259, \u00f6z\u0259l t\u0259hsil m\u00fc\u0259ssis\u0259l\u0259rind\u0259 t\u0259cr\u00fcb\u0259 ke\u00e7irl\u0259r.<\/p>\n<p><strong>ARANTV.AZ\u00a0 x\u0259b\u0259r verir ki,<\/strong>\u00a0t\u0259hsil 1, T\u0259hsil 2, Filologiya fak\u00fclt\u0259l\u0259rinin v\u0259 \u201cSabah\u201d qruplar\u0131n\u0131n pedaqoji ixtisaslarda t\u0259hsil alan sonuncu kurs t\u0259l\u0259b\u0259l\u0259rin\u0259 t\u0259cr\u00fcb\u0259 m\u00fcdd\u0259tind\u0259 universitet t\u0259r\u0259find\u0259n ayr\u0131lm\u0131\u015f m\u00fc\u0259lliml\u0259r v\u0259 orta t\u0259hsil m\u00fc\u0259ssis\u0259l\u0259rinin \u0259m\u0259kda\u015flar\u0131 r\u0259hb\u0259rlik ed\u0259c\u0259k.<\/p>\n<p>\u0130stehsalat t\u0259cr\u00fcb\u0259si ke\u00e7\u0259n Beyn\u0259lxalq m\u00fcnasib\u0259tl\u0259r v\u0259 region\u015f\u00fcnasl\u0131q, T\u0259rc\u00fcm\u0259 v\u0259 Filologiya fak\u00fclt\u0259l\u0259rinin t\u0259l\u0259b\u0259l\u0259ri eyni tarixl\u0259rd\u0259 d\u00f6vl\u0259t v\u0259 qeyri-d\u00f6vl\u0259t t\u0259\u015fkilatlar\u0131na, bir s\u0131ra xarici \u00f6lk\u0259l\u0259rin \u00f6lk\u0259mizd\u0259 f\u0259aliyy\u0259t g\u00f6st\u0259r\u0259n s\u0259firlikl\u0259rin\u0259 g\u00f6nd\u0259rilibl\u0259r. Onlar\u0131n t\u0259cr\u00fcb\u0259 ke\u00e7dikl\u0259ri s\u0259firlikl\u0259r aras\u0131nda \u0130ndoneziya, Pakistan, Meksika, Venesuela v\u0259 Serbiyan\u0131n \u00f6lk\u0259mizd\u0259ki s\u0259firlikl\u0259ri var.<\/p>\n<p>Qeyd ed\u0259k ki, t\u0259cr\u00fcb\u0259y\u0259 haz\u0131rl\u0131q m\u0259rh\u0259l\u0259sind\u0259 b\u00fct\u00fcn fak\u00fclt\u0259l\u0259r \u00fczr\u0259 t\u0259l\u0259b\u0259l\u0259rl\u0259 t\u0259cr\u00fcb\u0259 r\u0259hb\u0259rl\u0259ri aras\u0131nda g\u00f6r\u00fc\u015fl\u0259r ke\u00e7irilib, t\u0259liml\u0259r t\u0259\u015fkil olunub.\u00a0T\u0259cr\u00fcb\u0259\u00e7il\u0259rin t\u0259\u015fkilatlarda f\u0259aliyy\u0259ti il\u0259 ba\u011fl\u0131 x\u00fcsusi g\u00f6st\u0259ri\u015fl\u0259r verilib, t\u0259cr\u00fcb\u0259 yerind\u0259 nizam-intizam qaydalar\u0131na ciddi \u0259m\u0259l olunmas\u0131 diqq\u0259t\u0259 \u00e7atd\u0131r\u0131l\u0131b.<\/p>\n<p>Eyni zamanda Covid-19 pandemiyas\u0131 il\u0259 ba\u011fl\u0131 t\u0259l\u0259bl\u0259r bir daha t\u0259cr\u00fcb\u0259\u00e7i t\u0259l\u0259b\u0259l\u0259rin diqq\u0259tin\u0259 \u00e7atd\u0131r\u0131l\u0131b v\u0259 bu t\u0259l\u0259bl\u0259r\u0259 ciddi \u0259m\u0259l olunmas\u0131 x\u00fcsusi vur\u011fulan\u0131b.<\/p>\n","protected":false},"excerpt":{"rendered":"<p>Az\u0259rbaycan \u00a0Dill\u0259r Universitetinin t\u0259l\u0259b\u0259l\u0259ri pedaqoji v\u0259 istehsalat t\u0259cr\u00fcb\u0259sin\u0259 ba\u015flay\u0131blar. Universitetin \u0130ctimaiyy\u0259tl\u0259 \u0259laq\u0259l\u0259r \u015f\u00f6b\u0259sind\u0259n veril\u0259n m\u0259lumata g\u00f6r\u0259, pedaqoji t\u0259cr\u00fcb\u0259d\u0259 i\u015ftirak ed\u0259n t\u0259l\u0259b\u0259l\u0259r 16 fevral tarixind\u0259n ba\u015flayaraq 14 h\u0259ft\u0259 \u0259rzind\u0259 Bak\u0131 \u015f\u0259h\u0259rind\u0259 yerl\u0259\u015f\u0259n m\u0259kt\u0259b v\u0259 liseyl\u0259rd\u0259, \u00f6z\u0259l t\u0259hsil m\u00fc\u0259ssis\u0259l\u0259rind\u0259 t\u0259cr\u00fcb\u0259 ke\u00e7irl\u0259r. ARANTV.AZ\u00a0 x\u0259b\u0259r verir ki,\u00a0t\u0259hsil 1, T\u0259hsil 2, Filologiya fak\u00fclt\u0259l\u0259rinin v\u0259 \u201cSabah\u201d qruplar\u0131n\u0131n pedaqoji ixtisaslarda t\u0259hsil alan sonuncu kurs t\u0259l\u0259b\u0259l\u0259rin\u0259 t\u0259cr\u00fcb\u0259 m\u00fcdd\u0259tind\u0259 universitet t\u0259r\u0259find\u0259n ayr\u0131lm\u0131\u015f m\u00fc\u0259lliml\u0259r v\u0259 orta t\u0259hsil m\u00fc\u0259ssis\u0259l\u0259rinin \u0259m\u0259kda\u015flar\u0131 r\u0259hb\u0259rlik ed\u0259c\u0259k. \u0130stehsalat t\u0259cr\u00fcb\u0259si ke\u00e7\u0259n Beyn\u0259lxalq m\u00fcnasib\u0259tl\u0259r v\u0259 region\u015f\u00fcnasl\u0131q, T\u0259rc\u00fcm\u0259 v\u0259 Filologiya fak\u00fclt\u0259l\u0259rinin t\u0259l\u0259b\u0259l\u0259ri eyni tarixl\u0259rd\u0259 d\u00f6vl\u0259t v\u0259 qeyri-d\u00f6vl\u0259t t\u0259\u015fkilatlar\u0131na, bir&hellip;<\/p>\n","protected":false},"author":2,"featured_media":440355,"comment_status":"closed","ping_status":"closed","sticky":false,"template":"","format":"standard","meta":{"om_disable_all_campaigns":false,"_monsterinsights_skip_tracking":false,"_monsterinsights_sitenote_active":false,"_monsterinsights_sitenote_note":"","_monsterinsights_sitenote_category":0},"categories":[1],"tags":[],"aioseo_notices":[],"gutentor_comment":0,"rttpg_featured_image_url":{"full":["https:\/\/arantv.az\/wp-content\/uploads\/2022\/02\/3c0cd9bc16450971966869722711058350.jpg",975,540,false],"landscape":["https:\/\/arantv.az\/wp-content\/uploads\/2022\/02\/3c0cd9bc16450971966869722711058350.jpg",975,540,false],"portraits":["https:\/\/arantv.az\/wp-content\/uploads\/2022\/02\/3c0cd9bc16450971966869722711058350.jpg",975,540,false],"thumbnail":["https:\/\/arantv.az\/wp-content\/uploads\/2022\/02\/3c0cd9bc16450971966869722711058350-500x280.jpg",500,280,true],"medium":["https:\/\/arantv.az\/wp-content\/uploads\/2022\/02\/3c0cd9bc16450971966869722711058350-660x365.jpg",660,365,true],"large":["https:\/\/arantv.az\/wp-content\/uploads\/2022\/02\/3c0cd9bc16450971966869722711058350-840x465.jpg",640,354,true],"1536x1536":["https:\/\/arantv.az\/wp-content\/uploads\/2022\/02\/3c0cd9bc16450971966869722711058350.jpg",975,540,false],"2048x2048":["https:\/\/arantv.az\/wp-content\/uploads\/2022\/02\/3c0cd9bc16450971966869722711058350.jpg",975,540,false],"post-thumbnail":["https:\/\/arantv.az\/wp-content\/uploads\/2022\/02\/3c0cd9bc16450971966869722711058350-240x172.jpg",240,172,true],"advps-thumb-one":["https:\/\/arantv.az\/wp-content\/uploads\/2022\/02\/3c0cd9bc16450971966869722711058350.jpg",975,540,false]},"rttpg_author":{"display_name":"V\u00fcsal Rafiqo\u011flu","author_link":"https:\/\/arantv.az\/?author=2"},"rttpg_comment":0,"rttpg_category":"<a href=\"https:\/\/arantv.az\/?cat=1\" rel=\"category\">C\u0259miyy\u0259t<\/a>","rttpg_excerpt":"Az\u0259rbaycan \u00a0Dill\u0259r Universitetinin t\u0259l\u0259b\u0259l\u0259ri pedaqoji v\u0259 istehsalat t\u0259cr\u00fcb\u0259sin\u0259 ba\u015flay\u0131blar. Universitetin \u0130ctimaiyy\u0259tl\u0259 \u0259laq\u0259l\u0259r \u015f\u00f6b\u0259sind\u0259n veril\u0259n m\u0259lumata g\u00f6r\u0259, pedaqoji t\u0259cr\u00fcb\u0259d\u0259 i\u015ftirak ed\u0259n t\u0259l\u0259b\u0259l\u0259r 16 fevral tarixind\u0259n ba\u015flayaraq 14 h\u0259ft\u0259 \u0259rzind\u0259 Bak\u0131 \u015f\u0259h\u0259rind\u0259 yerl\u0259\u015f\u0259n m\u0259kt\u0259b v\u0259 liseyl\u0259rd\u0259, \u00f6z\u0259l t\u0259hsil m\u00fc\u0259ssis\u0259l\u0259rind\u0259 t\u0259cr\u00fcb\u0259 ke\u00e7irl\u0259r. ARANTV.AZ\u00a0 x\u0259b\u0259r verir ki,\u00a0t\u0259hsil 1, T\u0259hsil 2, Filologiya fak\u00fclt\u0259l\u0259rinin v\u0259 \u201cSabah\u201d qruplar\u0131n\u0131n pedaqoji ixtisaslarda t\u0259hsil alan&hellip;","_links":{"self":[{"href":"https:\/\/arantv.az\/index.php?rest_route=\/wp\/v2\/posts\/440354"}],"collection":[{"href":"https:\/\/arantv.az\/index.php?rest_route=\/wp\/v2\/posts"}],"about":[{"href":"https:\/\/arantv.az\/index.php?rest_route=\/wp\/v2\/types\/post"}],"author":[{"embeddable":true,"href":"https:\/\/arantv.az\/index.php?rest_route=\/wp\/v2\/users\/2"}],"replies":[{"embeddable":true,"href":"https:\/\/arantv.az\/index.php?rest_route=%2Fwp%2Fv2%2Fcomments&post=440354"}],"version-history":[{"count":0,"href":"https:\/\/arantv.az\/index.php?rest_route=\/wp\/v2\/posts\/440354\/revisions"}],"wp:featuredmedia":[{"embeddable":true,"href":"https:\/\/arantv.az\/index.php?rest_route=\/wp\/v2\/media\/440355"}],"wp:attachment":[{"href":"https:\/\/arantv.az\/index.php?rest_route=%2Fwp%2Fv2%2Fmedia&parent=440354"}],"wp:term":[{"taxonomy":"category","embeddable":true,"href":"https:\/\/arantv.az\/index.php?rest_route=%2Fwp%2Fv2%2Fcategories&post=440354"},{"taxonomy":"post_tag","embeddable":true,"href":"https:\/\/arantv.az\/index.php?rest_route=%2Fwp%2Fv2%2Ftags&post=440354"}],"curies":[{"name":"wp","href":"https:\/\/api.w.org\/{rel}","templated":true}]}}