{"id":440371,"date":"2022-02-17T18:07:18","date_gmt":"2022-02-17T15:07:18","guid":{"rendered":"http:\/\/arantv.az\/?p=440371"},"modified":"2022-02-17T18:07:18","modified_gmt":"2022-02-17T15:07:18","slug":"serbiyali-s%c9%99yah%c9%99tci-xocali-faci%c9%99si-balkanlardaki-qirgini-xatirladir","status":"publish","type":"post","link":"https:\/\/arantv.az\/?p=440371","title":{"rendered":"Serbiyal\u0131 s\u0259yah\u0259t\u00e7i: \u201cXocal\u0131 faci\u0259si Balkanlardak\u0131 q\u0131r\u011f\u0131n\u0131 xat\u0131rlad\u0131r\u201d"},"content":{"rendered":"<p>\u201cXocal\u0131 faci\u0259si Balkanlardak\u0131 m\u00fcharib\u0259nin q\u0131r\u011f\u0131nlar\u0131n\u0131 xat\u0131rlad\u0131r\u201d.<\/p>\n<p>Bunu \u201cReport\u201da 21 \u00f6lk\u0259d\u0259n olan h\u0259mkarlar\u0131 il\u0259 birg\u0259 Az\u0259rbaycan\u0131n i\u015f\u011faldan azad olunmu\u015f \u0259razil\u0259rin\u0259 s\u0259f\u0259r ed\u0259n serbiyal\u0131 s\u0259yyah Corce Radinovi\u00e7 Kapralovi\u00e7 bildirib.<\/p>\n<div class=\"AdviadNativeVideo\"><\/div>\n<p>\u201cBu \u0259razil\u0259rin inki\u015faf\u0131n\u0131, b\u0259rpa i\u015fl\u0259rini g\u00f6r\u00fcb, b\u0259zi tarixi m\u0259s\u0259l\u0259l\u0259r\u0259 cavab tapmaq \u00fc\u00e7\u00fcn g\u0259lmi\u015f\u0259m\u201d, &#8211; s\u0259yah\u0259t\u00e7i deyib.<\/p>\n<p>Onun fikrinc\u0259, Qaraba\u011f\u0131n z\u0259ngin t\u0259bii ehtiyatlar\u0131 b\u00f6lg\u0259nin inki\u015faf\u0131 \u00fc\u00e7\u00fcn \u0259lveri\u015flidir.<\/p>\n<p>Xat\u0131rladaq ki, fevral\u0131n 16-da bir qrup \u0259cn\u0259bi s\u0259yyah\u0131n Az\u0259rbaycan\u0131n i\u015f\u011faldan azad olunmu\u015f \u0259razil\u0259rin\u0259 s\u0259f\u0259ri \u00e7\u0259r\u00e7iv\u0259sind\u0259 h\u0259min yerl\u0259rin tarixi, m\u0259d\u0259niyy\u0259t abid\u0259l\u0259ri, erm\u0259nil\u0259rin i\u015f\u011fal d\u00f6vr\u00fcnd\u0259 t\u00f6r\u0259tdikl\u0259ri da\u011f\u0131nt\u0131lar, haz\u0131rda apar\u0131lan b\u0259rpa v\u0259 yenid\u0259nqurma i\u015fl\u0259ri il\u0259 tan\u0131\u015fl\u0131q n\u0259z\u0259rd\u0259 tutulur.<\/p>\n<p>\u00d6t\u0259n g\u00fcn A\u011fdam v\u0259 \u015eu\u015fada olmu\u015f qrup bu g\u00fcn K\u0259lb\u0259c\u0259r v\u0259 La\u00e7\u0131na ba\u015f \u00e7\u0259kib.<\/p>\n","protected":false},"excerpt":{"rendered":"<p>\u201cXocal\u0131 faci\u0259si Balkanlardak\u0131 m\u00fcharib\u0259nin q\u0131r\u011f\u0131nlar\u0131n\u0131 xat\u0131rlad\u0131r\u201d. Bunu \u201cReport\u201da 21 \u00f6lk\u0259d\u0259n olan h\u0259mkarlar\u0131 il\u0259 birg\u0259 Az\u0259rbaycan\u0131n i\u015f\u011faldan azad olunmu\u015f \u0259razil\u0259rin\u0259 s\u0259f\u0259r ed\u0259n serbiyal\u0131 s\u0259yyah Corce Radinovi\u00e7 Kapralovi\u00e7 bildirib. \u201cBu \u0259razil\u0259rin inki\u015faf\u0131n\u0131, b\u0259rpa i\u015fl\u0259rini g\u00f6r\u00fcb, b\u0259zi tarixi m\u0259s\u0259l\u0259l\u0259r\u0259 cavab tapmaq \u00fc\u00e7\u00fcn g\u0259lmi\u015f\u0259m\u201d, &#8211; s\u0259yah\u0259t\u00e7i deyib. Onun fikrinc\u0259, Qaraba\u011f\u0131n z\u0259ngin t\u0259bii ehtiyatlar\u0131 b\u00f6lg\u0259nin inki\u015faf\u0131 \u00fc\u00e7\u00fcn \u0259lveri\u015flidir. Xat\u0131rladaq ki, fevral\u0131n 16-da bir qrup \u0259cn\u0259bi s\u0259yyah\u0131n Az\u0259rbaycan\u0131n i\u015f\u011faldan azad olunmu\u015f \u0259razil\u0259rin\u0259 s\u0259f\u0259ri \u00e7\u0259r\u00e7iv\u0259sind\u0259 h\u0259min yerl\u0259rin tarixi, m\u0259d\u0259niyy\u0259t abid\u0259l\u0259ri, erm\u0259nil\u0259rin i\u015f\u011fal d\u00f6vr\u00fcnd\u0259 t\u00f6r\u0259tdikl\u0259ri da\u011f\u0131nt\u0131lar, haz\u0131rda apar\u0131lan b\u0259rpa v\u0259 yenid\u0259nqurma i\u015fl\u0259ri il\u0259 tan\u0131\u015fl\u0131q n\u0259z\u0259rd\u0259 tutulur. \u00d6t\u0259n g\u00fcn&hellip;<\/p>\n","protected":false},"author":2,"featured_media":440372,"comment_status":"closed","ping_status":"closed","sticky":false,"template":"","format":"standard","meta":{"om_disable_all_campaigns":false,"_monsterinsights_skip_tracking":false,"_monsterinsights_sitenote_active":false,"_monsterinsights_sitenote_note":"","_monsterinsights_sitenote_category":0},"categories":[1],"tags":[],"aioseo_notices":[],"gutentor_comment":0,"rttpg_featured_image_url":{"full":["https:\/\/arantv.az\/wp-content\/uploads\/2022\/02\/FotoJet-2022-02-17T184547.522.jpg",620,413,false],"landscape":["https:\/\/arantv.az\/wp-content\/uploads\/2022\/02\/FotoJet-2022-02-17T184547.522.jpg",620,413,false],"portraits":["https:\/\/arantv.az\/wp-content\/uploads\/2022\/02\/FotoJet-2022-02-17T184547.522.jpg",620,413,false],"thumbnail":["https:\/\/arantv.az\/wp-content\/uploads\/2022\/02\/FotoJet-2022-02-17T184547.522-500x280.jpg",500,280,true],"medium":["https:\/\/arantv.az\/wp-content\/uploads\/2022\/02\/FotoJet-2022-02-17T184547.522-548x365.jpg",548,365,true],"large":["https:\/\/arantv.az\/wp-content\/uploads\/2022\/02\/FotoJet-2022-02-17T184547.522.jpg",620,413,false],"1536x1536":["https:\/\/arantv.az\/wp-content\/uploads\/2022\/02\/FotoJet-2022-02-17T184547.522.jpg",620,413,false],"2048x2048":["https:\/\/arantv.az\/wp-content\/uploads\/2022\/02\/FotoJet-2022-02-17T184547.522.jpg",620,413,false],"post-thumbnail":["https:\/\/arantv.az\/wp-content\/uploads\/2022\/02\/FotoJet-2022-02-17T184547.522-240x172.jpg",240,172,true],"advps-thumb-one":["https:\/\/arantv.az\/wp-content\/uploads\/2022\/02\/FotoJet-2022-02-17T184547.522.jpg",620,413,false]},"rttpg_author":{"display_name":"V\u00fcsal Rafiqo\u011flu","author_link":"https:\/\/arantv.az\/?author=2"},"rttpg_comment":0,"rttpg_category":"<a href=\"https:\/\/arantv.az\/?cat=1\" rel=\"category\">C\u0259miyy\u0259t<\/a>","rttpg_excerpt":"\u201cXocal\u0131 faci\u0259si Balkanlardak\u0131 m\u00fcharib\u0259nin q\u0131r\u011f\u0131nlar\u0131n\u0131 xat\u0131rlad\u0131r\u201d. Bunu \u201cReport\u201da 21 \u00f6lk\u0259d\u0259n olan h\u0259mkarlar\u0131 il\u0259 birg\u0259 Az\u0259rbaycan\u0131n i\u015f\u011faldan azad olunmu\u015f \u0259razil\u0259rin\u0259 s\u0259f\u0259r ed\u0259n serbiyal\u0131 s\u0259yyah Corce Radinovi\u00e7 Kapralovi\u00e7 bildirib. \u201cBu \u0259razil\u0259rin inki\u015faf\u0131n\u0131, b\u0259rpa i\u015fl\u0259rini g\u00f6r\u00fcb, b\u0259zi tarixi m\u0259s\u0259l\u0259l\u0259r\u0259 cavab tapmaq \u00fc\u00e7\u00fcn g\u0259lmi\u015f\u0259m\u201d, &#8211; s\u0259yah\u0259t\u00e7i deyib. Onun fikrinc\u0259, Qaraba\u011f\u0131n z\u0259ngin t\u0259bii ehtiyatlar\u0131 b\u00f6lg\u0259nin inki\u015faf\u0131 \u00fc\u00e7\u00fcn \u0259lveri\u015flidir. Xat\u0131rladaq ki,&hellip;","_links":{"self":[{"href":"https:\/\/arantv.az\/index.php?rest_route=\/wp\/v2\/posts\/440371"}],"collection":[{"href":"https:\/\/arantv.az\/index.php?rest_route=\/wp\/v2\/posts"}],"about":[{"href":"https:\/\/arantv.az\/index.php?rest_route=\/wp\/v2\/types\/post"}],"author":[{"embeddable":true,"href":"https:\/\/arantv.az\/index.php?rest_route=\/wp\/v2\/users\/2"}],"replies":[{"embeddable":true,"href":"https:\/\/arantv.az\/index.php?rest_route=%2Fwp%2Fv2%2Fcomments&post=440371"}],"version-history":[{"count":0,"href":"https:\/\/arantv.az\/index.php?rest_route=\/wp\/v2\/posts\/440371\/revisions"}],"wp:featuredmedia":[{"embeddable":true,"href":"https:\/\/arantv.az\/index.php?rest_route=\/wp\/v2\/media\/440372"}],"wp:attachment":[{"href":"https:\/\/arantv.az\/index.php?rest_route=%2Fwp%2Fv2%2Fmedia&parent=440371"}],"wp:term":[{"taxonomy":"category","embeddable":true,"href":"https:\/\/arantv.az\/index.php?rest_route=%2Fwp%2Fv2%2Fcategories&post=440371"},{"taxonomy":"post_tag","embeddable":true,"href":"https:\/\/arantv.az\/index.php?rest_route=%2Fwp%2Fv2%2Ftags&post=440371"}],"curies":[{"name":"wp","href":"https:\/\/api.w.org\/{rel}","templated":true}]}}