{"id":440378,"date":"2022-02-17T18:14:04","date_gmt":"2022-02-17T15:14:04","guid":{"rendered":"http:\/\/arantv.az\/?p=440378"},"modified":"2022-02-17T18:14:04","modified_gmt":"2022-02-17T15:14:04","slug":"rusiya-s%c9%99rtl%c9%99rini-aciqladi-butun-q%c9%99rb-musavirl%c9%99ri-v%c9%99-t%c9%99limatcilari-ukraynadan-cixmalidir","status":"publish","type":"post","link":"https:\/\/arantv.az\/?p=440378","title":{"rendered":"Rusiya \u015f\u0259rtl\u0259rini a\u00e7\u0131qlad\u0131: B\u00fct\u00fcn Q\u0259rb m\u00fc\u015favirl\u0259ri v\u0259 t\u0259limat\u00e7\u0131lar\u0131 Ukraynadan \u00e7\u0131xmal\u0131d\u0131r"},"content":{"rendered":"<p>\u201cQ\u0259rb v\u0259ziyy\u0259ti nizamlamaq \u00fc\u00e7\u00fcn Kiyev\u0259 silah verm\u0259kd\u0259n v\u0259 Ukrayna Silahl\u0131 Q\u00fcvv\u0259l\u0259ri il\u0259 birg\u0259 t\u0259liml\u0259rd\u0259n imtina etm\u0259li, Ukrayna hakimiyy\u0259tini Minsk raz\u0131la\u015fmalar\u0131na \u0259m\u0259l etm\u0259y\u0259 m\u0259cbur etm\u0259lidir\u201d.<\/p>\n<p><strong>ARANTV.AZ\u00a0 x\u0259b\u0259r verir ki,<\/strong>\u00a0\u00a0bu bar\u0259d\u0259 Rusiya Xarici \u0130\u015fl\u0259r Nazirliyinin sayt\u0131nda d\u0259rc edilmi\u015f AB\u015e t\u0259r\u0259finin t\u0259hl\u00fck\u0259sizlik z\u0259man\u0259tl\u0259ri il\u0259 ba\u011fl\u0131 cavab\u0131na yaz\u0131l\u0131 reaksiyada deyilir.<\/p>\n<p>&#8220;Ukrayna \u0259traf\u0131nda v\u0259ziyy\u0259tin de-eskalasiyas\u0131 \u00fc\u00e7\u00fcn n\u00f6vb\u0259ti add\u0131mlar\u0131n at\u0131lmas\u0131 prinsipial olaraq vacibdir. Bunlar Kiyevi Minsk T\u0259dbirl\u0259r Paketini icra etm\u0259y\u0259 m\u0259cbur etm\u0259k, Ukraynaya silah t\u0259dar\u00fck\u00fcn\u00fc dayand\u0131rmaq, b\u00fct\u00fcn Q\u0259rb m\u00fc\u015favirl\u0259rini v\u0259 t\u0259limat\u00e7\u0131lar\u0131n\u0131 oradan \u00e7\u0131xarmaq, NATO \u00f6lk\u0259l\u0259rinin Ukrayna Silahl\u0131 Q\u00fcvv\u0259l\u0259ri il\u0259 h\u0259r hans\u0131 birg\u0259 t\u0259liml\u0259rd\u0259n imtina etm\u0259k v\u0259 b\u00fct\u00fcn xarici silahlar\u0131n Ukrayna \u0259razisind\u0259n k\u0259nara \u00e7\u0131xar\u0131lmas\u0131d\u0131r\u201d- dey\u0259 s\u0259n\u0259dd\u0259 qeyd olunub.<\/p>\n","protected":false},"excerpt":{"rendered":"<p>\u201cQ\u0259rb v\u0259ziyy\u0259ti nizamlamaq \u00fc\u00e7\u00fcn Kiyev\u0259 silah verm\u0259kd\u0259n v\u0259 Ukrayna Silahl\u0131 Q\u00fcvv\u0259l\u0259ri il\u0259 birg\u0259 t\u0259liml\u0259rd\u0259n imtina etm\u0259li, Ukrayna hakimiyy\u0259tini Minsk raz\u0131la\u015fmalar\u0131na \u0259m\u0259l etm\u0259y\u0259 m\u0259cbur etm\u0259lidir\u201d. ARANTV.AZ\u00a0 x\u0259b\u0259r verir ki,\u00a0\u00a0bu bar\u0259d\u0259 Rusiya Xarici \u0130\u015fl\u0259r Nazirliyinin sayt\u0131nda d\u0259rc edilmi\u015f AB\u015e t\u0259r\u0259finin t\u0259hl\u00fck\u0259sizlik z\u0259man\u0259tl\u0259ri il\u0259 ba\u011fl\u0131 cavab\u0131na yaz\u0131l\u0131 reaksiyada deyilir. &#8220;Ukrayna \u0259traf\u0131nda v\u0259ziyy\u0259tin de-eskalasiyas\u0131 \u00fc\u00e7\u00fcn n\u00f6vb\u0259ti add\u0131mlar\u0131n at\u0131lmas\u0131 prinsipial olaraq vacibdir. Bunlar Kiyevi Minsk T\u0259dbirl\u0259r Paketini icra etm\u0259y\u0259 m\u0259cbur etm\u0259k, Ukraynaya silah t\u0259dar\u00fck\u00fcn\u00fc dayand\u0131rmaq, b\u00fct\u00fcn Q\u0259rb m\u00fc\u015favirl\u0259rini v\u0259 t\u0259limat\u00e7\u0131lar\u0131n\u0131 oradan \u00e7\u0131xarmaq, NATO \u00f6lk\u0259l\u0259rinin Ukrayna Silahl\u0131 Q\u00fcvv\u0259l\u0259ri il\u0259 h\u0259r hans\u0131 birg\u0259 t\u0259liml\u0259rd\u0259n imtina etm\u0259k v\u0259&hellip;<\/p>\n","protected":false},"author":2,"featured_media":440379,"comment_status":"closed","ping_status":"closed","sticky":false,"template":"","format":"standard","meta":{"om_disable_all_campaigns":false,"_monsterinsights_skip_tracking":false,"_monsterinsights_sitenote_active":false,"_monsterinsights_sitenote_note":"","_monsterinsights_sitenote_category":0},"categories":[19],"tags":[],"aioseo_notices":[],"gutentor_comment":0,"rttpg_featured_image_url":{"full":["https:\/\/arantv.az\/wp-content\/uploads\/2022\/02\/cb77649f164321795429668636310378220.jpg",975,540,false],"landscape":["https:\/\/arantv.az\/wp-content\/uploads\/2022\/02\/cb77649f164321795429668636310378220.jpg",975,540,false],"portraits":["https:\/\/arantv.az\/wp-content\/uploads\/2022\/02\/cb77649f164321795429668636310378220.jpg",975,540,false],"thumbnail":["https:\/\/arantv.az\/wp-content\/uploads\/2022\/02\/cb77649f164321795429668636310378220-500x280.jpg",500,280,true],"medium":["https:\/\/arantv.az\/wp-content\/uploads\/2022\/02\/cb77649f164321795429668636310378220-660x365.jpg",660,365,true],"large":["https:\/\/arantv.az\/wp-content\/uploads\/2022\/02\/cb77649f164321795429668636310378220-840x465.jpg",640,354,true],"1536x1536":["https:\/\/arantv.az\/wp-content\/uploads\/2022\/02\/cb77649f164321795429668636310378220.jpg",975,540,false],"2048x2048":["https:\/\/arantv.az\/wp-content\/uploads\/2022\/02\/cb77649f164321795429668636310378220.jpg",975,540,false],"post-thumbnail":["https:\/\/arantv.az\/wp-content\/uploads\/2022\/02\/cb77649f164321795429668636310378220-240x172.jpg",240,172,true],"advps-thumb-one":["https:\/\/arantv.az\/wp-content\/uploads\/2022\/02\/cb77649f164321795429668636310378220.jpg",975,540,false]},"rttpg_author":{"display_name":"V\u00fcsal Rafiqo\u011flu","author_link":"https:\/\/arantv.az\/?author=2"},"rttpg_comment":0,"rttpg_category":"<a href=\"https:\/\/arantv.az\/?cat=19\" rel=\"category\">G\u00fcnd\u0259m<\/a>","rttpg_excerpt":"\u201cQ\u0259rb v\u0259ziyy\u0259ti nizamlamaq \u00fc\u00e7\u00fcn Kiyev\u0259 silah verm\u0259kd\u0259n v\u0259 Ukrayna Silahl\u0131 Q\u00fcvv\u0259l\u0259ri il\u0259 birg\u0259 t\u0259liml\u0259rd\u0259n imtina etm\u0259li, Ukrayna hakimiyy\u0259tini Minsk raz\u0131la\u015fmalar\u0131na \u0259m\u0259l etm\u0259y\u0259 m\u0259cbur etm\u0259lidir\u201d. ARANTV.AZ\u00a0 x\u0259b\u0259r verir ki,\u00a0\u00a0bu bar\u0259d\u0259 Rusiya Xarici \u0130\u015fl\u0259r Nazirliyinin sayt\u0131nda d\u0259rc edilmi\u015f AB\u015e t\u0259r\u0259finin t\u0259hl\u00fck\u0259sizlik z\u0259man\u0259tl\u0259ri il\u0259 ba\u011fl\u0131 cavab\u0131na yaz\u0131l\u0131 reaksiyada deyilir. &#8220;Ukrayna \u0259traf\u0131nda v\u0259ziyy\u0259tin de-eskalasiyas\u0131 \u00fc\u00e7\u00fcn n\u00f6vb\u0259ti add\u0131mlar\u0131n at\u0131lmas\u0131 prinsipial&hellip;","_links":{"self":[{"href":"https:\/\/arantv.az\/index.php?rest_route=\/wp\/v2\/posts\/440378"}],"collection":[{"href":"https:\/\/arantv.az\/index.php?rest_route=\/wp\/v2\/posts"}],"about":[{"href":"https:\/\/arantv.az\/index.php?rest_route=\/wp\/v2\/types\/post"}],"author":[{"embeddable":true,"href":"https:\/\/arantv.az\/index.php?rest_route=\/wp\/v2\/users\/2"}],"replies":[{"embeddable":true,"href":"https:\/\/arantv.az\/index.php?rest_route=%2Fwp%2Fv2%2Fcomments&post=440378"}],"version-history":[{"count":0,"href":"https:\/\/arantv.az\/index.php?rest_route=\/wp\/v2\/posts\/440378\/revisions"}],"wp:featuredmedia":[{"embeddable":true,"href":"https:\/\/arantv.az\/index.php?rest_route=\/wp\/v2\/media\/440379"}],"wp:attachment":[{"href":"https:\/\/arantv.az\/index.php?rest_route=%2Fwp%2Fv2%2Fmedia&parent=440378"}],"wp:term":[{"taxonomy":"category","embeddable":true,"href":"https:\/\/arantv.az\/index.php?rest_route=%2Fwp%2Fv2%2Fcategories&post=440378"},{"taxonomy":"post_tag","embeddable":true,"href":"https:\/\/arantv.az\/index.php?rest_route=%2Fwp%2Fv2%2Ftags&post=440378"}],"curies":[{"name":"wp","href":"https:\/\/api.w.org\/{rel}","templated":true}]}}