{"id":44038,"date":"2019-03-09T13:39:44","date_gmt":"2019-03-09T10:39:44","guid":{"rendered":"http:\/\/arantv.az\/?p=44038"},"modified":"2019-03-09T13:39:44","modified_gmt":"2019-03-09T10:39:44","slug":"dovl%c9%99t-qulluqcularinin-maaslari-artirildi","status":"publish","type":"post","link":"https:\/\/arantv.az\/?p=44038","title":{"rendered":"D\u00f6vl\u0259t qulluq\u00e7ular\u0131n\u0131n maa\u015flar\u0131 art\u0131r\u0131ld\u0131"},"content":{"rendered":"<p>Prezident \u0130lham \u018fliyev &#8220;D\u00f6vl\u0259t qulluq\u00e7ular\u0131n\u0131n ayl\u0131q v\u0259zif\u0259 maa\u015f\u0131n\u0131n m\u00fc\u0259yy\u0259n edilm\u0259si haqq\u0131nda&#8221; Az\u0259rbaycan Respublikas\u0131 Prezidentinin 2018-ci il 13 mart tarixli 3787 n\u00f6mr\u0259li S\u0259r\u0259ncam\u0131nda d\u0259yi\u015fiklik edilm\u0259si bar\u0259d\u0259 s\u0259r\u0259ncam imzalay\u0131b.<\/p>\n<p><strong>ARANTV.AZ<\/strong> az\u0259rtac-a istinad\u0259n bildirir ki, s\u0259r\u0259ncamda qeyd edilir ki, &#8220;D\u00f6vl\u0259t qulluq\u00e7ular\u0131n\u0131n ayl\u0131q v\u0259zif\u0259 maa\u015f\u0131n\u0131n m\u00fc\u0259yy\u0259n edilm\u0259si haqq\u0131nda&#8221; Az\u0259rbaycan Respublikas\u0131 Prezidentinin 2018-ci il 13 mart tarixli 3787 n\u00f6mr\u0259li S\u0259r\u0259ncam\u0131nda (Az\u0259rbaycan Respublikas\u0131n\u0131n Qanunvericilik Toplusu, 2018, \u2116 3, madd\u0259 511, \u2116 7 (II kitab), madd\u0259 1574, \u2116 11, madd\u0259 2287) a\u015fa\u011f\u0131dak\u0131 d\u0259yi\u015fiklikl\u0259r edilsin:<\/p>\n<p>1.1. 1-ci hiss\u0259d\u0259 &#8220;165&#8221; r\u0259q\u0259ml\u0259ri &#8220;200&#8221; r\u0259q\u0259ml\u0259ri il\u0259 \u0259v\u0259z edilsin;<\/p>\n<p>1.2. h\u0259min S\u0259r\u0259ncamla t\u0259sdiq edilmi\u015f 2 n\u00f6mr\u0259li \u018flav\u0259nin 2.4.1.1-2.4.1.4-c\u00fc yar\u0131mb\u0259ndl\u0259rind\u0259 &#8220;185&#8221;, &#8220;175&#8221;, &#8220;170&#8221; v\u0259 &#8220;165&#8221; r\u0259q\u0259ml\u0259ri m\u00fcvafiq olaraq &#8220;215&#8221;, &#8220;210&#8221;, &#8220;205&#8221; v\u0259 &#8220;200&#8221; r\u0259q\u0259ml\u0259ri il\u0259 \u0259v\u0259z edilsin.<\/p>\n<p>S\u0259r\u0259ncam 2019-cu il mart\u0131n 1-d\u0259n t\u0259tbiq edilir.<\/p>\n","protected":false},"excerpt":{"rendered":"<p>Prezident \u0130lham \u018fliyev &#8220;D\u00f6vl\u0259t qulluq\u00e7ular\u0131n\u0131n ayl\u0131q v\u0259zif\u0259 maa\u015f\u0131n\u0131n m\u00fc\u0259yy\u0259n edilm\u0259si haqq\u0131nda&#8221; Az\u0259rbaycan Respublikas\u0131 Prezidentinin 2018-ci il 13 mart tarixli 3787 n\u00f6mr\u0259li S\u0259r\u0259ncam\u0131nda d\u0259yi\u015fiklik edilm\u0259si bar\u0259d\u0259 s\u0259r\u0259ncam imzalay\u0131b. ARANTV.AZ az\u0259rtac-a istinad\u0259n bildirir ki, s\u0259r\u0259ncamda qeyd edilir ki, &#8220;D\u00f6vl\u0259t qulluq\u00e7ular\u0131n\u0131n ayl\u0131q v\u0259zif\u0259 maa\u015f\u0131n\u0131n m\u00fc\u0259yy\u0259n edilm\u0259si haqq\u0131nda&#8221; Az\u0259rbaycan Respublikas\u0131 Prezidentinin 2018-ci il 13 mart tarixli 3787 n\u00f6mr\u0259li S\u0259r\u0259ncam\u0131nda (Az\u0259rbaycan Respublikas\u0131n\u0131n Qanunvericilik Toplusu, 2018, \u2116 3, madd\u0259 511, \u2116 7 (II kitab), madd\u0259 1574, \u2116 11, madd\u0259 2287) a\u015fa\u011f\u0131dak\u0131 d\u0259yi\u015fiklikl\u0259r edilsin: 1.1. 1-ci hiss\u0259d\u0259 &#8220;165&#8221; r\u0259q\u0259ml\u0259ri &#8220;200&#8221; r\u0259q\u0259ml\u0259ri il\u0259 \u0259v\u0259z edilsin; 1.2. h\u0259min S\u0259r\u0259ncamla&hellip;<\/p>\n","protected":false},"author":2,"featured_media":44039,"comment_status":"closed","ping_status":"closed","sticky":false,"template":"","format":"standard","meta":{"om_disable_all_campaigns":false,"_monsterinsights_skip_tracking":false,"_monsterinsights_sitenote_active":false,"_monsterinsights_sitenote_note":"","_monsterinsights_sitenote_category":0},"categories":[4],"tags":[],"aioseo_notices":[],"gutentor_comment":0,"rttpg_featured_image_url":{"full":["https:\/\/arantv.az\/wp-content\/uploads\/2019\/03\/2018_ilham_aliyev_01-8.jpg",1200,900,false],"landscape":["https:\/\/arantv.az\/wp-content\/uploads\/2019\/03\/2018_ilham_aliyev_01-8.jpg",1200,900,false],"portraits":["https:\/\/arantv.az\/wp-content\/uploads\/2019\/03\/2018_ilham_aliyev_01-8.jpg",1200,900,false],"thumbnail":["https:\/\/arantv.az\/wp-content\/uploads\/2019\/03\/2018_ilham_aliyev_01-8-150x150.jpg",150,150,true],"medium":["https:\/\/arantv.az\/wp-content\/uploads\/2019\/03\/2018_ilham_aliyev_01-8-300x225.jpg",300,225,true],"large":["https:\/\/arantv.az\/wp-content\/uploads\/2019\/03\/2018_ilham_aliyev_01-8-1024x768.jpg",640,480,true],"1536x1536":["https:\/\/arantv.az\/wp-content\/uploads\/2019\/03\/2018_ilham_aliyev_01-8.jpg",1200,900,false],"2048x2048":["https:\/\/arantv.az\/wp-content\/uploads\/2019\/03\/2018_ilham_aliyev_01-8.jpg",1200,900,false],"post-thumbnail":["https:\/\/arantv.az\/wp-content\/uploads\/2019\/03\/2018_ilham_aliyev_01-8-240x172.jpg",240,172,true],"advps-thumb-one":["https:\/\/arantv.az\/wp-content\/uploads\/2019\/03\/2018_ilham_aliyev_01-8-1200x620.jpg",1200,620,true]},"rttpg_author":{"display_name":"V\u00fcsal Rafiqo\u011flu","author_link":"https:\/\/arantv.az\/?author=2"},"rttpg_comment":0,"rttpg_category":"<a href=\"https:\/\/arantv.az\/?cat=4\" rel=\"category\">Siyas\u0259t<\/a>","rttpg_excerpt":"Prezident \u0130lham \u018fliyev &#8220;D\u00f6vl\u0259t qulluq\u00e7ular\u0131n\u0131n ayl\u0131q v\u0259zif\u0259 maa\u015f\u0131n\u0131n m\u00fc\u0259yy\u0259n edilm\u0259si haqq\u0131nda&#8221; Az\u0259rbaycan Respublikas\u0131 Prezidentinin 2018-ci il 13 mart tarixli 3787 n\u00f6mr\u0259li S\u0259r\u0259ncam\u0131nda d\u0259yi\u015fiklik edilm\u0259si bar\u0259d\u0259 s\u0259r\u0259ncam imzalay\u0131b. ARANTV.AZ az\u0259rtac-a istinad\u0259n bildirir ki, s\u0259r\u0259ncamda qeyd edilir ki, &#8220;D\u00f6vl\u0259t qulluq\u00e7ular\u0131n\u0131n ayl\u0131q v\u0259zif\u0259 maa\u015f\u0131n\u0131n m\u00fc\u0259yy\u0259n edilm\u0259si haqq\u0131nda&#8221; Az\u0259rbaycan Respublikas\u0131 Prezidentinin 2018-ci il 13 mart tarixli 3787 n\u00f6mr\u0259li S\u0259r\u0259ncam\u0131nda&hellip;","_links":{"self":[{"href":"https:\/\/arantv.az\/index.php?rest_route=\/wp\/v2\/posts\/44038"}],"collection":[{"href":"https:\/\/arantv.az\/index.php?rest_route=\/wp\/v2\/posts"}],"about":[{"href":"https:\/\/arantv.az\/index.php?rest_route=\/wp\/v2\/types\/post"}],"author":[{"embeddable":true,"href":"https:\/\/arantv.az\/index.php?rest_route=\/wp\/v2\/users\/2"}],"replies":[{"embeddable":true,"href":"https:\/\/arantv.az\/index.php?rest_route=%2Fwp%2Fv2%2Fcomments&post=44038"}],"version-history":[{"count":0,"href":"https:\/\/arantv.az\/index.php?rest_route=\/wp\/v2\/posts\/44038\/revisions"}],"wp:featuredmedia":[{"embeddable":true,"href":"https:\/\/arantv.az\/index.php?rest_route=\/wp\/v2\/media\/44039"}],"wp:attachment":[{"href":"https:\/\/arantv.az\/index.php?rest_route=%2Fwp%2Fv2%2Fmedia&parent=44038"}],"wp:term":[{"taxonomy":"category","embeddable":true,"href":"https:\/\/arantv.az\/index.php?rest_route=%2Fwp%2Fv2%2Fcategories&post=44038"},{"taxonomy":"post_tag","embeddable":true,"href":"https:\/\/arantv.az\/index.php?rest_route=%2Fwp%2Fv2%2Ftags&post=44038"}],"curies":[{"name":"wp","href":"https:\/\/api.w.org\/{rel}","templated":true}]}}