{"id":440392,"date":"2022-02-17T19:52:47","date_gmt":"2022-02-17T16:52:47","guid":{"rendered":"http:\/\/arantv.az\/?p=440392"},"modified":"2022-02-17T19:52:47","modified_gmt":"2022-02-17T16:52:47","slug":"sumqayitda-avtomobil-korpud%c9%99n-asib-uc-n%c9%99f%c9%99r-olub","status":"publish","type":"post","link":"https:\/\/arantv.az\/?p=440392","title":{"rendered":"Sumqay\u0131tda avtomobil k\u00f6rp\u00fcd\u0259n a\u015f\u0131b, \u00fc\u00e7 n\u0259f\u0259r \u00f6l\u00fcb"},"content":{"rendered":"<p>Bak\u0131-Quba avtomobil yolunun Sumqay\u0131tdan ke\u00e7\u0259n hiss\u0259sind\u0259 \u00f6l\u00fcml\u0259 n\u0259tic\u0259l\u0259n\u0259n yol-n\u0259qliyyat hadis\u0259si ba\u015f verib.<\/p>\n<div class=\"AdviadNativeVideo\"><\/div>\n<p>APA x\u0259b\u0259r verir ki, q\u0259za avtomobil yolunun Hac\u0131 Zeynalabdin q\u0259s\u0259b\u0259sind\u0259n ke\u00e7\u0259n hiss\u0259sind\u0259 qeyd\u0259 al\u0131n\u0131b.<\/p>\n<p>\u201cMercedes\u201d markal\u0131 avtomobil k\u00f6rp\u00fcd\u0259n a\u015f\u0131b. Q\u0259za n\u0259tic\u0259sind\u0259 bir ail\u0259nin 3 \u00fczv\u00fc &#8211; s\u00fcr\u00fcc\u00fc 1988-ci il t\u0259v\u0259ll\u00fcdl\u00fc \u018fliyev Seymur Fikr\u0259t o\u011flu, h\u0259yat yolda\u015f\u0131 1999-cu il t\u0259v\u0259ll\u00fcdl\u00fc \u018fl\u0259kb\u0259rova Fidan M\u00f6vs\u00fcm q\u0131z\u0131 v\u0259 onlar\u0131n \u00f6vladlar\u0131 2021-ci il t\u0259v\u0259ll\u00fcdl\u00fc H\u0259mz\u0259 hadis\u0259 yerind\u0259 \u00f6l\u00fcb.<\/p>\n<p>Faktla ba\u011fl\u0131 ara\u015fd\u0131rma apar\u0131l\u0131r.<\/p>\n","protected":false},"excerpt":{"rendered":"<p>Bak\u0131-Quba avtomobil yolunun Sumqay\u0131tdan ke\u00e7\u0259n hiss\u0259sind\u0259 \u00f6l\u00fcml\u0259 n\u0259tic\u0259l\u0259n\u0259n yol-n\u0259qliyyat hadis\u0259si ba\u015f verib. APA x\u0259b\u0259r verir ki, q\u0259za avtomobil yolunun Hac\u0131 Zeynalabdin q\u0259s\u0259b\u0259sind\u0259n ke\u00e7\u0259n hiss\u0259sind\u0259 qeyd\u0259 al\u0131n\u0131b. \u201cMercedes\u201d markal\u0131 avtomobil k\u00f6rp\u00fcd\u0259n a\u015f\u0131b. Q\u0259za n\u0259tic\u0259sind\u0259 bir ail\u0259nin 3 \u00fczv\u00fc &#8211; s\u00fcr\u00fcc\u00fc 1988-ci il t\u0259v\u0259ll\u00fcdl\u00fc \u018fliyev Seymur Fikr\u0259t o\u011flu, h\u0259yat yolda\u015f\u0131 1999-cu il t\u0259v\u0259ll\u00fcdl\u00fc \u018fl\u0259kb\u0259rova Fidan M\u00f6vs\u00fcm q\u0131z\u0131 v\u0259 onlar\u0131n \u00f6vladlar\u0131 2021-ci il t\u0259v\u0259ll\u00fcdl\u00fc H\u0259mz\u0259 hadis\u0259 yerind\u0259 \u00f6l\u00fcb. Faktla ba\u011fl\u0131 ara\u015fd\u0131rma apar\u0131l\u0131r.<\/p>\n","protected":false},"author":2,"featured_media":440393,"comment_status":"closed","ping_status":"closed","sticky":false,"template":"","format":"standard","meta":{"om_disable_all_campaigns":false,"_monsterinsights_skip_tracking":false,"_monsterinsights_sitenote_active":false,"_monsterinsights_sitenote_note":"","_monsterinsights_sitenote_category":0},"categories":[5],"tags":[],"aioseo_notices":[],"gutentor_comment":0,"rttpg_featured_image_url":{"full":["https:\/\/arantv.az\/wp-content\/uploads\/2022\/02\/FotoJet-2022-02-17T202704.059.jpg",620,413,false],"landscape":["https:\/\/arantv.az\/wp-content\/uploads\/2022\/02\/FotoJet-2022-02-17T202704.059.jpg",620,413,false],"portraits":["https:\/\/arantv.az\/wp-content\/uploads\/2022\/02\/FotoJet-2022-02-17T202704.059.jpg",620,413,false],"thumbnail":["https:\/\/arantv.az\/wp-content\/uploads\/2022\/02\/FotoJet-2022-02-17T202704.059-500x280.jpg",500,280,true],"medium":["https:\/\/arantv.az\/wp-content\/uploads\/2022\/02\/FotoJet-2022-02-17T202704.059-548x365.jpg",548,365,true],"large":["https:\/\/arantv.az\/wp-content\/uploads\/2022\/02\/FotoJet-2022-02-17T202704.059.jpg",620,413,false],"1536x1536":["https:\/\/arantv.az\/wp-content\/uploads\/2022\/02\/FotoJet-2022-02-17T202704.059.jpg",620,413,false],"2048x2048":["https:\/\/arantv.az\/wp-content\/uploads\/2022\/02\/FotoJet-2022-02-17T202704.059.jpg",620,413,false],"post-thumbnail":["https:\/\/arantv.az\/wp-content\/uploads\/2022\/02\/FotoJet-2022-02-17T202704.059-240x172.jpg",240,172,true],"advps-thumb-one":["https:\/\/arantv.az\/wp-content\/uploads\/2022\/02\/FotoJet-2022-02-17T202704.059.jpg",620,413,false]},"rttpg_author":{"display_name":"V\u00fcsal Rafiqo\u011flu","author_link":"https:\/\/arantv.az\/?author=2"},"rttpg_comment":0,"rttpg_category":"<a href=\"https:\/\/arantv.az\/?cat=5\" rel=\"category\">Hadis\u0259<\/a>","rttpg_excerpt":"Bak\u0131-Quba avtomobil yolunun Sumqay\u0131tdan ke\u00e7\u0259n hiss\u0259sind\u0259 \u00f6l\u00fcml\u0259 n\u0259tic\u0259l\u0259n\u0259n yol-n\u0259qliyyat hadis\u0259si ba\u015f verib. APA x\u0259b\u0259r verir ki, q\u0259za avtomobil yolunun Hac\u0131 Zeynalabdin q\u0259s\u0259b\u0259sind\u0259n ke\u00e7\u0259n hiss\u0259sind\u0259 qeyd\u0259 al\u0131n\u0131b. \u201cMercedes\u201d markal\u0131 avtomobil k\u00f6rp\u00fcd\u0259n a\u015f\u0131b. Q\u0259za n\u0259tic\u0259sind\u0259 bir ail\u0259nin 3 \u00fczv\u00fc &#8211; s\u00fcr\u00fcc\u00fc 1988-ci il t\u0259v\u0259ll\u00fcdl\u00fc \u018fliyev Seymur Fikr\u0259t o\u011flu, h\u0259yat yolda\u015f\u0131 1999-cu il t\u0259v\u0259ll\u00fcdl\u00fc \u018fl\u0259kb\u0259rova Fidan M\u00f6vs\u00fcm q\u0131z\u0131&hellip;","_links":{"self":[{"href":"https:\/\/arantv.az\/index.php?rest_route=\/wp\/v2\/posts\/440392"}],"collection":[{"href":"https:\/\/arantv.az\/index.php?rest_route=\/wp\/v2\/posts"}],"about":[{"href":"https:\/\/arantv.az\/index.php?rest_route=\/wp\/v2\/types\/post"}],"author":[{"embeddable":true,"href":"https:\/\/arantv.az\/index.php?rest_route=\/wp\/v2\/users\/2"}],"replies":[{"embeddable":true,"href":"https:\/\/arantv.az\/index.php?rest_route=%2Fwp%2Fv2%2Fcomments&post=440392"}],"version-history":[{"count":0,"href":"https:\/\/arantv.az\/index.php?rest_route=\/wp\/v2\/posts\/440392\/revisions"}],"wp:featuredmedia":[{"embeddable":true,"href":"https:\/\/arantv.az\/index.php?rest_route=\/wp\/v2\/media\/440393"}],"wp:attachment":[{"href":"https:\/\/arantv.az\/index.php?rest_route=%2Fwp%2Fv2%2Fmedia&parent=440392"}],"wp:term":[{"taxonomy":"category","embeddable":true,"href":"https:\/\/arantv.az\/index.php?rest_route=%2Fwp%2Fv2%2Fcategories&post=440392"},{"taxonomy":"post_tag","embeddable":true,"href":"https:\/\/arantv.az\/index.php?rest_route=%2Fwp%2Fv2%2Ftags&post=440392"}],"curies":[{"name":"wp","href":"https:\/\/api.w.org\/{rel}","templated":true}]}}