{"id":440395,"date":"2022-02-17T19:53:35","date_gmt":"2022-02-17T16:53:35","guid":{"rendered":"http:\/\/arantv.az\/?p=440395"},"modified":"2022-02-17T19:53:35","modified_gmt":"2022-02-17T16:53:35","slug":"%c9%99lc%c9%99zairli-s%c9%99yyah-xocali-faci%c9%99sini-%c9%99ks-etdir%c9%99n-s%c9%99kill%c9%99r-bizi-sarsitdi","status":"publish","type":"post","link":"https:\/\/arantv.az\/?p=440395","title":{"rendered":"\u018flc\u0259zairli s\u0259yyah: \u201cXocal\u0131 faci\u0259sini \u0259ks etdir\u0259n \u015f\u0259kill\u0259r bizi sars\u0131td\u0131\u201d"},"content":{"rendered":"<p>\u201cQaraba\u011f\u0131n f\u00fcsunkar t\u0259bi\u0259ti var. Bu bar\u0259d\u0259 geni\u015f t\u0259bli\u011fat apar\u0131lmal\u0131d\u0131r ki, daha \u00e7ox insan bura s\u0259f\u0259r etsin\u201d.<\/p>\n<div class=\"AdviadNativeVideo\"><\/div>\n<p>Bunu \u201cReport&#8221;a 21 \u00f6lk\u0259d\u0259n olan tan\u0131nm\u0131\u015f s\u0259yyahlarla birg\u0259 Az\u0259rbaycan\u0131n i\u015f\u011faldan azad olunmu\u015f \u0259razil\u0259rin\u0259 s\u0259f\u0259r ed\u0259n \u0259lc\u0259zairli M\u0259h\u0259mm\u0259d Vasim \u018fllahe bildirib.<\/p>\n<p>S\u0259f\u0259rd\u0259n t\u0259\u0259ss\u00fcratlar\u0131n\u0131 b\u00f6l\u00fc\u015f\u0259n qonaq \u0259n \u00e7ox fransal\u0131 fotom\u00fcxbir Reza Deqatinin A\u011fdamda n\u00fcmayi\u015f etdirdiyi Xocal\u0131 faci\u0259si il\u0259 ba\u011fl\u0131 foto\u015f\u0259kill\u0259rd\u0259n sars\u0131ld\u0131\u011f\u0131n\u0131 deyib: \u201cXocal\u0131 haqq\u0131nda \u015f\u0259kill\u0259r\u0259 baxmaq \u00e7ox a\u011fr\u0131l\u0131d\u0131r. Bel\u0259 bir \u015feyin ba\u015f verm\u0259sin\u0259 t\u0259\u0259ss\u00fcf edirik\u201d.<\/p>\n<p>Xat\u0131rladaq ki, fevral\u0131n 16-da bir qrup \u0259cn\u0259bi s\u0259yyah\u0131n Az\u0259rbaycan\u0131n i\u015f\u011faldan azad olunmu\u015f \u0259razil\u0259rin\u0259 s\u0259f\u0259ri \u00e7\u0259r\u00e7iv\u0259sind\u0259 h\u0259min yerl\u0259rin tarixi, m\u0259d\u0259niyy\u0259t abid\u0259l\u0259ri, erm\u0259nil\u0259rin i\u015f\u011fal d\u00f6vr\u00fcnd\u0259 t\u00f6r\u0259tdikl\u0259ri da\u011f\u0131nt\u0131lar, haz\u0131rda apar\u0131lan b\u0259rpa v\u0259 yenid\u0259nqurma i\u015fl\u0259ri il\u0259 tan\u0131\u015fl\u0131q n\u0259z\u0259rd\u0259 tutulur.<\/p>\n<p>\u00d6t\u0259n g\u00fcn A\u011fdam v\u0259 \u015eu\u015fada olmu\u015f qrup bu g\u00fcn K\u0259lb\u0259c\u0259r v\u0259 La\u00e7\u0131na da ba\u015f \u00e7\u0259kib.<\/p>\n","protected":false},"excerpt":{"rendered":"<p>\u201cQaraba\u011f\u0131n f\u00fcsunkar t\u0259bi\u0259ti var. Bu bar\u0259d\u0259 geni\u015f t\u0259bli\u011fat apar\u0131lmal\u0131d\u0131r ki, daha \u00e7ox insan bura s\u0259f\u0259r etsin\u201d. Bunu \u201cReport&#8221;a 21 \u00f6lk\u0259d\u0259n olan tan\u0131nm\u0131\u015f s\u0259yyahlarla birg\u0259 Az\u0259rbaycan\u0131n i\u015f\u011faldan azad olunmu\u015f \u0259razil\u0259rin\u0259 s\u0259f\u0259r ed\u0259n \u0259lc\u0259zairli M\u0259h\u0259mm\u0259d Vasim \u018fllahe bildirib. S\u0259f\u0259rd\u0259n t\u0259\u0259ss\u00fcratlar\u0131n\u0131 b\u00f6l\u00fc\u015f\u0259n qonaq \u0259n \u00e7ox fransal\u0131 fotom\u00fcxbir Reza Deqatinin A\u011fdamda n\u00fcmayi\u015f etdirdiyi Xocal\u0131 faci\u0259si il\u0259 ba\u011fl\u0131 foto\u015f\u0259kill\u0259rd\u0259n sars\u0131ld\u0131\u011f\u0131n\u0131 deyib: \u201cXocal\u0131 haqq\u0131nda \u015f\u0259kill\u0259r\u0259 baxmaq \u00e7ox a\u011fr\u0131l\u0131d\u0131r. Bel\u0259 bir \u015feyin ba\u015f verm\u0259sin\u0259 t\u0259\u0259ss\u00fcf edirik\u201d. Xat\u0131rladaq ki, fevral\u0131n 16-da bir qrup \u0259cn\u0259bi s\u0259yyah\u0131n Az\u0259rbaycan\u0131n i\u015f\u011faldan azad olunmu\u015f \u0259razil\u0259rin\u0259 s\u0259f\u0259ri \u00e7\u0259r\u00e7iv\u0259sind\u0259 h\u0259min yerl\u0259rin tarixi, m\u0259d\u0259niyy\u0259t abid\u0259l\u0259ri, erm\u0259nil\u0259rin&hellip;<\/p>\n","protected":false},"author":2,"featured_media":440396,"comment_status":"closed","ping_status":"closed","sticky":false,"template":"","format":"standard","meta":{"om_disable_all_campaigns":false,"_monsterinsights_skip_tracking":false,"_monsterinsights_sitenote_active":false,"_monsterinsights_sitenote_note":"","_monsterinsights_sitenote_category":0},"categories":[1],"tags":[],"aioseo_notices":[],"gutentor_comment":0,"rttpg_featured_image_url":{"full":["https:\/\/arantv.az\/wp-content\/uploads\/2022\/02\/FotoJet-2022-02-17T203153.663.jpg",620,413,false],"landscape":["https:\/\/arantv.az\/wp-content\/uploads\/2022\/02\/FotoJet-2022-02-17T203153.663.jpg",620,413,false],"portraits":["https:\/\/arantv.az\/wp-content\/uploads\/2022\/02\/FotoJet-2022-02-17T203153.663.jpg",620,413,false],"thumbnail":["https:\/\/arantv.az\/wp-content\/uploads\/2022\/02\/FotoJet-2022-02-17T203153.663-500x280.jpg",500,280,true],"medium":["https:\/\/arantv.az\/wp-content\/uploads\/2022\/02\/FotoJet-2022-02-17T203153.663-548x365.jpg",548,365,true],"large":["https:\/\/arantv.az\/wp-content\/uploads\/2022\/02\/FotoJet-2022-02-17T203153.663.jpg",620,413,false],"1536x1536":["https:\/\/arantv.az\/wp-content\/uploads\/2022\/02\/FotoJet-2022-02-17T203153.663.jpg",620,413,false],"2048x2048":["https:\/\/arantv.az\/wp-content\/uploads\/2022\/02\/FotoJet-2022-02-17T203153.663.jpg",620,413,false],"post-thumbnail":["https:\/\/arantv.az\/wp-content\/uploads\/2022\/02\/FotoJet-2022-02-17T203153.663-240x172.jpg",240,172,true],"advps-thumb-one":["https:\/\/arantv.az\/wp-content\/uploads\/2022\/02\/FotoJet-2022-02-17T203153.663.jpg",620,413,false]},"rttpg_author":{"display_name":"V\u00fcsal Rafiqo\u011flu","author_link":"https:\/\/arantv.az\/?author=2"},"rttpg_comment":0,"rttpg_category":"<a href=\"https:\/\/arantv.az\/?cat=1\" rel=\"category\">C\u0259miyy\u0259t<\/a>","rttpg_excerpt":"\u201cQaraba\u011f\u0131n f\u00fcsunkar t\u0259bi\u0259ti var. Bu bar\u0259d\u0259 geni\u015f t\u0259bli\u011fat apar\u0131lmal\u0131d\u0131r ki, daha \u00e7ox insan bura s\u0259f\u0259r etsin\u201d. Bunu \u201cReport&#8221;a 21 \u00f6lk\u0259d\u0259n olan tan\u0131nm\u0131\u015f s\u0259yyahlarla birg\u0259 Az\u0259rbaycan\u0131n i\u015f\u011faldan azad olunmu\u015f \u0259razil\u0259rin\u0259 s\u0259f\u0259r ed\u0259n \u0259lc\u0259zairli M\u0259h\u0259mm\u0259d Vasim \u018fllahe bildirib. S\u0259f\u0259rd\u0259n t\u0259\u0259ss\u00fcratlar\u0131n\u0131 b\u00f6l\u00fc\u015f\u0259n qonaq \u0259n \u00e7ox fransal\u0131 fotom\u00fcxbir Reza Deqatinin A\u011fdamda n\u00fcmayi\u015f etdirdiyi Xocal\u0131 faci\u0259si il\u0259 ba\u011fl\u0131 foto\u015f\u0259kill\u0259rd\u0259n sars\u0131ld\u0131\u011f\u0131n\u0131&hellip;","_links":{"self":[{"href":"https:\/\/arantv.az\/index.php?rest_route=\/wp\/v2\/posts\/440395"}],"collection":[{"href":"https:\/\/arantv.az\/index.php?rest_route=\/wp\/v2\/posts"}],"about":[{"href":"https:\/\/arantv.az\/index.php?rest_route=\/wp\/v2\/types\/post"}],"author":[{"embeddable":true,"href":"https:\/\/arantv.az\/index.php?rest_route=\/wp\/v2\/users\/2"}],"replies":[{"embeddable":true,"href":"https:\/\/arantv.az\/index.php?rest_route=%2Fwp%2Fv2%2Fcomments&post=440395"}],"version-history":[{"count":0,"href":"https:\/\/arantv.az\/index.php?rest_route=\/wp\/v2\/posts\/440395\/revisions"}],"wp:featuredmedia":[{"embeddable":true,"href":"https:\/\/arantv.az\/index.php?rest_route=\/wp\/v2\/media\/440396"}],"wp:attachment":[{"href":"https:\/\/arantv.az\/index.php?rest_route=%2Fwp%2Fv2%2Fmedia&parent=440395"}],"wp:term":[{"taxonomy":"category","embeddable":true,"href":"https:\/\/arantv.az\/index.php?rest_route=%2Fwp%2Fv2%2Fcategories&post=440395"},{"taxonomy":"post_tag","embeddable":true,"href":"https:\/\/arantv.az\/index.php?rest_route=%2Fwp%2Fv2%2Ftags&post=440395"}],"curies":[{"name":"wp","href":"https:\/\/api.w.org\/{rel}","templated":true}]}}