{"id":440468,"date":"2022-02-18T07:43:46","date_gmt":"2022-02-18T04:43:46","guid":{"rendered":"http:\/\/arantv.az\/?p=440468"},"modified":"2022-02-18T07:43:46","modified_gmt":"2022-02-18T04:43:46","slug":"rusiya-biz%c9%99-qarsi-t%c9%99xribatlara-baslayib-danilov","status":"publish","type":"post","link":"https:\/\/arantv.az\/?p=440468","title":{"rendered":"Rusiya biz\u0259 qar\u015f\u0131 t\u0259xribatlara ba\u015flay\u0131b &#8211; Danilov"},"content":{"rendered":"<p><strong>Ukrayna hakimiyy\u0259ti bu g\u00fcn d\u00f6vl\u0259t\u0259 qar\u015f\u0131 geni\u015fmiqyasl\u0131 \u0259m\u0259liyyat t\u0259hl\u00fck\u0259si g\u00f6rm\u00fcr, lakin Rusiyan\u0131n t\u0259xribatlar\u0131n\u0131 qeyd\u0259 al\u0131r.<\/strong><\/p>\n<p><span class=\"red\"><a href=\"http:\/\/axar.az\/\" target=\"_blank\" rel=\"noopener\">ARANTV.AZ \u00a0<\/a><\/span><span class=\"red\"><a href=\"http:\/\/axar.az\/\" target=\"_blank\" rel=\"noopener\">Axar.az-a istinad\u0259n<\/a><\/span>\u00a0x\u0259b\u0259r verir ki, bunu Ukrayna Milli T\u0259hl\u00fck\u0259sizlik v\u0259 M\u00fcdafi\u0259 \u015euras\u0131n\u0131n r\u0259hb\u0259ri Aleksey Danilov deyib.<\/p>\n<div class=\"AdviadNativeVideo\"><\/div>\n<p>\u201cS\u00f6hb\u0259t d\u00f6vl\u0259timizl\u0259 ba\u011fl\u0131 geni\u015fmiqyasl\u0131 \u0259m\u0259liyyatdan gedirs\u0259, bunu g\u00f6rm\u00fcr\u00fck. Bu g\u00fcn biz Rusiya Federasiyas\u0131n\u0131n t\u0259xribatlar\u0131n\u0131 g\u00f6r\u00fcr\u00fck. M\u0259qs\u0259d ondan ibar\u0259tdir ki, etm\u0259yi planla\u015fd\u0131rmad\u0131\u011f\u0131m\u0131z h\u0259r hans\u0131 i\u015f\u0259 g\u00f6r\u0259 biz\u0259 qar\u015f\u0131 y\u00f6n\u0259l\u0259n ittihamlara cavab ver\u0259 bil\u0259k\u201d, &#8211; Danilov qeyd edib.<\/p>\n","protected":false},"excerpt":{"rendered":"<p>Ukrayna hakimiyy\u0259ti bu g\u00fcn d\u00f6vl\u0259t\u0259 qar\u015f\u0131 geni\u015fmiqyasl\u0131 \u0259m\u0259liyyat t\u0259hl\u00fck\u0259si g\u00f6rm\u00fcr, lakin Rusiyan\u0131n t\u0259xribatlar\u0131n\u0131 qeyd\u0259 al\u0131r. ARANTV.AZ \u00a0Axar.az-a istinad\u0259n\u00a0x\u0259b\u0259r verir ki, bunu Ukrayna Milli T\u0259hl\u00fck\u0259sizlik v\u0259 M\u00fcdafi\u0259 \u015euras\u0131n\u0131n r\u0259hb\u0259ri Aleksey Danilov deyib. \u201cS\u00f6hb\u0259t d\u00f6vl\u0259timizl\u0259 ba\u011fl\u0131 geni\u015fmiqyasl\u0131 \u0259m\u0259liyyatdan gedirs\u0259, bunu g\u00f6rm\u00fcr\u00fck. Bu g\u00fcn biz Rusiya Federasiyas\u0131n\u0131n t\u0259xribatlar\u0131n\u0131 g\u00f6r\u00fcr\u00fck. M\u0259qs\u0259d ondan ibar\u0259tdir ki, etm\u0259yi planla\u015fd\u0131rmad\u0131\u011f\u0131m\u0131z h\u0259r hans\u0131 i\u015f\u0259 g\u00f6r\u0259 biz\u0259 qar\u015f\u0131 y\u00f6n\u0259l\u0259n ittihamlara cavab ver\u0259 bil\u0259k\u201d, &#8211; Danilov qeyd edib.<\/p>\n","protected":false},"author":2,"featured_media":440469,"comment_status":"closed","ping_status":"closed","sticky":false,"template":"","format":"standard","meta":{"om_disable_all_campaigns":false,"_monsterinsights_skip_tracking":false,"_monsterinsights_sitenote_active":false,"_monsterinsights_sitenote_note":"","_monsterinsights_sitenote_category":0},"categories":[7],"tags":[],"aioseo_notices":[],"gutentor_comment":0,"rttpg_featured_image_url":{"full":["https:\/\/arantv.az\/wp-content\/uploads\/2022\/02\/aleksey-danilov.jpg",600,371,false],"landscape":["https:\/\/arantv.az\/wp-content\/uploads\/2022\/02\/aleksey-danilov.jpg",600,371,false],"portraits":["https:\/\/arantv.az\/wp-content\/uploads\/2022\/02\/aleksey-danilov.jpg",600,371,false],"thumbnail":["https:\/\/arantv.az\/wp-content\/uploads\/2022\/02\/aleksey-danilov-500x280.jpg",500,280,true],"medium":["https:\/\/arantv.az\/wp-content\/uploads\/2022\/02\/aleksey-danilov-590x365.jpg",590,365,true],"large":["https:\/\/arantv.az\/wp-content\/uploads\/2022\/02\/aleksey-danilov.jpg",600,371,false],"1536x1536":["https:\/\/arantv.az\/wp-content\/uploads\/2022\/02\/aleksey-danilov.jpg",600,371,false],"2048x2048":["https:\/\/arantv.az\/wp-content\/uploads\/2022\/02\/aleksey-danilov.jpg",600,371,false],"post-thumbnail":["https:\/\/arantv.az\/wp-content\/uploads\/2022\/02\/aleksey-danilov-240x172.jpg",240,172,true],"advps-thumb-one":["https:\/\/arantv.az\/wp-content\/uploads\/2022\/02\/aleksey-danilov.jpg",600,371,false]},"rttpg_author":{"display_name":"V\u00fcsal Rafiqo\u011flu","author_link":"https:\/\/arantv.az\/?author=2"},"rttpg_comment":0,"rttpg_category":"<a href=\"https:\/\/arantv.az\/?cat=7\" rel=\"category\">D\u00fcnya<\/a>","rttpg_excerpt":"Ukrayna hakimiyy\u0259ti bu g\u00fcn d\u00f6vl\u0259t\u0259 qar\u015f\u0131 geni\u015fmiqyasl\u0131 \u0259m\u0259liyyat t\u0259hl\u00fck\u0259si g\u00f6rm\u00fcr, lakin Rusiyan\u0131n t\u0259xribatlar\u0131n\u0131 qeyd\u0259 al\u0131r. ARANTV.AZ \u00a0Axar.az-a istinad\u0259n\u00a0x\u0259b\u0259r verir ki, bunu Ukrayna Milli T\u0259hl\u00fck\u0259sizlik v\u0259 M\u00fcdafi\u0259 \u015euras\u0131n\u0131n r\u0259hb\u0259ri Aleksey Danilov deyib. \u201cS\u00f6hb\u0259t d\u00f6vl\u0259timizl\u0259 ba\u011fl\u0131 geni\u015fmiqyasl\u0131 \u0259m\u0259liyyatdan gedirs\u0259, bunu g\u00f6rm\u00fcr\u00fck. Bu g\u00fcn biz Rusiya Federasiyas\u0131n\u0131n t\u0259xribatlar\u0131n\u0131 g\u00f6r\u00fcr\u00fck. M\u0259qs\u0259d ondan ibar\u0259tdir ki, etm\u0259yi planla\u015fd\u0131rmad\u0131\u011f\u0131m\u0131z h\u0259r hans\u0131 i\u015f\u0259&hellip;","_links":{"self":[{"href":"https:\/\/arantv.az\/index.php?rest_route=\/wp\/v2\/posts\/440468"}],"collection":[{"href":"https:\/\/arantv.az\/index.php?rest_route=\/wp\/v2\/posts"}],"about":[{"href":"https:\/\/arantv.az\/index.php?rest_route=\/wp\/v2\/types\/post"}],"author":[{"embeddable":true,"href":"https:\/\/arantv.az\/index.php?rest_route=\/wp\/v2\/users\/2"}],"replies":[{"embeddable":true,"href":"https:\/\/arantv.az\/index.php?rest_route=%2Fwp%2Fv2%2Fcomments&post=440468"}],"version-history":[{"count":0,"href":"https:\/\/arantv.az\/index.php?rest_route=\/wp\/v2\/posts\/440468\/revisions"}],"wp:featuredmedia":[{"embeddable":true,"href":"https:\/\/arantv.az\/index.php?rest_route=\/wp\/v2\/media\/440469"}],"wp:attachment":[{"href":"https:\/\/arantv.az\/index.php?rest_route=%2Fwp%2Fv2%2Fmedia&parent=440468"}],"wp:term":[{"taxonomy":"category","embeddable":true,"href":"https:\/\/arantv.az\/index.php?rest_route=%2Fwp%2Fv2%2Fcategories&post=440468"},{"taxonomy":"post_tag","embeddable":true,"href":"https:\/\/arantv.az\/index.php?rest_route=%2Fwp%2Fv2%2Ftags&post=440468"}],"curies":[{"name":"wp","href":"https:\/\/api.w.org\/{rel}","templated":true}]}}