{"id":440880,"date":"2022-02-18T20:22:51","date_gmt":"2022-02-18T17:22:51","guid":{"rendered":"http:\/\/arantv.az\/?p=440880"},"modified":"2022-02-18T20:22:51","modified_gmt":"2022-02-18T17:22:51","slug":"iranda-f%c9%99hl%c9%99l%c9%99rin-f%c9%99ryadi-kreslolarinizi-basiniza-yixacagiq-video","status":"publish","type":"post","link":"https:\/\/arantv.az\/?p=440880","title":{"rendered":"\u0130randa f\u0259hl\u0259l\u0259rin f\u0259ryad\u0131: Kreslolar\u0131n\u0131z\u0131 ba\u015f\u0131n\u0131za y\u0131xaca\u011f\u0131q &#8211; V\u0130DEO"},"content":{"rendered":"<p>\u0130ran\u0131n Xuzestan vilay\u0259tind\u0259 polad\u0259ritm\u0259 zavodunun f\u0259hl\u0259l\u0259ri etiraz aksiyas\u0131 ke\u00e7iribl\u0259r.<\/p>\n<div class=\"AdviadNativeVideo\"><\/div>\n<p>\u201cAzad \u0130ran\u201d Telegram kanal\u0131n\u0131n x\u0259b\u0259rin\u0259 g\u00f6r\u0259, \u00e7\u0131x\u0131\u015f ed\u0259n naraz\u0131 f\u0259hl\u0259l\u0259rd\u0259n biri bu d\u00fcnyada h\u0259m c\u0259nn\u0259t, h\u0259m d\u0259 c\u0259h\u0259nn\u0259min oldu\u011funu, lakin h\u00f6kum\u0259tin t\u00f6r\u0259tdikl\u0259ri \u0259m\u0259ll\u0259rl\u0259 \u00f6zl\u0259ri \u00fc\u00e7\u00fcn c\u0259h\u0259nn\u0259m haz\u0131rlad\u0131qlar\u0131n\u0131 bildirib.<\/p>\n<p>Onlar haqlar\u0131n\u0131n b\u0259rpa olunmamas\u0131ndan, maa\u015f azl\u0131\u011f\u0131ndan v\u0259 \u015firk\u0259t r\u0259hb\u0259rliyinin onlar\u0131n d\u0259rdin\u0259 bigan\u0259 yana\u015fmas\u0131ndan naraz\u0131d\u0131rlar.<\/p>\n<p>Sonda etiraz\u00e7\u0131 g\u0259nc bir g\u00fcn m\u00fctl\u0259q idar\u0259\u00e7i \u015f\u0259xsl\u0259rin \u00f6z kreslolar\u0131ndan d\u00fc\u015f\u0259c\u0259kl\u0259rini v\u0259 o zaman he\u00e7 n\u0259yin onlar\u0131n xeyrin\u0259 olmayaca\u011f\u0131n\u0131 qeyd edib.<\/p>\n<div><iframe loading=\"lazy\" id=\"telegram-post-AzadIranTelegram-5191\" src=\"https:\/\/t.me\/AzadIranTelegram\/5191?embed=1\" width=\"100%\" height=\"\" frameborder=\"0\" scrolling=\"no\" data-mce-fragment=\"1\"><\/iframe><\/div>\n<div><\/div>\n<p>&nbsp;<\/p>\n","protected":false},"excerpt":{"rendered":"<p>\u0130ran\u0131n Xuzestan vilay\u0259tind\u0259 polad\u0259ritm\u0259 zavodunun f\u0259hl\u0259l\u0259ri etiraz aksiyas\u0131 ke\u00e7iribl\u0259r. \u201cAzad \u0130ran\u201d Telegram kanal\u0131n\u0131n x\u0259b\u0259rin\u0259 g\u00f6r\u0259, \u00e7\u0131x\u0131\u015f ed\u0259n naraz\u0131 f\u0259hl\u0259l\u0259rd\u0259n biri bu d\u00fcnyada h\u0259m c\u0259nn\u0259t, h\u0259m d\u0259 c\u0259h\u0259nn\u0259min oldu\u011funu, lakin h\u00f6kum\u0259tin t\u00f6r\u0259tdikl\u0259ri \u0259m\u0259ll\u0259rl\u0259 \u00f6zl\u0259ri \u00fc\u00e7\u00fcn c\u0259h\u0259nn\u0259m haz\u0131rlad\u0131qlar\u0131n\u0131 bildirib. Onlar haqlar\u0131n\u0131n b\u0259rpa olunmamas\u0131ndan, maa\u015f azl\u0131\u011f\u0131ndan v\u0259 \u015firk\u0259t r\u0259hb\u0259rliyinin onlar\u0131n d\u0259rdin\u0259 bigan\u0259 yana\u015fmas\u0131ndan naraz\u0131d\u0131rlar. Sonda etiraz\u00e7\u0131 g\u0259nc bir g\u00fcn m\u00fctl\u0259q idar\u0259\u00e7i \u015f\u0259xsl\u0259rin \u00f6z kreslolar\u0131ndan d\u00fc\u015f\u0259c\u0259kl\u0259rini v\u0259 o zaman he\u00e7 n\u0259yin onlar\u0131n xeyrin\u0259 olmayaca\u011f\u0131n\u0131 qeyd edib. &nbsp;<\/p>\n","protected":false},"author":2,"featured_media":440881,"comment_status":"closed","ping_status":"closed","sticky":false,"template":"","format":"standard","meta":{"om_disable_all_campaigns":false,"_monsterinsights_skip_tracking":false,"_monsterinsights_sitenote_active":false,"_monsterinsights_sitenote_note":"","_monsterinsights_sitenote_category":0},"categories":[1],"tags":[],"aioseo_notices":[],"gutentor_comment":0,"rttpg_featured_image_url":{"full":["https:\/\/arantv.az\/wp-content\/uploads\/2022\/02\/FotoJet-2022-02-18T200301.749.jpg",620,413,false],"landscape":["https:\/\/arantv.az\/wp-content\/uploads\/2022\/02\/FotoJet-2022-02-18T200301.749.jpg",620,413,false],"portraits":["https:\/\/arantv.az\/wp-content\/uploads\/2022\/02\/FotoJet-2022-02-18T200301.749.jpg",620,413,false],"thumbnail":["https:\/\/arantv.az\/wp-content\/uploads\/2022\/02\/FotoJet-2022-02-18T200301.749-500x280.jpg",500,280,true],"medium":["https:\/\/arantv.az\/wp-content\/uploads\/2022\/02\/FotoJet-2022-02-18T200301.749-548x365.jpg",548,365,true],"large":["https:\/\/arantv.az\/wp-content\/uploads\/2022\/02\/FotoJet-2022-02-18T200301.749.jpg",620,413,false],"1536x1536":["https:\/\/arantv.az\/wp-content\/uploads\/2022\/02\/FotoJet-2022-02-18T200301.749.jpg",620,413,false],"2048x2048":["https:\/\/arantv.az\/wp-content\/uploads\/2022\/02\/FotoJet-2022-02-18T200301.749.jpg",620,413,false],"post-thumbnail":["https:\/\/arantv.az\/wp-content\/uploads\/2022\/02\/FotoJet-2022-02-18T200301.749-240x172.jpg",240,172,true],"advps-thumb-one":["https:\/\/arantv.az\/wp-content\/uploads\/2022\/02\/FotoJet-2022-02-18T200301.749.jpg",620,413,false]},"rttpg_author":{"display_name":"V\u00fcsal Rafiqo\u011flu","author_link":"https:\/\/arantv.az\/?author=2"},"rttpg_comment":0,"rttpg_category":"<a href=\"https:\/\/arantv.az\/?cat=1\" rel=\"category\">C\u0259miyy\u0259t<\/a>","rttpg_excerpt":"\u0130ran\u0131n Xuzestan vilay\u0259tind\u0259 polad\u0259ritm\u0259 zavodunun f\u0259hl\u0259l\u0259ri etiraz aksiyas\u0131 ke\u00e7iribl\u0259r. \u201cAzad \u0130ran\u201d Telegram kanal\u0131n\u0131n x\u0259b\u0259rin\u0259 g\u00f6r\u0259, \u00e7\u0131x\u0131\u015f ed\u0259n naraz\u0131 f\u0259hl\u0259l\u0259rd\u0259n biri bu d\u00fcnyada h\u0259m c\u0259nn\u0259t, h\u0259m d\u0259 c\u0259h\u0259nn\u0259min oldu\u011funu, lakin h\u00f6kum\u0259tin t\u00f6r\u0259tdikl\u0259ri \u0259m\u0259ll\u0259rl\u0259 \u00f6zl\u0259ri \u00fc\u00e7\u00fcn c\u0259h\u0259nn\u0259m haz\u0131rlad\u0131qlar\u0131n\u0131 bildirib. Onlar haqlar\u0131n\u0131n b\u0259rpa olunmamas\u0131ndan, maa\u015f azl\u0131\u011f\u0131ndan v\u0259 \u015firk\u0259t r\u0259hb\u0259rliyinin onlar\u0131n d\u0259rdin\u0259 bigan\u0259 yana\u015fmas\u0131ndan naraz\u0131d\u0131rlar. Sonda etiraz\u00e7\u0131 g\u0259nc bir&hellip;","_links":{"self":[{"href":"https:\/\/arantv.az\/index.php?rest_route=\/wp\/v2\/posts\/440880"}],"collection":[{"href":"https:\/\/arantv.az\/index.php?rest_route=\/wp\/v2\/posts"}],"about":[{"href":"https:\/\/arantv.az\/index.php?rest_route=\/wp\/v2\/types\/post"}],"author":[{"embeddable":true,"href":"https:\/\/arantv.az\/index.php?rest_route=\/wp\/v2\/users\/2"}],"replies":[{"embeddable":true,"href":"https:\/\/arantv.az\/index.php?rest_route=%2Fwp%2Fv2%2Fcomments&post=440880"}],"version-history":[{"count":0,"href":"https:\/\/arantv.az\/index.php?rest_route=\/wp\/v2\/posts\/440880\/revisions"}],"wp:featuredmedia":[{"embeddable":true,"href":"https:\/\/arantv.az\/index.php?rest_route=\/wp\/v2\/media\/440881"}],"wp:attachment":[{"href":"https:\/\/arantv.az\/index.php?rest_route=%2Fwp%2Fv2%2Fmedia&parent=440880"}],"wp:term":[{"taxonomy":"category","embeddable":true,"href":"https:\/\/arantv.az\/index.php?rest_route=%2Fwp%2Fv2%2Fcategories&post=440880"},{"taxonomy":"post_tag","embeddable":true,"href":"https:\/\/arantv.az\/index.php?rest_route=%2Fwp%2Fv2%2Ftags&post=440880"}],"curies":[{"name":"wp","href":"https:\/\/api.w.org\/{rel}","templated":true}]}}