{"id":440883,"date":"2022-02-18T20:24:22","date_gmt":"2022-02-18T17:24:22","guid":{"rendered":"http:\/\/arantv.az\/?p=440883"},"modified":"2022-02-18T20:24:22","modified_gmt":"2022-02-18T17:24:22","slug":"himay%c9%99dar-ail%c9%99-uzr%c9%99-idar%c9%99etm%c9%99-v%c9%99-xidm%c9%99tl%c9%99r-e-infrastruktur-uz%c9%99rind%c9%99n-h%c9%99yata-keciril%c9%99c%c9%99k","status":"publish","type":"post","link":"https:\/\/arantv.az\/?p=440883","title":{"rendered":"Himay\u0259dar ail\u0259 \u00fczr\u0259 idar\u0259etm\u0259 v\u0259 xidm\u0259tl\u0259r e-infrastruktur \u00fcz\u0259rind\u0259n h\u0259yata ke\u00e7iril\u0259c\u0259k"},"content":{"rendered":"<p>Prezident \u0130lham \u018fliyevin 15 fevral 2022-ci il tarixli F\u0259rman\u0131n icras\u0131 i\u015fl\u0259ri \u00e7\u0259r\u00e7iv\u0259sind\u0259 \u201cHimay\u0259dar ail\u0259\u201d qay\u011f\u0131 modeli \u00fczr\u0259 idar\u0259etm\u0259 v\u0259 xidm\u0259tl\u0259r e-infrastruktur \u00fcz\u0259rind\u0259n h\u0259yata ke\u00e7iril\u0259c\u0259k.<\/p>\n<p>Bu m\u0259qs\u0259dl\u0259 \u018fm\u0259k v\u0259 \u018fhalinin Sosial M\u00fcdafi\u0259si Nazirliyinin M\u0259rk\u0259zl\u0259\u015fdirilmi\u015f elektron informasiya sisteminin \u201cValideyn himay\u0259sind\u0259n m\u0259hrum olmu\u015f u\u015faqlar v\u0259 \u00f6vladl\u0131\u011fag\u00f6t\u00fcrm\u0259\u201d altsistemind\u0259 yeni fuksional imkanlar yarad\u0131lmaqla bu e-sistem\u00a0 bu ilin noyabr ay\u0131n\u0131n 1-d\u0259k t\u0259kmill\u0259\u015fdiril\u0259c\u0259k.<\/p>\n<div class=\"AdviadNativeVideo\"><\/div>\n<p>Himay\u0259dar ail\u0259 (himay\u0259dar valideyn) olmaq ist\u0259y\u0259n ail\u0259l\u0259rin (\u015f\u0259xsl\u0259rin) v\u0259 himay\u0259dar ail\u0259y\u0259 verilmi\u015f u\u015faqlar\u0131n vahid u\u00e7otu h\u0259min altsistem vasit\u0259sil\u0259 elektron qaydada apar\u0131lacaq. &#8220;Himay\u0259dar ail\u0259&#8221; qay\u011f\u0131 sisteminin f\u0259aliyy\u0259tinin b\u00fct\u00fcn m\u0259rh\u0259l\u0259l\u0259ri \u00fczr\u0259 m\u0259lumatlar altsistem\u0259 daxil edil\u0259c\u0259k, himay\u0259dar ail\u0259 \u00fczr\u0259 xidm\u0259tl\u0259r elektron qaydada t\u0259qdim olunacaq.<\/p>\n<p>Altsistemd\u0259 t\u0259kmill\u0259\u015fdirm\u0259l\u0259rin n\u00f6vb\u0259ti istiqam\u0259ti kimi qeyd olunan kateqoriyadan olan u\u015faqlarla ba\u011fl\u0131 b\u00fct\u00fcn prosesl\u0259r (h\u0259min u\u015faqlar\u0131n m\u00fc\u0259yy\u0259n edil\u0259r\u0259k m\u00fc\u0259ssis\u0259l\u0259rd\u0259 yerl\u0259\u015fdirilm\u0259si, sosial d\u0259st\u0259k mexanizml\u0259rinin t\u0259tbiqi vasit\u0259sil\u0259 onlar\u0131n m\u00fc\u0259ssis\u0259l\u0259rd\u0259n ail\u0259l\u0259rin\u0259 qaytar\u0131lmas\u0131, yaxud himay\u0259dar ail\u0259y\u0259 verilm\u0259si, m\u00fcvafiq kateqoriyadan olan u\u015faqlar\u0131n m\u00fc\u0259ssis\u0259l\u0259r\u0259 d\u00fc\u015fm\u0259sinin qar\u015f\u0131s\u0131n\u0131n al\u0131nmas\u0131) bu e-sistem\u0259 inteqrasiya edil\u0259c\u0259k.<br \/>\nB\u00fct\u00fcn bunlar qeyd edil\u0259n sah\u0259d\u0259 m\u00fcasir v\u0259 \u00e7evik, \u015f\u0259ffaf idar\u0259\u00e7ilik v\u0259 xidm\u0259tl\u0259rin formala\u015fmas\u0131na imkan ver\u0259c\u0259k.<\/p>\n<p>\u201cValideyn himay\u0259sind\u0259n m\u0259hrum olmu\u015f u\u015faqlar v\u0259 \u00f6vladl\u0131\u011fag\u00f6t\u00fcrm\u0259\u201d altsistemind\u0259 qeyd edil\u0259n t\u0259kmill\u0259\u015fdirim\u0259 i\u015fl\u0259rinin apar\u0131lmas\u0131 il\u0259 \u0259laq\u0259dar Nazirlik t\u0259r\u0259find\u0259n funksional t\u0259l\u0259bl\u0259rin haz\u0131rlanmas\u0131 prosesi davam edir.<\/p>\n<p>Xat\u0131rladaq ki, himay\u0259dar ail\u0259 institutu u\u015faqlara qay\u011f\u0131 sisteminin d\u00fcnyada geni\u015f yay\u0131lm\u0131\u015f n\u00fcmun\u0259l\u0259rind\u0259n biri olmaqla, d\u00f6vl\u0259t m\u00fc\u0259ssis\u0259l\u0259rind\u0259ki u\u015faqlar\u0131n himay\u0259dar ail\u0259l\u0259r\u0259 verilm\u0259si il\u0259 ail\u0259 m\u00fchitind\u0259 ya\u015famalar\u0131na v\u0259 bununla onlar\u0131n inki\u015faf\u0131na \u015f\u0259rait yarad\u0131lmas\u0131n\u0131 n\u0259z\u0259rd\u0259 tutur.<\/p>\n<p>D\u00f6vl\u0259t ba\u015f\u00e7\u0131s\u0131n\u0131n qeyd edil\u0259n F\u0259rman\u0131na \u0259sas\u0259n, himay\u0259dar ail\u0259 sah\u0259sind\u0259 d\u00f6vl\u0259t siyas\u0259ti, t\u0259nziml\u0259m\u0259 v\u0259 d\u00f6vl\u0259t n\u0259zar\u0259ti 2022-ci il noyabr\u0131n 1-d\u0259n \u018fm\u0259k v\u0259 \u018fhalinin Sosial M\u00fcdafi\u0259si Nazirliyi t\u0259r\u0259find\u0259n h\u0259yata ke\u00e7iril\u0259c\u0259k.<\/p>\n","protected":false},"excerpt":{"rendered":"<p>Prezident \u0130lham \u018fliyevin 15 fevral 2022-ci il tarixli F\u0259rman\u0131n icras\u0131 i\u015fl\u0259ri \u00e7\u0259r\u00e7iv\u0259sind\u0259 \u201cHimay\u0259dar ail\u0259\u201d qay\u011f\u0131 modeli \u00fczr\u0259 idar\u0259etm\u0259 v\u0259 xidm\u0259tl\u0259r e-infrastruktur \u00fcz\u0259rind\u0259n h\u0259yata ke\u00e7iril\u0259c\u0259k. Bu m\u0259qs\u0259dl\u0259 \u018fm\u0259k v\u0259 \u018fhalinin Sosial M\u00fcdafi\u0259si Nazirliyinin M\u0259rk\u0259zl\u0259\u015fdirilmi\u015f elektron informasiya sisteminin \u201cValideyn himay\u0259sind\u0259n m\u0259hrum olmu\u015f u\u015faqlar v\u0259 \u00f6vladl\u0131\u011fag\u00f6t\u00fcrm\u0259\u201d altsistemind\u0259 yeni fuksional imkanlar yarad\u0131lmaqla bu e-sistem\u00a0 bu ilin noyabr ay\u0131n\u0131n 1-d\u0259k t\u0259kmill\u0259\u015fdiril\u0259c\u0259k. Himay\u0259dar ail\u0259 (himay\u0259dar valideyn) olmaq ist\u0259y\u0259n ail\u0259l\u0259rin (\u015f\u0259xsl\u0259rin) v\u0259 himay\u0259dar ail\u0259y\u0259 verilmi\u015f u\u015faqlar\u0131n vahid u\u00e7otu h\u0259min altsistem vasit\u0259sil\u0259 elektron qaydada apar\u0131lacaq. &#8220;Himay\u0259dar ail\u0259&#8221; qay\u011f\u0131 sisteminin f\u0259aliyy\u0259tinin b\u00fct\u00fcn m\u0259rh\u0259l\u0259l\u0259ri \u00fczr\u0259 m\u0259lumatlar altsistem\u0259 daxil edil\u0259c\u0259k, himay\u0259dar&hellip;<\/p>\n","protected":false},"author":2,"featured_media":440884,"comment_status":"closed","ping_status":"closed","sticky":false,"template":"","format":"standard","meta":{"om_disable_all_campaigns":false,"_monsterinsights_skip_tracking":false,"_monsterinsights_sitenote_active":false,"_monsterinsights_sitenote_note":"","_monsterinsights_sitenote_category":0},"categories":[19],"tags":[],"aioseo_notices":[],"gutentor_comment":0,"rttpg_featured_image_url":{"full":["https:\/\/arantv.az\/wp-content\/uploads\/2022\/02\/61efc6844432c61efc6844432d164310387661efc6844432a61efc6844432b.jpg",620,413,false],"landscape":["https:\/\/arantv.az\/wp-content\/uploads\/2022\/02\/61efc6844432c61efc6844432d164310387661efc6844432a61efc6844432b.jpg",620,413,false],"portraits":["https:\/\/arantv.az\/wp-content\/uploads\/2022\/02\/61efc6844432c61efc6844432d164310387661efc6844432a61efc6844432b.jpg",620,413,false],"thumbnail":["https:\/\/arantv.az\/wp-content\/uploads\/2022\/02\/61efc6844432c61efc6844432d164310387661efc6844432a61efc6844432b-500x280.jpg",500,280,true],"medium":["https:\/\/arantv.az\/wp-content\/uploads\/2022\/02\/61efc6844432c61efc6844432d164310387661efc6844432a61efc6844432b-548x365.jpg",548,365,true],"large":["https:\/\/arantv.az\/wp-content\/uploads\/2022\/02\/61efc6844432c61efc6844432d164310387661efc6844432a61efc6844432b.jpg",620,413,false],"1536x1536":["https:\/\/arantv.az\/wp-content\/uploads\/2022\/02\/61efc6844432c61efc6844432d164310387661efc6844432a61efc6844432b.jpg",620,413,false],"2048x2048":["https:\/\/arantv.az\/wp-content\/uploads\/2022\/02\/61efc6844432c61efc6844432d164310387661efc6844432a61efc6844432b.jpg",620,413,false],"post-thumbnail":["https:\/\/arantv.az\/wp-content\/uploads\/2022\/02\/61efc6844432c61efc6844432d164310387661efc6844432a61efc6844432b-240x172.jpg",240,172,true],"advps-thumb-one":["https:\/\/arantv.az\/wp-content\/uploads\/2022\/02\/61efc6844432c61efc6844432d164310387661efc6844432a61efc6844432b.jpg",620,413,false]},"rttpg_author":{"display_name":"V\u00fcsal Rafiqo\u011flu","author_link":"https:\/\/arantv.az\/?author=2"},"rttpg_comment":0,"rttpg_category":"<a href=\"https:\/\/arantv.az\/?cat=19\" rel=\"category\">G\u00fcnd\u0259m<\/a>","rttpg_excerpt":"Prezident \u0130lham \u018fliyevin 15 fevral 2022-ci il tarixli F\u0259rman\u0131n icras\u0131 i\u015fl\u0259ri \u00e7\u0259r\u00e7iv\u0259sind\u0259 \u201cHimay\u0259dar ail\u0259\u201d qay\u011f\u0131 modeli \u00fczr\u0259 idar\u0259etm\u0259 v\u0259 xidm\u0259tl\u0259r e-infrastruktur \u00fcz\u0259rind\u0259n h\u0259yata ke\u00e7iril\u0259c\u0259k. Bu m\u0259qs\u0259dl\u0259 \u018fm\u0259k v\u0259 \u018fhalinin Sosial M\u00fcdafi\u0259si Nazirliyinin M\u0259rk\u0259zl\u0259\u015fdirilmi\u015f elektron informasiya sisteminin \u201cValideyn himay\u0259sind\u0259n m\u0259hrum olmu\u015f u\u015faqlar v\u0259 \u00f6vladl\u0131\u011fag\u00f6t\u00fcrm\u0259\u201d altsistemind\u0259 yeni fuksional imkanlar yarad\u0131lmaqla bu e-sistem\u00a0 bu ilin noyabr ay\u0131n\u0131n 1-d\u0259k&hellip;","_links":{"self":[{"href":"https:\/\/arantv.az\/index.php?rest_route=\/wp\/v2\/posts\/440883"}],"collection":[{"href":"https:\/\/arantv.az\/index.php?rest_route=\/wp\/v2\/posts"}],"about":[{"href":"https:\/\/arantv.az\/index.php?rest_route=\/wp\/v2\/types\/post"}],"author":[{"embeddable":true,"href":"https:\/\/arantv.az\/index.php?rest_route=\/wp\/v2\/users\/2"}],"replies":[{"embeddable":true,"href":"https:\/\/arantv.az\/index.php?rest_route=%2Fwp%2Fv2%2Fcomments&post=440883"}],"version-history":[{"count":0,"href":"https:\/\/arantv.az\/index.php?rest_route=\/wp\/v2\/posts\/440883\/revisions"}],"wp:featuredmedia":[{"embeddable":true,"href":"https:\/\/arantv.az\/index.php?rest_route=\/wp\/v2\/media\/440884"}],"wp:attachment":[{"href":"https:\/\/arantv.az\/index.php?rest_route=%2Fwp%2Fv2%2Fmedia&parent=440883"}],"wp:term":[{"taxonomy":"category","embeddable":true,"href":"https:\/\/arantv.az\/index.php?rest_route=%2Fwp%2Fv2%2Fcategories&post=440883"},{"taxonomy":"post_tag","embeddable":true,"href":"https:\/\/arantv.az\/index.php?rest_route=%2Fwp%2Fv2%2Ftags&post=440883"}],"curies":[{"name":"wp","href":"https:\/\/api.w.org\/{rel}","templated":true}]}}