{"id":440995,"date":"2022-02-19T09:46:41","date_gmt":"2022-02-19T06:46:41","guid":{"rendered":"http:\/\/arantv.az\/?p=440995"},"modified":"2022-02-19T09:46:41","modified_gmt":"2022-02-19T06:46:41","slug":"putin-ehtiyatda-olanlari-orduya-cagirdi-muharib%c9%99-rostovdan-basladi","status":"publish","type":"post","link":"https:\/\/arantv.az\/?p=440995","title":{"rendered":"Putin ehtiyatda olanlar\u0131 orduya \u00e7a\u011f\u0131rd\u0131 &#8211; m\u00fcharib\u0259 Rostovdan \u201cba\u015flad\u0131\u201d"},"content":{"rendered":"<h3><strong>Ukraynan\u0131n hakim \u00a0partiyas\u0131\u00a0 b\u0259yan edib ki, \u201cRusiya Donbas \u0259halisini deportasiya edir\u201d; BBC x\u0259b\u0259r verir ki, k\u00fctl\u0259vi\u00a0 k\u00f6\u00e7\u00fcr\u00fclm\u0259\u00a0 1 milyondan \u00e7ox sakinini \u0259hat\u0259 ed\u0259 bil\u0259r\u00a0 \u00a0\u00a0<\/strong><\/h3>\n<p><em>Rusiya v\u0259 Ukrayna s\u0259rh\u0259dind\u0259 qa\u00e7q\u0131nlar s\u0259b\u0259bind\u0259n yaranm\u0131\u015f\u00a0 g\u0259rgin v\u0259ziyy\u0259t davam edir.\u00a0 \u201cLuqansk Xalq Respublikas\u0131\u201dn\u0131n \u00a0lideri Leonid Pase\u00e7nik bildirib ki, Rusiya Federasiyas\u0131 insanlar\u0131 \u00f6z \u0259razisind\u0259 yerl\u0259\u015fdirm\u0259y\u0259 haz\u0131rd\u0131r. O, h\u0259m\u00e7inin ki\u015fil\u0259ri &#8220;LXR&#8221;-\u0131 &#8220;m\u00fcdafi\u0259 etm\u0259y\u0259&#8221; \u00e7a\u011f\u0131r\u0131b. Donetsk separat\u00e7\u0131lar\u0131n\u0131n lideri Denis Pu\u015filin d\u0259 bildirib ki, \u00a0\u201cDXR\u201d hakimiyy\u0259ti \u0259halinin k\u00fctl\u0259vi \u015f\u0259kild\u0259 Rusiyaya t\u0259xliy\u0259sini t\u0259\u015fkil edir. Pu\u015filinin s\u00f6zl\u0259rin\u0259 g\u00f6r\u0259, \u201cilk n\u00f6vb\u0259d\u0259 qad\u0131nlar, u\u015faqlar v\u0259 qocalar t\u0259xliy\u0259 edilir\u201d.<\/em><\/p>\n<p>K\u00fctl\u0259vi evakuasiya x\u0259b\u0259rind\u0259n sonra ilk d\u0259qiq\u0259l\u0259rd\u0259 Kremld\u0259n bu bar\u0259d\u0259 he\u00e7 n\u0259 bilm\u0259dikl\u0259rini s\u00f6yl\u0259yibl\u0259r. Rusiya \u00a0Prezidentinin m\u0259tbuat katibi Dmitri Peskov \u201cm\u0259n indi orada n\u0259 ba\u015f verdiyini bilmir\u0259m\u201d deyib,\u00a0 h\u0259m\u00e7inin \u0259lav\u0259 edib ki,\u00a0 \u0259halinin\u00a0 k\u00f6\u00e7\u00fcr\u00fclm\u0259sinin Moskva il\u0259\u00a0 koordinasiya edilib-edilm\u0259m\u0259sind\u0259n x\u0259b\u0259ri yoxdur.<\/p>\n<p><img src=\"https:\/\/a.radikal.ru\/a30\/2202\/fd\/6c50739d6274.jpg\" \/><\/p>\n<p>T\u0259xmin\u0259n iki saat sonra m\u0259lum olub ki, Rostov vilay\u0259tinin qubernatoru Vasili Qolubev Vladimir Putinl\u0259 \u0259laq\u0259 saxlayaraq ondan k\u00f6m\u0259k ist\u0259yib. Putin d\u0259rhal F\u00f6vq\u0259lad\u0259 Hallar Nazirliyinin r\u0259hb\u0259ri v\u0259zif\u0259sini icra ed\u0259n Aleksandr \u00c7upriyan\u0131\u00a0 Rostov vilay\u0259tin\u0259 getm\u0259yi\u00a0 v\u0259 qa\u00e7q\u0131nlar\u0131n q\u0259bulu \u00fc\u00e7\u00fcn \u015f\u0259rait yaratma\u011f\u0131 tap\u015f\u0131r\u0131b.<\/p>\n<p>Tan\u0131nmam\u0131\u015f \u00a0&#8220;xalq respublikalar\u0131&#8221; ndan Rusiyan\u0131n Rostov vilay\u0259tin\u0259 80-d\u0259k avtobusla qa\u00e7q\u0131nlar g\u0259lib.\u00a0 Bu g\u00fcn s\u0259h\u0259r saatlar\u0131nda olan m\u0259lumata g\u00f6r\u0259, 6 min\u0259d\u0259k adam Rostov vilay\u0259tin\u0259 g\u0259lib. \u00a0G\u0259l\u0259nl\u0259rin \u0259ks\u0259riyy\u0259ti ana v\u0259 u\u015faqlar\u0131, el\u0259c\u0259 d\u0259 ya\u015fl\u0131 adamlard\u0131r. Rusiya F\u00f6vq\u0259lad\u0259 Hallar Nazirliyi q\u0259rargah yarad\u0131b. Rusiya h\u00f6kum\u0259ti h\u0259r bir qa\u00e7q\u0131n \u00fc\u00e7\u00fcn 10 min rubl maddi yard\u0131m ay\u0131r\u0131b . Orenburq vilay\u0259tinin qubernatoru Denis Pasler d\u0259 bildirib ki, region t\u0259xliy\u0259 edilmi\u015f sakinl\u0259rini q\u0259bul etm\u0259y\u0259 haz\u0131rla\u015f\u0131r.<\/p>\n<p><img src=\"https:\/\/d.radikal.ru\/d02\/2202\/c7\/de3d2fa23cd0.jpg\" \/><\/p>\n<p><strong>BBC x\u0259b\u0259r verir ki, k\u00fctl\u0259vi evakuasiya Donbas\u0131n \u00a0700 min v\u0259 ya 1 milyondan \u00e7ox sakinini \u0259hat\u0259 ed\u0259 bil\u0259r. Bu s\u0259h\u0259r is\u0259 m\u0259lum olub ki, Donbas sakinl\u0259ri qatarla da t\u0259xliy\u0259 olunma\u011fa ba\u015flay\u0131b. \u0130lk qatar bu s\u0259h\u0259r saat 8-d\u0259\u00a0 Rostov istiqam\u0259tind\u0259 yola d\u00fc\u015f\u00fcb. \u0130kinci qatar saat 15:33-d\u0259 yola d\u00fc\u015f\u0259c\u0259k. Bundan ba\u015fqa, saat 11:00 v\u0259 18:00-da d\u00f6rd avtobus x\u0259tt\u0259 burax\u0131lacaq.<\/strong><\/p>\n<p>Donbas \u00a0sakinl\u0259rinin Rusiyaya k\u00fctl\u0259vi t\u0259xliyy\u0259si elan edildikd\u0259n d\u0259rhal sonra &#8220;DXR h\u00f6kum\u0259ti&#8221; binas\u0131 yax\u0131nl\u0131\u011f\u0131nda UAZ h\u0259rbi ma\u015f\u0131n\u0131 partlad\u0131l\u0131b. \u201cDXR -in xalq milisl\u0259ri\u201dnin r\u0259hb\u0259ri Denis Sinenkov \u201c\u0130nterfaks\u201da bildirib ki,\u00a0 partlad\u0131lan onun ma\u015f\u0131n\u0131d\u0131r. Partlay\u0131\u015f n\u0259tic\u0259sind\u0259 x\u0259sar\u0259t alan olmay\u0131b. UAZ-\u0131 kimin v\u0259 niy\u0259 partlatd\u0131\u011f\u0131 m\u0259lum deyil.<\/p>\n<p><img src=\"https:\/\/d.radikal.ru\/d06\/2202\/b7\/7ebc692ae99c.jpg\" \/><\/p>\n<p>Ukrayna hakim &#8220;Xalq\u0131n xidm\u0259t\u00e7isi&#8221;\u00a0 partiyas\u0131n\u0131n s\u0259dri\u00a0 Yelena \u015eulyak b\u0259yan edib ki, \u201cRusiya Donbas \u0259halisini deportasiya edir\u201d v\u0259 onlar\u0131n h\u0259yat\u0131 \u00fc\u00e7\u00fcn he\u00e7 bir real t\u0259hl\u00fck\u0259 yoxdur.\u00a0\u201cUkraynan\u0131n h\u0259rbi-siyasi r\u0259hb\u0259rliyi Donbasda h\u00fccum \u0259m\u0259liyyatlar\u0131 planla\u015fd\u0131rm\u0131r. Bunu is\u0259 Ukrayna M\u00fcdafi\u0259 Mazirliyinin\u00a0 Ba\u015f Q\u0259rargah r\u0259isi Valeri Zalujn\u0131 deyib.<\/p>\n<p>&#8220;Ukraynan\u0131n h\u0259rbi-siyasi r\u0259hb\u0259rliyi \u00f6lk\u0259nin \u015f\u0259rqind\u0259 h\u00fccum \u0259m\u0259liyyatlar\u0131n\u0131 planla\u015fd\u0131rm\u0131r. \u018frazil\u0259ri i\u015f\u011faldan azad etm\u0259k \u00fc\u00e7\u00fcn bizim \u00fc\u00e7\u00fcn yegan\u0259 m\u0259qbul variant siyasi-diplomatik yoldur &#8220;, &#8211; o, Facebook-da videom\u00fcraci\u0259tind\u0259 bildirib.<\/p>\n<p><strong>Gec\u0259\u00a0 Luqanskda iki g\u00fccl\u00fc partlay\u0131\u015f s\u0259sl\u0259ri d\u0259 e\u015fidilib. \u00a0M\u0259lum olub ki, partlay\u0131\u015flar qaz k\u0259m\u0259ri v\u0259 yanacaqdoldurma m\u0259nt\u0259q\u0259l\u0259rind\u0259 ba\u015f verib.\u00a0\u00a0 \u00a0&#8220;Luqanskqaz&#8221; \u015firk\u0259tinin ba\u015f direktoru Tatyana Boqorodko bildirib ki, h\u0259r iki hal\u0131 t\u0259xribat-diversiya kimi qiym\u0259tl\u0259ndirirl\u0259r.\u00a0<\/strong><\/p>\n<p><strong><img src=\"https:\/\/d.radikal.ru\/d24\/2202\/7a\/8c340afbad61.jpg\" \/><\/strong><\/p>\n<p>Bak\u0131 vaxtil\u0259 saat gec\u0259 saat 02-d\u0259 AB\u015e prezidenti Ukraynadak\u0131 v\u0259ziyy\u0259tl\u0259 ba\u011fl\u0131 xalqa m\u00fcraci\u0259t edib. Bayden deyib ki, Rusiya Ukraynan\u0131 m\u00fcharib\u0259y\u0259 c\u0259lb etm\u0259k ist\u0259yir. Onun s\u00f6zl\u0259rin\u0259 g\u00f6r\u0259,\u00a0 Rusiyaya qar\u015f\u0131 m\u00fctt\u0259fiql\u0259rin ortaq m\u00f6vqeyi q\u0259tidir v\u0259 m\u00fcharib\u0259 ba\u015flayaca\u011f\u0131 t\u0259qdird\u0259 Moskva bunu g\u00f6r\u0259c\u0259k. O s\u00f6hb\u0259tin n\u0259d\u0259n getdiyini d\u0259qiql\u0259\u015fdirm\u0259yib. O, rus qo\u015funlar\u0131n\u0131n Ukrayna il\u0259 s\u0259rh\u0259dl\u0259rin yax\u0131nl\u0131\u011f\u0131nda qalaca\u011f\u0131na \u0259mindir, bir ne\u00e7\u0259 g\u00fcn \u0259rzind\u0259 \u00a0\u00f6lk\u0259ni \u00a0i\u015f\u011fal etm\u0259yi planla\u015fd\u0131r\u0131rlar. Bayden deyib ki, fevral\u0131n 24-d\u0259 AB\u015e d\u00f6vl\u0259t katibi rusiyal\u0131 h\u0259mkar\u0131 il\u0259 g\u00f6r\u00fc\u015fm\u0259lidir. \u018fg\u0259r bu zamanad\u0259k Rusiya Ukraynaya h\u00fccum ed\u0259rs\u0259, bunun \u00e7ox a\u011f\u0131r b\u0259d\u0259li olacaq. AB\u015e prezidenti m\u00fcharib\u0259d\u0259 \u0259sg\u0259r kimi i\u015ftirak\u00e7\u0131 olmayacaqlar\u0131n\u0131, amma Ukrayna xalq\u0131na h\u0259r c\u00fcr d\u0259st\u0259k ver\u0259c\u0259kl\u0259rini deyib. AB\u015e prezidenti Ukraynaya maddi d\u0259st\u0259yin davam ed\u0259c\u0259yini d\u0259 b\u0259yan edib, konkret r\u0259q\u0259ml\u0259r s\u0259sl\u0259ndirib.<\/p>\n<p>Co Bayden Putinin m\u00fcharib\u0259 etm\u0259kd\u0259 q\u0259rarl\u0131 oldu\u011funu, amma diplomatik h\u0259ll yollar\u0131n\u0131n t\u00fck\u0259nm\u0259diyini d\u0259 \u0259lav\u0259 edib.Jurnalistl\u0259rin suallar\u0131na q\u0131sa cavab ver\u0259n Bayden g\u0259rginliy\u0259 baxmayaraq, Ukrayna prezidentinin M\u00fcnhen T\u0259hl\u00fck\u0259sizlik Konfrans\u0131nda i\u015ftirak q\u0259rar\u0131na birm\u0259nal\u0131 fikir bildirm\u0259yib. Zelenski il\u0259\u00a0 \u00e7oxsayl\u0131 t\u0259maslar\u0131 oldu\u011funu deyib, M\u00fcnhend\u0259 i\u015ftirak\u0131n\u0131 onun \u015f\u0259xsi q\u0259rar\u0131 kimi izah edib. Bayden sonda deyib ki, Putinin n\u00fcv\u0259 silah\u0131ndan istifad\u0259 ed\u0259c\u0259yin\u0259 inanm\u0131r.<\/p>\n<p>Putin is\u0259 ehtiyatda olan Rusiya v\u0259t\u0259nda\u015flar\u0131n\u0131n 2022-ci ild\u0259 h\u0259rbi toplan\u0131\u015fa \u00e7a\u011f\u0131r\u0131lmas\u0131 haqq\u0131nda f\u0259rman imzalay\u0131b.<\/p>\n<p><img src=\"https:\/\/apa.az\/storage\/news\/2022\/february\/19\/resize\/62100e852f64062100e852f641164521946162100e852f63c62100e852f63e.jpg\" alt=\"Putin ehtiyatda olan v\u0259t\u0259nda\u015flar\u0131n h\u0259rbi toplan\u0131\u015fa \u00e7a\u011f\u0131r\u0131lmas\u0131 bar\u0259d\u0259 f\u0259rman imzalay\u0131b\" \/><\/p>\n<p><strong>S\u0259n\u0259dd\u0259 deyilir:<\/strong><\/p>\n<p>\u201c2022-ci ild\u0259 ehtiyatda olan Rusiya v\u0259t\u0259nda\u015flar\u0131 Rusiya Silahl\u0131 Q\u00fcvv\u0259l\u0259rind\u0259, d\u00f6vl\u0259t t\u0259hl\u00fck\u0259sizlik orqanlar\u0131nda v\u0259 federal t\u0259hl\u00fck\u0259sizlik xidm\u0259ti orqanlar\u0131nda h\u0259rbi toplan\u0131\u015fa \u00e7a\u011f\u0131r\u0131ls\u0131n\u201d.<\/p>\n<p>F\u0259rmana uy\u011fun olaraq, h\u00f6kum\u0259t v\u0259 regional hakimiyy\u0259t orqanlar\u0131 toplan\u0131\u015fla ba\u011fl\u0131 t\u0259dbirl\u0259rin h\u0259yata ke\u00e7irilm\u0259sini t\u0259min etm\u0259lidir.<\/p>\n<p>Qeyd ed\u0259k ki, bu q\u0259rardan bir ne\u00e7\u0259 saat \u0259vv\u0259l Putin belaruslu h\u0259mkar\u0131\u00a0 Aleksandr Luka\u015fenko il\u0259 dan\u0131\u015f\u0131qlar\u0131n yekununda bildirib ki, Kiyev &#8220;Donbas \u00a0n\u00fcmay\u0259nd\u0259l\u0259ri&#8221; il\u0259 dan\u0131\u015f\u0131qlar masas\u0131 arxas\u0131na oturmal\u0131d\u0131r v\u0259 bildirib ki, &#8220;bu n\u0259 q\u0259d\u0259r tez ba\u015f vers\u0259, o q\u0259d\u0259r d\u0259 yax\u015f\u0131d\u0131r&#8221;.<\/p>\n","protected":false},"excerpt":{"rendered":"<p>Ukraynan\u0131n hakim \u00a0partiyas\u0131\u00a0 b\u0259yan edib ki, \u201cRusiya Donbas \u0259halisini deportasiya edir\u201d; BBC x\u0259b\u0259r verir ki, k\u00fctl\u0259vi\u00a0 k\u00f6\u00e7\u00fcr\u00fclm\u0259\u00a0 1 milyondan \u00e7ox sakinini \u0259hat\u0259 ed\u0259 bil\u0259r\u00a0 \u00a0\u00a0 Rusiya v\u0259 Ukrayna s\u0259rh\u0259dind\u0259 qa\u00e7q\u0131nlar s\u0259b\u0259bind\u0259n yaranm\u0131\u015f\u00a0 g\u0259rgin v\u0259ziyy\u0259t davam edir.\u00a0 \u201cLuqansk Xalq Respublikas\u0131\u201dn\u0131n \u00a0lideri Leonid Pase\u00e7nik bildirib ki, Rusiya Federasiyas\u0131 insanlar\u0131 \u00f6z \u0259razisind\u0259 yerl\u0259\u015fdirm\u0259y\u0259 haz\u0131rd\u0131r. O, h\u0259m\u00e7inin ki\u015fil\u0259ri &#8220;LXR&#8221;-\u0131 &#8220;m\u00fcdafi\u0259 etm\u0259y\u0259&#8221; \u00e7a\u011f\u0131r\u0131b. Donetsk separat\u00e7\u0131lar\u0131n\u0131n lideri Denis Pu\u015filin d\u0259 bildirib ki, \u00a0\u201cDXR\u201d hakimiyy\u0259ti \u0259halinin k\u00fctl\u0259vi \u015f\u0259kild\u0259 Rusiyaya t\u0259xliy\u0259sini t\u0259\u015fkil edir. Pu\u015filinin s\u00f6zl\u0259rin\u0259 g\u00f6r\u0259, \u201cilk n\u00f6vb\u0259d\u0259 qad\u0131nlar, u\u015faqlar v\u0259 qocalar t\u0259xliy\u0259 edilir\u201d. K\u00fctl\u0259vi evakuasiya x\u0259b\u0259rind\u0259n sonra&hellip;<\/p>\n","protected":false},"author":2,"featured_media":440996,"comment_status":"closed","ping_status":"closed","sticky":false,"template":"","format":"standard","meta":{"om_disable_all_campaigns":false,"_monsterinsights_skip_tracking":false,"_monsterinsights_sitenote_active":false,"_monsterinsights_sitenote_note":"","_monsterinsights_sitenote_category":0},"categories":[19],"tags":[],"aioseo_notices":[],"gutentor_comment":0,"rttpg_featured_image_url":{"full":["https:\/\/arantv.az\/wp-content\/uploads\/2022\/02\/a20886a9a5094ede2642be6f88eee33f.png",450,300,false],"landscape":["https:\/\/arantv.az\/wp-content\/uploads\/2022\/02\/a20886a9a5094ede2642be6f88eee33f.png",450,300,false],"portraits":["https:\/\/arantv.az\/wp-content\/uploads\/2022\/02\/a20886a9a5094ede2642be6f88eee33f.png",450,300,false],"thumbnail":["https:\/\/arantv.az\/wp-content\/uploads\/2022\/02\/a20886a9a5094ede2642be6f88eee33f-450x280.png",450,280,true],"medium":["https:\/\/arantv.az\/wp-content\/uploads\/2022\/02\/a20886a9a5094ede2642be6f88eee33f.png",450,300,false],"large":["https:\/\/arantv.az\/wp-content\/uploads\/2022\/02\/a20886a9a5094ede2642be6f88eee33f.png",450,300,false],"1536x1536":["https:\/\/arantv.az\/wp-content\/uploads\/2022\/02\/a20886a9a5094ede2642be6f88eee33f.png",450,300,false],"2048x2048":["https:\/\/arantv.az\/wp-content\/uploads\/2022\/02\/a20886a9a5094ede2642be6f88eee33f.png",450,300,false],"post-thumbnail":["https:\/\/arantv.az\/wp-content\/uploads\/2022\/02\/a20886a9a5094ede2642be6f88eee33f-240x172.png",240,172,true],"advps-thumb-one":["https:\/\/arantv.az\/wp-content\/uploads\/2022\/02\/a20886a9a5094ede2642be6f88eee33f.png",450,300,false]},"rttpg_author":{"display_name":"V\u00fcsal Rafiqo\u011flu","author_link":"https:\/\/arantv.az\/?author=2"},"rttpg_comment":0,"rttpg_category":"<a href=\"https:\/\/arantv.az\/?cat=19\" rel=\"category\">G\u00fcnd\u0259m<\/a>","rttpg_excerpt":"Ukraynan\u0131n hakim \u00a0partiyas\u0131\u00a0 b\u0259yan edib ki, \u201cRusiya Donbas \u0259halisini deportasiya edir\u201d; BBC x\u0259b\u0259r verir ki, k\u00fctl\u0259vi\u00a0 k\u00f6\u00e7\u00fcr\u00fclm\u0259\u00a0 1 milyondan \u00e7ox sakinini \u0259hat\u0259 ed\u0259 bil\u0259r\u00a0 \u00a0\u00a0 Rusiya v\u0259 Ukrayna s\u0259rh\u0259dind\u0259 qa\u00e7q\u0131nlar s\u0259b\u0259bind\u0259n yaranm\u0131\u015f\u00a0 g\u0259rgin v\u0259ziyy\u0259t davam edir.\u00a0 \u201cLuqansk Xalq Respublikas\u0131\u201dn\u0131n \u00a0lideri Leonid Pase\u00e7nik bildirib ki, Rusiya Federasiyas\u0131 insanlar\u0131 \u00f6z \u0259razisind\u0259 yerl\u0259\u015fdirm\u0259y\u0259 haz\u0131rd\u0131r. O, h\u0259m\u00e7inin ki\u015fil\u0259ri &#8220;LXR&#8221;-\u0131&hellip;","_links":{"self":[{"href":"https:\/\/arantv.az\/index.php?rest_route=\/wp\/v2\/posts\/440995"}],"collection":[{"href":"https:\/\/arantv.az\/index.php?rest_route=\/wp\/v2\/posts"}],"about":[{"href":"https:\/\/arantv.az\/index.php?rest_route=\/wp\/v2\/types\/post"}],"author":[{"embeddable":true,"href":"https:\/\/arantv.az\/index.php?rest_route=\/wp\/v2\/users\/2"}],"replies":[{"embeddable":true,"href":"https:\/\/arantv.az\/index.php?rest_route=%2Fwp%2Fv2%2Fcomments&post=440995"}],"version-history":[{"count":0,"href":"https:\/\/arantv.az\/index.php?rest_route=\/wp\/v2\/posts\/440995\/revisions"}],"wp:featuredmedia":[{"embeddable":true,"href":"https:\/\/arantv.az\/index.php?rest_route=\/wp\/v2\/media\/440996"}],"wp:attachment":[{"href":"https:\/\/arantv.az\/index.php?rest_route=%2Fwp%2Fv2%2Fmedia&parent=440995"}],"wp:term":[{"taxonomy":"category","embeddable":true,"href":"https:\/\/arantv.az\/index.php?rest_route=%2Fwp%2Fv2%2Fcategories&post=440995"},{"taxonomy":"post_tag","embeddable":true,"href":"https:\/\/arantv.az\/index.php?rest_route=%2Fwp%2Fv2%2Ftags&post=440995"}],"curies":[{"name":"wp","href":"https:\/\/api.w.org\/{rel}","templated":true}]}}