{"id":440999,"date":"2022-02-19T09:47:27","date_gmt":"2022-02-19T06:47:27","guid":{"rendered":"http:\/\/arantv.az\/?p=440999"},"modified":"2022-02-19T09:47:27","modified_gmt":"2022-02-19T06:47:27","slug":"novb%c9%99ti-t%c9%99dris-ili-uzr%c9%99-qlobal-koreya-t%c9%99qaud-proqrami","status":"publish","type":"post","link":"https:\/\/arantv.az\/?p=440999","title":{"rendered":"N\u00f6vb\u0259ti t\u0259dris ili \u00fczr\u0259 &#8220;Qlobal Koreya&#8221; t\u0259qa\u00fcd proqram\u0131"},"content":{"rendered":"<p>Koreya Respublikas\u0131 t\u0259r\u0259find\u0259n 2022-2023-c\u00fc t\u0259dris ili \u00fczr\u0259 \u201cQlobal Koreya\u201d t\u0259qa\u00fcd proqram\u0131 elan edilib.<\/p>\n<p>Magistratura, doktorantura, eyni zamanda t\u0259dqiqat \u00fczr\u0259 elan olunan proqram m\u00fcxt\u0259lif ixtisas istiqam\u0259tl\u0259rini \u0259hat\u0259 edir.<\/p>\n<p>Proqramda i\u015ftirak etm\u0259k ist\u0259y\u0259n Az\u0259rbaycan Respublikas\u0131 v\u0259t\u0259nda\u015flar\u0131 4 mart 2022-ci il tarix\u0259d\u0259k t\u0259l\u0259b olunan s\u0259n\u0259dl\u0259ri Koreya Respublikas\u0131n\u0131n Az\u0259rbaycandak\u0131 s\u0259firliyin\u0259 t\u0259qdim etm\u0259lidirl\u0259r.<\/p>\n<p>T\u0259qa\u00fcd proqram\u0131 \u00e7\u0259r\u00e7iv\u0259sind\u0259 t\u0259hsil\u0259 dair \u0259lav\u0259 m\u0259lumatIarla\u00a0<a href=\"https:\/\/htp.edu.az\/uploads\/fileuploads\/2022\/02\/a53e8ef69abc4cfab35e58215b2157e9.pdf\" target=\"_blank\" rel=\"noopener\">elan<\/a>\u00a0vasit\u0259sil\u0259 tan\u0131\u015f ola bil\u0259rsiniz.<\/p>\n","protected":false},"excerpt":{"rendered":"<p>Koreya Respublikas\u0131 t\u0259r\u0259find\u0259n 2022-2023-c\u00fc t\u0259dris ili \u00fczr\u0259 \u201cQlobal Koreya\u201d t\u0259qa\u00fcd proqram\u0131 elan edilib. Magistratura, doktorantura, eyni zamanda t\u0259dqiqat \u00fczr\u0259 elan olunan proqram m\u00fcxt\u0259lif ixtisas istiqam\u0259tl\u0259rini \u0259hat\u0259 edir. Proqramda i\u015ftirak etm\u0259k ist\u0259y\u0259n Az\u0259rbaycan Respublikas\u0131 v\u0259t\u0259nda\u015flar\u0131 4 mart 2022-ci il tarix\u0259d\u0259k t\u0259l\u0259b olunan s\u0259n\u0259dl\u0259ri Koreya Respublikas\u0131n\u0131n Az\u0259rbaycandak\u0131 s\u0259firliyin\u0259 t\u0259qdim etm\u0259lidirl\u0259r. T\u0259qa\u00fcd proqram\u0131 \u00e7\u0259r\u00e7iv\u0259sind\u0259 t\u0259hsil\u0259 dair \u0259lav\u0259 m\u0259lumatIarla\u00a0elan\u00a0vasit\u0259sil\u0259 tan\u0131\u015f ola bil\u0259rsiniz.<\/p>\n","protected":false},"author":2,"featured_media":441000,"comment_status":"closed","ping_status":"closed","sticky":false,"template":"","format":"standard","meta":{"om_disable_all_campaigns":false,"_monsterinsights_skip_tracking":false,"_monsterinsights_sitenote_active":false,"_monsterinsights_sitenote_note":"","_monsterinsights_sitenote_category":0},"categories":[23],"tags":[],"aioseo_notices":[],"gutentor_comment":0,"rttpg_featured_image_url":{"full":["https:\/\/arantv.az\/wp-content\/uploads\/2022\/02\/01-19.02.22-01.jpg",672,360,false],"landscape":["https:\/\/arantv.az\/wp-content\/uploads\/2022\/02\/01-19.02.22-01.jpg",672,360,false],"portraits":["https:\/\/arantv.az\/wp-content\/uploads\/2022\/02\/01-19.02.22-01.jpg",672,360,false],"thumbnail":["https:\/\/arantv.az\/wp-content\/uploads\/2022\/02\/01-19.02.22-01-500x280.jpg",500,280,true],"medium":["https:\/\/arantv.az\/wp-content\/uploads\/2022\/02\/01-19.02.22-01-660x354.jpg",660,354,true],"large":["https:\/\/arantv.az\/wp-content\/uploads\/2022\/02\/01-19.02.22-01.jpg",640,343,false],"1536x1536":["https:\/\/arantv.az\/wp-content\/uploads\/2022\/02\/01-19.02.22-01.jpg",672,360,false],"2048x2048":["https:\/\/arantv.az\/wp-content\/uploads\/2022\/02\/01-19.02.22-01.jpg",672,360,false],"post-thumbnail":["https:\/\/arantv.az\/wp-content\/uploads\/2022\/02\/01-19.02.22-01-240x172.jpg",240,172,true],"advps-thumb-one":["https:\/\/arantv.az\/wp-content\/uploads\/2022\/02\/01-19.02.22-01.jpg",672,360,false]},"rttpg_author":{"display_name":"V\u00fcsal Rafiqo\u011flu","author_link":"https:\/\/arantv.az\/?author=2"},"rttpg_comment":0,"rttpg_category":"<a href=\"https:\/\/arantv.az\/?cat=23\" rel=\"category\">T\u0259hsil<\/a>","rttpg_excerpt":"Koreya Respublikas\u0131 t\u0259r\u0259find\u0259n 2022-2023-c\u00fc t\u0259dris ili \u00fczr\u0259 \u201cQlobal Koreya\u201d t\u0259qa\u00fcd proqram\u0131 elan edilib. Magistratura, doktorantura, eyni zamanda t\u0259dqiqat \u00fczr\u0259 elan olunan proqram m\u00fcxt\u0259lif ixtisas istiqam\u0259tl\u0259rini \u0259hat\u0259 edir. Proqramda i\u015ftirak etm\u0259k ist\u0259y\u0259n Az\u0259rbaycan Respublikas\u0131 v\u0259t\u0259nda\u015flar\u0131 4 mart 2022-ci il tarix\u0259d\u0259k t\u0259l\u0259b olunan s\u0259n\u0259dl\u0259ri Koreya Respublikas\u0131n\u0131n Az\u0259rbaycandak\u0131 s\u0259firliyin\u0259 t\u0259qdim etm\u0259lidirl\u0259r. T\u0259qa\u00fcd proqram\u0131 \u00e7\u0259r\u00e7iv\u0259sind\u0259 t\u0259hsil\u0259 dair \u0259lav\u0259 m\u0259lumatIarla\u00a0elan\u00a0vasit\u0259sil\u0259&hellip;","_links":{"self":[{"href":"https:\/\/arantv.az\/index.php?rest_route=\/wp\/v2\/posts\/440999"}],"collection":[{"href":"https:\/\/arantv.az\/index.php?rest_route=\/wp\/v2\/posts"}],"about":[{"href":"https:\/\/arantv.az\/index.php?rest_route=\/wp\/v2\/types\/post"}],"author":[{"embeddable":true,"href":"https:\/\/arantv.az\/index.php?rest_route=\/wp\/v2\/users\/2"}],"replies":[{"embeddable":true,"href":"https:\/\/arantv.az\/index.php?rest_route=%2Fwp%2Fv2%2Fcomments&post=440999"}],"version-history":[{"count":0,"href":"https:\/\/arantv.az\/index.php?rest_route=\/wp\/v2\/posts\/440999\/revisions"}],"wp:featuredmedia":[{"embeddable":true,"href":"https:\/\/arantv.az\/index.php?rest_route=\/wp\/v2\/media\/441000"}],"wp:attachment":[{"href":"https:\/\/arantv.az\/index.php?rest_route=%2Fwp%2Fv2%2Fmedia&parent=440999"}],"wp:term":[{"taxonomy":"category","embeddable":true,"href":"https:\/\/arantv.az\/index.php?rest_route=%2Fwp%2Fv2%2Fcategories&post=440999"},{"taxonomy":"post_tag","embeddable":true,"href":"https:\/\/arantv.az\/index.php?rest_route=%2Fwp%2Fv2%2Ftags&post=440999"}],"curies":[{"name":"wp","href":"https:\/\/api.w.org\/{rel}","templated":true}]}}