{"id":441027,"date":"2022-02-19T11:43:31","date_gmt":"2022-02-19T08:43:31","guid":{"rendered":"http:\/\/arantv.az\/?p=441027"},"modified":"2022-02-19T11:43:31","modified_gmt":"2022-02-19T08:43:31","slug":"inam-k%c9%99rimov-federasiya-prezidenti-oldu-yenil%c9%99nib","status":"publish","type":"post","link":"https:\/\/arantv.az\/?p=441027","title":{"rendered":"\u0130nam K\u0259rimov federasiya prezidenti oldu &#8211; YEN\u0130L\u018fN\u0130B"},"content":{"rendered":"<p>X\u0259b\u0259r verdiyimiz kimi, k\u0259nd t\u0259s\u0259rr\u00fcfat\u0131 naziri \u0130nam K\u0259rimov A\u011f\u0131r Atletika Federasiyas\u0131n\u0131n prezidenti se\u00e7ilib.<\/p>\n<p><strong>ARANTV.AZ<\/strong>\u00a0x\u0259b\u0259r veriri ki, k\u0259nd t\u0259s\u0259rr\u00fcfat\u0131 naziri S\u0259buhi Mehdizad\u0259 vitse-prezident,\u00a0Anar H\u00fcseynov, Nihad M\u0259mm\u0259dli, Asif M\u0259mm\u0259dov v\u0259 Ayd\u0131n A\u011fa\u0259liyev \u0130dar\u0259 Hey\u0259tin\u0259 \u00fczv se\u00e7ilibl\u0259r.<\/p>\n<div class=\"AdviadNativeVideo\"><\/div>\n<p>Qeyd ed\u0259k ki, S\u0259buhi Mehdizad\u0259 h\u0259m\u00e7inin Stol\u00fcst\u00fc Tennis Federasiyas\u0131n\u0131n da vitse-prezidentidir.<\/p>\n<p><strong>11:19<\/strong><\/p>\n<p>Az\u0259rbaycan A\u011f\u0131r Atletika Federasiyas\u0131n\u0131n (AAAF) yeni prezidenti se\u00e7ilib.<\/p>\n<p><strong>ARANTV.AZ<\/strong>\u00a0x\u0259b\u0259r verir ki, bu, k\u0259nd t\u0259s\u0259rr\u00fcfat\u0131 naziri \u0130nam K\u0259rimovdur.<\/p>\n<p>Qeyd ed\u0259k ki, o, bu postda \u00a0\u201cAz\u0259rbaycan Hava Yollar\u0131\u201d Qapal\u0131 S\u0259hmdar C\u0259miyy\u0259tinin prezidenti Cahangir \u018fsg\u0259rovu \u0259v\u0259zl\u0259yib.<\/p>\n","protected":false},"excerpt":{"rendered":"<p>X\u0259b\u0259r verdiyimiz kimi, k\u0259nd t\u0259s\u0259rr\u00fcfat\u0131 naziri \u0130nam K\u0259rimov A\u011f\u0131r Atletika Federasiyas\u0131n\u0131n prezidenti se\u00e7ilib. ARANTV.AZ\u00a0x\u0259b\u0259r veriri ki, k\u0259nd t\u0259s\u0259rr\u00fcfat\u0131 naziri S\u0259buhi Mehdizad\u0259 vitse-prezident,\u00a0Anar H\u00fcseynov, Nihad M\u0259mm\u0259dli, Asif M\u0259mm\u0259dov v\u0259 Ayd\u0131n A\u011fa\u0259liyev \u0130dar\u0259 Hey\u0259tin\u0259 \u00fczv se\u00e7ilibl\u0259r. Qeyd ed\u0259k ki, S\u0259buhi Mehdizad\u0259 h\u0259m\u00e7inin Stol\u00fcst\u00fc Tennis Federasiyas\u0131n\u0131n da vitse-prezidentidir. 11:19 Az\u0259rbaycan A\u011f\u0131r Atletika Federasiyas\u0131n\u0131n (AAAF) yeni prezidenti se\u00e7ilib. ARANTV.AZ\u00a0x\u0259b\u0259r verir ki, bu, k\u0259nd t\u0259s\u0259rr\u00fcfat\u0131 naziri \u0130nam K\u0259rimovdur. Qeyd ed\u0259k ki, o, bu postda \u00a0\u201cAz\u0259rbaycan Hava Yollar\u0131\u201d Qapal\u0131 S\u0259hmdar C\u0259miyy\u0259tinin prezidenti Cahangir \u018fsg\u0259rovu \u0259v\u0259zl\u0259yib.<\/p>\n","protected":false},"author":2,"featured_media":84718,"comment_status":"closed","ping_status":"closed","sticky":false,"template":"","format":"standard","meta":{"om_disable_all_campaigns":false,"_monsterinsights_skip_tracking":false,"_monsterinsights_sitenote_active":false,"_monsterinsights_sitenote_note":"","_monsterinsights_sitenote_category":0},"categories":[6],"tags":[],"aioseo_notices":[],"gutentor_comment":0,"rttpg_featured_image_url":{"full":["https:\/\/arantv.az\/wp-content\/uploads\/2019\/10\/inam.jpg",620,419,false],"landscape":["https:\/\/arantv.az\/wp-content\/uploads\/2019\/10\/inam.jpg",620,419,false],"portraits":["https:\/\/arantv.az\/wp-content\/uploads\/2019\/10\/inam.jpg",620,419,false],"thumbnail":["https:\/\/arantv.az\/wp-content\/uploads\/2019\/10\/inam-150x150.jpg",150,150,true],"medium":["https:\/\/arantv.az\/wp-content\/uploads\/2019\/10\/inam-300x203.jpg",300,203,true],"large":["https:\/\/arantv.az\/wp-content\/uploads\/2019\/10\/inam.jpg",620,419,false],"1536x1536":["https:\/\/arantv.az\/wp-content\/uploads\/2019\/10\/inam.jpg",620,419,false],"2048x2048":["https:\/\/arantv.az\/wp-content\/uploads\/2019\/10\/inam.jpg",620,419,false],"post-thumbnail":["https:\/\/arantv.az\/wp-content\/uploads\/2019\/10\/inam-240x172.jpg",240,172,true],"advps-thumb-one":["https:\/\/arantv.az\/wp-content\/uploads\/2019\/10\/inam.jpg",620,419,false]},"rttpg_author":{"display_name":"V\u00fcsal Rafiqo\u011flu","author_link":"https:\/\/arantv.az\/?author=2"},"rttpg_comment":0,"rttpg_category":"<a href=\"https:\/\/arantv.az\/?cat=6\" rel=\"category\">\u0130dman<\/a>","rttpg_excerpt":"X\u0259b\u0259r verdiyimiz kimi, k\u0259nd t\u0259s\u0259rr\u00fcfat\u0131 naziri \u0130nam K\u0259rimov A\u011f\u0131r Atletika Federasiyas\u0131n\u0131n prezidenti se\u00e7ilib. ARANTV.AZ\u00a0x\u0259b\u0259r veriri ki, k\u0259nd t\u0259s\u0259rr\u00fcfat\u0131 naziri S\u0259buhi Mehdizad\u0259 vitse-prezident,\u00a0Anar H\u00fcseynov, Nihad M\u0259mm\u0259dli, Asif M\u0259mm\u0259dov v\u0259 Ayd\u0131n A\u011fa\u0259liyev \u0130dar\u0259 Hey\u0259tin\u0259 \u00fczv se\u00e7ilibl\u0259r. Qeyd ed\u0259k ki, S\u0259buhi Mehdizad\u0259 h\u0259m\u00e7inin Stol\u00fcst\u00fc Tennis Federasiyas\u0131n\u0131n da vitse-prezidentidir. 11:19 Az\u0259rbaycan A\u011f\u0131r Atletika Federasiyas\u0131n\u0131n (AAAF) yeni prezidenti se\u00e7ilib. ARANTV.AZ\u00a0x\u0259b\u0259r&hellip;","_links":{"self":[{"href":"https:\/\/arantv.az\/index.php?rest_route=\/wp\/v2\/posts\/441027"}],"collection":[{"href":"https:\/\/arantv.az\/index.php?rest_route=\/wp\/v2\/posts"}],"about":[{"href":"https:\/\/arantv.az\/index.php?rest_route=\/wp\/v2\/types\/post"}],"author":[{"embeddable":true,"href":"https:\/\/arantv.az\/index.php?rest_route=\/wp\/v2\/users\/2"}],"replies":[{"embeddable":true,"href":"https:\/\/arantv.az\/index.php?rest_route=%2Fwp%2Fv2%2Fcomments&post=441027"}],"version-history":[{"count":0,"href":"https:\/\/arantv.az\/index.php?rest_route=\/wp\/v2\/posts\/441027\/revisions"}],"wp:featuredmedia":[{"embeddable":true,"href":"https:\/\/arantv.az\/index.php?rest_route=\/wp\/v2\/media\/84718"}],"wp:attachment":[{"href":"https:\/\/arantv.az\/index.php?rest_route=%2Fwp%2Fv2%2Fmedia&parent=441027"}],"wp:term":[{"taxonomy":"category","embeddable":true,"href":"https:\/\/arantv.az\/index.php?rest_route=%2Fwp%2Fv2%2Fcategories&post=441027"},{"taxonomy":"post_tag","embeddable":true,"href":"https:\/\/arantv.az\/index.php?rest_route=%2Fwp%2Fv2%2Ftags&post=441027"}],"curies":[{"name":"wp","href":"https:\/\/api.w.org\/{rel}","templated":true}]}}