{"id":441029,"date":"2022-02-19T11:44:16","date_gmt":"2022-02-19T08:44:16","guid":{"rendered":"http:\/\/arantv.az\/?p=441029"},"modified":"2022-02-19T11:44:16","modified_gmt":"2022-02-19T08:44:16","slug":"rusiyanin-rostov-vilay%c9%99tind%c9%99-fovq%c9%99lad%c9%99-v%c9%99ziyy%c9%99t-elan-edildi","status":"publish","type":"post","link":"https:\/\/arantv.az\/?p=441029","title":{"rendered":"Rusiyan\u0131n Rostov vilay\u0259tind\u0259 f\u00f6vq\u0259lad\u0259 v\u0259ziyy\u0259t elan edildi"},"content":{"rendered":"<p>Rusiya Federasiyas\u0131n\u0131n Rostov vilay\u0259tind\u0259 Donbasdan g\u0259l\u0259nl\u0259rin say\u0131n\u0131n artmas\u0131 il\u0259 \u0259laq\u0259dar f\u00f6vq\u0259lad\u0259 v\u0259ziyy\u0259t t\u0259tbiq edilib.<\/p>\n<div class=\"AdviadNativeVideo\"><\/div>\n<p>Bu bar\u0259d\u0259 vilay\u0259tin qubernatoru Vasili Qolubev m\u0259lumat verib.<\/p>\n<p>\u201cG\u0259l\u0259n v\u0259t\u0259nda\u015flar\u0131n say\u0131n\u0131n artmas\u0131 tendensiyas\u0131n\u0131 n\u0259z\u0259r\u0259 alaraq, fevral\u0131n 19-da saat 10:00-dan (Bak\u0131 vaxt\u0131 il\u0259 11:00 \u2013 red.) f\u00f6vq\u0259lad\u0259 v\u0259ziyy\u0259t rejiminin t\u0259tbiqini m\u0259qs\u0259d\u0259uy\u011fun hesab edirik\u201d, &#8211; dey\u0259 o, operativ m\u00fc\u015favir\u0259d\u0259 bildirib.<\/p>\n<p>M\u0259nb\u0259: TASS<\/p>\n","protected":false},"excerpt":{"rendered":"<p>Rusiya Federasiyas\u0131n\u0131n Rostov vilay\u0259tind\u0259 Donbasdan g\u0259l\u0259nl\u0259rin say\u0131n\u0131n artmas\u0131 il\u0259 \u0259laq\u0259dar f\u00f6vq\u0259lad\u0259 v\u0259ziyy\u0259t t\u0259tbiq edilib. Bu bar\u0259d\u0259 vilay\u0259tin qubernatoru Vasili Qolubev m\u0259lumat verib. \u201cG\u0259l\u0259n v\u0259t\u0259nda\u015flar\u0131n say\u0131n\u0131n artmas\u0131 tendensiyas\u0131n\u0131 n\u0259z\u0259r\u0259 alaraq, fevral\u0131n 19-da saat 10:00-dan (Bak\u0131 vaxt\u0131 il\u0259 11:00 \u2013 red.) f\u00f6vq\u0259lad\u0259 v\u0259ziyy\u0259t rejiminin t\u0259tbiqini m\u0259qs\u0259d\u0259uy\u011fun hesab edirik\u201d, &#8211; dey\u0259 o, operativ m\u00fc\u015favir\u0259d\u0259 bildirib. M\u0259nb\u0259: TASS<\/p>\n","protected":false},"author":2,"featured_media":441030,"comment_status":"closed","ping_status":"closed","sticky":false,"template":"","format":"standard","meta":{"om_disable_all_campaigns":false,"_monsterinsights_skip_tracking":false,"_monsterinsights_sitenote_active":false,"_monsterinsights_sitenote_note":"","_monsterinsights_sitenote_category":0},"categories":[7],"tags":[],"aioseo_notices":[],"gutentor_comment":0,"rttpg_featured_image_url":{"full":["https:\/\/arantv.az\/wp-content\/uploads\/2022\/02\/273563867_323677706380361_6981554386551566218_n.jpg",620,395,false],"landscape":["https:\/\/arantv.az\/wp-content\/uploads\/2022\/02\/273563867_323677706380361_6981554386551566218_n.jpg",620,395,false],"portraits":["https:\/\/arantv.az\/wp-content\/uploads\/2022\/02\/273563867_323677706380361_6981554386551566218_n.jpg",620,395,false],"thumbnail":["https:\/\/arantv.az\/wp-content\/uploads\/2022\/02\/273563867_323677706380361_6981554386551566218_n-500x280.jpg",500,280,true],"medium":["https:\/\/arantv.az\/wp-content\/uploads\/2022\/02\/273563867_323677706380361_6981554386551566218_n-573x365.jpg",573,365,true],"large":["https:\/\/arantv.az\/wp-content\/uploads\/2022\/02\/273563867_323677706380361_6981554386551566218_n.jpg",620,395,false],"1536x1536":["https:\/\/arantv.az\/wp-content\/uploads\/2022\/02\/273563867_323677706380361_6981554386551566218_n.jpg",620,395,false],"2048x2048":["https:\/\/arantv.az\/wp-content\/uploads\/2022\/02\/273563867_323677706380361_6981554386551566218_n.jpg",620,395,false],"post-thumbnail":["https:\/\/arantv.az\/wp-content\/uploads\/2022\/02\/273563867_323677706380361_6981554386551566218_n-240x172.jpg",240,172,true],"advps-thumb-one":["https:\/\/arantv.az\/wp-content\/uploads\/2022\/02\/273563867_323677706380361_6981554386551566218_n.jpg",620,395,false]},"rttpg_author":{"display_name":"V\u00fcsal Rafiqo\u011flu","author_link":"https:\/\/arantv.az\/?author=2"},"rttpg_comment":0,"rttpg_category":"<a href=\"https:\/\/arantv.az\/?cat=7\" rel=\"category\">D\u00fcnya<\/a>","rttpg_excerpt":"Rusiya Federasiyas\u0131n\u0131n Rostov vilay\u0259tind\u0259 Donbasdan g\u0259l\u0259nl\u0259rin say\u0131n\u0131n artmas\u0131 il\u0259 \u0259laq\u0259dar f\u00f6vq\u0259lad\u0259 v\u0259ziyy\u0259t t\u0259tbiq edilib. Bu bar\u0259d\u0259 vilay\u0259tin qubernatoru Vasili Qolubev m\u0259lumat verib. \u201cG\u0259l\u0259n v\u0259t\u0259nda\u015flar\u0131n say\u0131n\u0131n artmas\u0131 tendensiyas\u0131n\u0131 n\u0259z\u0259r\u0259 alaraq, fevral\u0131n 19-da saat 10:00-dan (Bak\u0131 vaxt\u0131 il\u0259 11:00 \u2013 red.) f\u00f6vq\u0259lad\u0259 v\u0259ziyy\u0259t rejiminin t\u0259tbiqini m\u0259qs\u0259d\u0259uy\u011fun hesab edirik\u201d, &#8211; dey\u0259 o, operativ m\u00fc\u015favir\u0259d\u0259 bildirib. M\u0259nb\u0259: TASS","_links":{"self":[{"href":"https:\/\/arantv.az\/index.php?rest_route=\/wp\/v2\/posts\/441029"}],"collection":[{"href":"https:\/\/arantv.az\/index.php?rest_route=\/wp\/v2\/posts"}],"about":[{"href":"https:\/\/arantv.az\/index.php?rest_route=\/wp\/v2\/types\/post"}],"author":[{"embeddable":true,"href":"https:\/\/arantv.az\/index.php?rest_route=\/wp\/v2\/users\/2"}],"replies":[{"embeddable":true,"href":"https:\/\/arantv.az\/index.php?rest_route=%2Fwp%2Fv2%2Fcomments&post=441029"}],"version-history":[{"count":0,"href":"https:\/\/arantv.az\/index.php?rest_route=\/wp\/v2\/posts\/441029\/revisions"}],"wp:featuredmedia":[{"embeddable":true,"href":"https:\/\/arantv.az\/index.php?rest_route=\/wp\/v2\/media\/441030"}],"wp:attachment":[{"href":"https:\/\/arantv.az\/index.php?rest_route=%2Fwp%2Fv2%2Fmedia&parent=441029"}],"wp:term":[{"taxonomy":"category","embeddable":true,"href":"https:\/\/arantv.az\/index.php?rest_route=%2Fwp%2Fv2%2Fcategories&post=441029"},{"taxonomy":"post_tag","embeddable":true,"href":"https:\/\/arantv.az\/index.php?rest_route=%2Fwp%2Fv2%2Ftags&post=441029"}],"curies":[{"name":"wp","href":"https:\/\/api.w.org\/{rel}","templated":true}]}}