{"id":441032,"date":"2022-02-19T11:45:33","date_gmt":"2022-02-19T08:45:33","guid":{"rendered":"http:\/\/arantv.az\/?p=441032"},"modified":"2022-02-19T11:45:33","modified_gmt":"2022-02-19T08:45:33","slug":"ramiz-mehdiyev-istefadan-sonra-n%c9%99-isl%c9%99-m%c9%99sgul-olacagini-aciqladi-yenil%c9%99nib-foto","status":"publish","type":"post","link":"https:\/\/arantv.az\/?p=441032","title":{"rendered":"Ramiz Mehdiyev istefadan sonra n\u0259 i\u015fl\u0259 m\u0259\u015f\u011ful olaca\u011f\u0131n\u0131 A\u00c7IQLADI &#8211; YEN\u0130L\u018fN\u0130B + FOTO"},"content":{"rendered":"<p>Bu g\u00fcn Az\u0259rbaycan Milli Elml\u0259r Akademiyas\u0131n\u0131n \u00dcmumi Y\u0131\u011f\u0131nca\u011f\u0131 ke\u00e7irilib.<\/p>\n<p>AMEA R\u0259yas\u0259t Hey\u0259ti M\u0259tbuat Xidm\u0259tind\u0259n \u201cReport\u201da veril\u0259n m\u0259lumata g\u00f6r\u0259, y\u0131\u011f\u0131ncaqda AMEA prezidenti, akademik Ramiz Mehdiyev \u00e7\u0131x\u0131\u015f edib.<\/p>\n<div class=\"AdviadNativeVideo\"><\/div>\n<p>O qeyd edib ki, R\u0259yas\u0259t Hey\u0259tinin fevral ay\u0131n\u0131n 14-d\u0259 ba\u015f tutan iclas\u0131nda ya\u015f\u0131 il\u0259 \u0259laq\u0259dar v\u0259zif\u0259sini t\u0259rk etdiyini v\u0259 bu m\u0259s\u0259l\u0259 il\u0259 ba\u011fl\u0131 d\u00f6vl\u0259t ba\u015f\u00e7\u0131s\u0131 \u0130lham \u018fliyev\u0259 m\u00fcraci\u0259t ed\u0259c\u0259yini bildirib:<\/p>\n<p>\u201cM\u0259lum edir\u0259m ki, m\u0259n Az\u0259rbaycan Respublikas\u0131n\u0131n Prezidenti c\u0259nab \u0130lham \u018fliyev\u0259 m\u00fcraci\u0259t m\u0259ktubu g\u00f6nd\u0259r\u0259r\u0259k uzun ill\u0259r d\u00f6vl\u0259t ba\u015f\u00e7\u0131m\u0131z\u0131n r\u0259hb\u0259rliyi il\u0259 Administrasiyan\u0131n r\u0259hb\u0259ri i\u015fl\u0259diyim d\u00f6vrd\u0259 v\u0259 Akademiyan\u0131n prezidenti kimi f\u0259aliyy\u0259timd\u0259 m\u0259n\u0259 g\u00f6st\u0259rdiyi y\u00fcks\u0259k etimada, diqq\u0259t v\u0259 qay\u011f\u0131ya g\u00f6r\u0259 d\u0259rin minn\u0259tdarl\u0131\u011f\u0131m\u0131 bildirmi\u015f\u0259m.<\/p>\n<p>Bir m\u0259s\u0259l\u0259ni x\u00fcsusi dem\u0259k ist\u0259rdim. Bel\u0259 m\u00fcr\u0259kk\u0259b regionda d\u00f6vl\u0259t\u0259 ba\u015f\u00e7\u0131l\u0131q etm\u0259k b\u00f6y\u00fck \u0259zm, istedad, g\u00fccl\u00fc irad\u0259, y\u00fcks\u0259k siyasi bacar\u0131q t\u0259l\u0259b edir. Az\u0259rbaycan xalq\u0131 \u00e7ox xo\u015fb\u0259xtdir ki, onun b\u00fct\u00fcn bu ali keyfiyy\u0259tl\u0259ri \u00f6z\u00fcnd\u0259 birl\u0259\u015fdir\u0259n lideri var. D\u0259rin minn\u0259tdarl\u0131q hissi il\u0259 dem\u0259yi \u00f6z\u00fcm\u0259 borc bilir\u0259m ki, h\u0259m ulu \u00f6nd\u0259r Heyd\u0259r \u018fliyev, h\u0259m d\u0259 h\u00f6rm\u0259tli Prezidentimiz \u0130lham \u018fliyev m\u0259nim \u0259m\u0259yim\u0259 y\u00fcks\u0259k qiym\u0259t veribl\u0259r.<\/p>\n<p>M\u0259n bundan sonrak\u0131 h\u0259yat\u0131m\u0131, bilik v\u0259 t\u0259cr\u00fcb\u0259mi d\u0259 Prezident \u0130lham \u018fliyevin r\u0259hb\u0259rliyi il\u0259 m\u00fcst\u0259qil Az\u0259rbaycan d\u00f6vl\u0259tinin daha da inki\u015faf edib m\u00f6hk\u0259ml\u0259ndirilm\u0259sin\u0259, habel\u0259 elmi f\u0259aliyy\u0259t\u0259 h\u0259sr ed\u0259c\u0259y\u0259m\u201d.<\/p>\n<p>Ramiz Mehdiyev \u00e7\u0131x\u0131\u015f\u0131nda Akademiyan\u0131n d\u00f6vl\u0259timizin q\u00fcdr\u0259tinin art\u0131r\u0131lmas\u0131nda daha f\u0259al v\u0259 yax\u0131ndan i\u015ftirak ed\u0259c\u0259yin\u0259 \u00fcmidvar oldu\u011funu bildirib: \u201cUlu \u00f6nd\u0259r Heyd\u0259r \u018fliyevin vaxt\u0131nda b\u0259yan etdiyi kimi, Akademiyan\u0131 qoruyub saxlamaq v\u0259 daha da inki\u015faf etdirm\u0259k laz\u0131md\u0131r\u201d.<\/p>\n<p>Akademiya prezidenti \u00e7\u0131x\u0131\u015f\u0131n\u0131n sonunda iki il d\u00f6rd ay \u0259rzind\u0259 onunla birlikd\u0259 \u00e7al\u0131\u015fm\u0131\u015f R\u0259yas\u0259t Hey\u0259ti \u00fczvl\u0259rin\u0259, elmi-t\u0259dqiqat institutlar\u0131n\u0131n kollektivl\u0259rin\u0259, aparat\u0131n \u0259m\u0259kda\u015flar\u0131na t\u0259\u015f\u0259kk\u00fcr edib.<\/p>\n<p>Daha sonra Nizamnam\u0259y\u0259 uy\u011fun olaraq akademik Ramiz Mehdiyevin Akademiya prezidenti v\u0259zif\u0259sind\u0259n azad edilm\u0259si il\u0259 ba\u011fl\u0131 a\u00e7\u0131q s\u0259sverm\u0259 ke\u00e7irilib. S\u0259sverm\u0259nin yekunu olaraq Ramiz Mehdiyevin m\u00fcraci\u0259ti q\u0259bul olunub.<\/p>\n<p>Q\u0259rar q\u0259bul edildikd\u0259n sonra AMEA Nizamnam\u0259sinin 9.6-c\u0131 madd\u0259sin\u0259 uy\u011fun olaraq Akademiya prezidentinin funksiyalar\u0131n\u0131n icras\u0131 birinci vitse-prezident, akademik Arif H\u0259\u015fimova h\u0259val\u0259 olunub.<\/p>\n<p><strong>12:20<\/strong><\/p>\n<p>AMEA-n\u0131n n\u00f6vb\u0259ti \u00dcmumi y\u0131\u011f\u0131nca\u011f\u0131nda prezident se\u00e7il\u0259c\u0259k.<\/p>\n<p>Bununla ba\u011fl\u0131\u00a0Oxu.Az-a akademik Nizami C\u0259f\u0259rov m\u0259lumat verib.<\/p>\n<p>O bildirib ki, n\u00f6vb\u0259ti iclas\u0131n tarixi v\u0259 namiz\u0259dl\u0259rin kimliyi h\u0259l\u0259 b\u0259lli deyil:<\/p>\n<p>\u201cRamiz m\u00fc\u0259llim istefa verdi. \u018fsas m\u0259s\u0259l\u0259 Akademiyan\u0131n taleyidir. M\u0259qs\u0259dimiz odur ki, Akademiya f\u0259aliyy\u0259tini davam etdirsin\u201d.<\/p>\n<p><strong>12:14<\/strong><\/p>\n<p>Az\u0259rbaycan Milli Elml\u0259r Akademiyas\u0131n\u0131n (AMEA) Prezidenti Ramiz Mehdiyevin istefa \u0259riz\u0259si q\u0259bul olunub. Bu bar\u0259d\u0259 q\u0259rar AMEA-n\u0131n \u00fcmumi y\u0131\u011f\u0131nca\u011f\u0131nda q\u0259bul olunub.<\/p>\n<p>Bununla ba\u011fl\u0131\u00a0Oxu.Az-a akademik Nizami C\u0259f\u0259rov m\u0259lumat verib.<\/p>\n<p>O bildirib ki, AMEA-da prezident v\u0259zif\u0259sini Akademiyan\u0131n birinci vitse-prezidenti Arif H\u0259\u015fimov icra ed\u0259c\u0259k.<\/p>\n<p><strong>11:53<\/strong><\/p>\n<p>AMEA R\u0259yas\u0259t Hey\u0259tinin fevral\u0131n 14-d\u0259 ke\u00e7iril\u0259n iclas\u0131nda istefa \u0259riz\u0259si il\u0259 d\u00f6vl\u0259t ba\u015f\u00e7\u0131s\u0131na m\u00fcraci\u0259t ed\u0259c\u0259yini bildir\u0259n Ramiz Mehdiyev bu g\u00fcn ke\u00e7iril\u0259c\u0259k \u00fcmumi y\u0131\u011f\u0131ncaqda i\u015ftirak \u00fc\u00e7\u00fcn R\u0259yas\u0259t Hey\u0259tinin yerl\u0259\u015fdiyi binaya g\u0259lib.<\/p>\n<p>Bununla ba\u011fl\u0131\u00a0Oxu.Az-\u0131n \u0259m\u0259kda\u015f\u0131 m\u0259lumat verib.<\/p>\n<p>&nbsp;<\/p>\n<div class=\"gallery\">\n<div class=\"gallery-i\"><img src=\"https:\/\/cdn.oxu.az\/uploads\/W1siZiIsIjIwMjIvMDIvMTkvMTEvNTMvNDYvOTQ4Y2Y2OWMtZGU1ZS00MzU3LTkxZWItZmI2YjA2Y2U1MDJhLzI3MzkyNDIwM18xNzc1NTg1NjI1OTcwODg1Xzg2ODc3NTUwNTAwNzUwNTMxNjZfbi5qcGciXSxbInAiLCJlbmNvZGUiLCJqcGciLCItcXVhbGl0eSA4MCJdLFsicCIsInRodW1iIiwiNTkweDU5MFx1MDAzZSJdXQ?sha=d38dbff4d0199c08\" alt=\"\" \/><\/p>\n<div class=\"gallery-i-caption\"><\/div>\n<\/div>\n<\/div>\n<p>&nbsp;<\/p>\n<p>R.Mehdiyevd\u0259n ba\u015fqa akademik Nizami C\u0259f\u0259rov v\u0259 AMEA-n\u0131n m\u00fcxbir \u00fczv\u00fc Kamal Abdulla da iclasda i\u015ftirak ed\u0259c\u0259k.<\/p>\n<p>N.C\u0259f\u0259rov jurnalistl\u0259rin iclasda namiz\u0259dl\u0259rd\u0259n kimin se\u00e7il\u0259c\u0259yin\u0259 dair sual\u0131na cavab olaraq bildirib ki, bu, h\u0259l\u0259 m\u0259lum deyil, iclasdan sonra m\u0259lumat veril\u0259c\u0259k.<\/p>\n<p>K.Abdulla da bildirib ki, \u00fcmumi y\u0131\u011f\u0131ncaqda yaln\u0131z bir m\u0259s\u0259l\u0259 m\u00fczakir\u0259 edil\u0259c\u0259k.<\/p>\n<p><strong>09:07<\/strong><\/p>\n<p>Bu g\u00fcn Az\u0259rbaycan Milli Elml\u0259r Akademiyas\u0131n\u0131n (AMEA) \u00fcmumi y\u0131\u011f\u0131nca\u011f\u0131 ke\u00e7iril\u0259c\u0259k. Y\u0131\u011f\u0131ncaqda\u00a0Akademiyaya yeni prezident se\u00e7il\u0259c\u0259k \u015f\u0259xsl\u0259rin namiz\u0259dliyi ir\u0259li s\u00fcr\u00fcl\u0259c\u0259k.<\/p>\n<p><strong>ARANTV.AZ<\/strong>\u00a0x\u0259b\u0259r verir ki, iclas\u0131n bu g\u00fcn saat 12:00-da ba\u015flayaca\u011f\u0131 ehtimal edilir.<\/p>\n<p>Namiz\u0259dl\u0259r aras\u0131nda AMEA prezidenti postuna Akademiyan\u0131n birinci vitse-prezidenti Arif H\u0259\u015fimovun da namiz\u0259dliyi verilib.<\/p>\n<p>Qeyd ed\u0259k ki, fevral\u0131n 14-d\u0259 AMEA R\u0259yas\u0259t Hey\u0259tinin iclas\u0131 ke\u00e7irilib. Ramiz Mehdiyev istefa \u0259riz\u0259si il\u0259 d\u00f6vl\u0259t ba\u015f\u00e7\u0131s\u0131na m\u00fcraci\u0259t ed\u0259c\u0259yini bildirib.<\/p>\n","protected":false},"excerpt":{"rendered":"<p>Bu g\u00fcn Az\u0259rbaycan Milli Elml\u0259r Akademiyas\u0131n\u0131n \u00dcmumi Y\u0131\u011f\u0131nca\u011f\u0131 ke\u00e7irilib. AMEA R\u0259yas\u0259t Hey\u0259ti M\u0259tbuat Xidm\u0259tind\u0259n \u201cReport\u201da veril\u0259n m\u0259lumata g\u00f6r\u0259, y\u0131\u011f\u0131ncaqda AMEA prezidenti, akademik Ramiz Mehdiyev \u00e7\u0131x\u0131\u015f edib. O qeyd edib ki, R\u0259yas\u0259t Hey\u0259tinin fevral ay\u0131n\u0131n 14-d\u0259 ba\u015f tutan iclas\u0131nda ya\u015f\u0131 il\u0259 \u0259laq\u0259dar v\u0259zif\u0259sini t\u0259rk etdiyini v\u0259 bu m\u0259s\u0259l\u0259 il\u0259 ba\u011fl\u0131 d\u00f6vl\u0259t ba\u015f\u00e7\u0131s\u0131 \u0130lham \u018fliyev\u0259 m\u00fcraci\u0259t ed\u0259c\u0259yini bildirib: \u201cM\u0259lum edir\u0259m ki, m\u0259n Az\u0259rbaycan Respublikas\u0131n\u0131n Prezidenti c\u0259nab \u0130lham \u018fliyev\u0259 m\u00fcraci\u0259t m\u0259ktubu g\u00f6nd\u0259r\u0259r\u0259k uzun ill\u0259r d\u00f6vl\u0259t ba\u015f\u00e7\u0131m\u0131z\u0131n r\u0259hb\u0259rliyi il\u0259 Administrasiyan\u0131n r\u0259hb\u0259ri i\u015fl\u0259diyim d\u00f6vrd\u0259 v\u0259 Akademiyan\u0131n prezidenti kimi f\u0259aliyy\u0259timd\u0259 m\u0259n\u0259 g\u00f6st\u0259rdiyi y\u00fcks\u0259k etimada, diqq\u0259t v\u0259&hellip;<\/p>\n","protected":false},"author":2,"featured_media":388274,"comment_status":"closed","ping_status":"closed","sticky":false,"template":"","format":"standard","meta":{"om_disable_all_campaigns":false,"_monsterinsights_skip_tracking":false,"_monsterinsights_sitenote_active":false,"_monsterinsights_sitenote_note":"","_monsterinsights_sitenote_category":0},"categories":[1],"tags":[],"aioseo_notices":[],"gutentor_comment":0,"rttpg_featured_image_url":{"full":["https:\/\/arantv.az\/wp-content\/uploads\/2021\/10\/ramiz-mehdiyev.jpg",800,450,false],"landscape":["https:\/\/arantv.az\/wp-content\/uploads\/2021\/10\/ramiz-mehdiyev.jpg",800,450,false],"portraits":["https:\/\/arantv.az\/wp-content\/uploads\/2021\/10\/ramiz-mehdiyev.jpg",800,450,false],"thumbnail":["https:\/\/arantv.az\/wp-content\/uploads\/2021\/10\/ramiz-mehdiyev-500x280.jpg",500,280,true],"medium":["https:\/\/arantv.az\/wp-content\/uploads\/2021\/10\/ramiz-mehdiyev-649x365.jpg",649,365,true],"large":["https:\/\/arantv.az\/wp-content\/uploads\/2021\/10\/ramiz-mehdiyev.jpg",640,360,false],"1536x1536":["https:\/\/arantv.az\/wp-content\/uploads\/2021\/10\/ramiz-mehdiyev.jpg",800,450,false],"2048x2048":["https:\/\/arantv.az\/wp-content\/uploads\/2021\/10\/ramiz-mehdiyev.jpg",800,450,false],"post-thumbnail":["https:\/\/arantv.az\/wp-content\/uploads\/2021\/10\/ramiz-mehdiyev-240x172.jpg",240,172,true],"advps-thumb-one":["https:\/\/arantv.az\/wp-content\/uploads\/2021\/10\/ramiz-mehdiyev.jpg",800,450,false]},"rttpg_author":{"display_name":"V\u00fcsal Rafiqo\u011flu","author_link":"https:\/\/arantv.az\/?author=2"},"rttpg_comment":0,"rttpg_category":"<a href=\"https:\/\/arantv.az\/?cat=1\" rel=\"category\">C\u0259miyy\u0259t<\/a>","rttpg_excerpt":"Bu g\u00fcn Az\u0259rbaycan Milli Elml\u0259r Akademiyas\u0131n\u0131n \u00dcmumi Y\u0131\u011f\u0131nca\u011f\u0131 ke\u00e7irilib. AMEA R\u0259yas\u0259t Hey\u0259ti M\u0259tbuat Xidm\u0259tind\u0259n \u201cReport\u201da veril\u0259n m\u0259lumata g\u00f6r\u0259, y\u0131\u011f\u0131ncaqda AMEA prezidenti, akademik Ramiz Mehdiyev \u00e7\u0131x\u0131\u015f edib. O qeyd edib ki, R\u0259yas\u0259t Hey\u0259tinin fevral ay\u0131n\u0131n 14-d\u0259 ba\u015f tutan iclas\u0131nda ya\u015f\u0131 il\u0259 \u0259laq\u0259dar v\u0259zif\u0259sini t\u0259rk etdiyini v\u0259 bu m\u0259s\u0259l\u0259 il\u0259 ba\u011fl\u0131 d\u00f6vl\u0259t ba\u015f\u00e7\u0131s\u0131 \u0130lham \u018fliyev\u0259 m\u00fcraci\u0259t ed\u0259c\u0259yini&hellip;","_links":{"self":[{"href":"https:\/\/arantv.az\/index.php?rest_route=\/wp\/v2\/posts\/441032"}],"collection":[{"href":"https:\/\/arantv.az\/index.php?rest_route=\/wp\/v2\/posts"}],"about":[{"href":"https:\/\/arantv.az\/index.php?rest_route=\/wp\/v2\/types\/post"}],"author":[{"embeddable":true,"href":"https:\/\/arantv.az\/index.php?rest_route=\/wp\/v2\/users\/2"}],"replies":[{"embeddable":true,"href":"https:\/\/arantv.az\/index.php?rest_route=%2Fwp%2Fv2%2Fcomments&post=441032"}],"version-history":[{"count":0,"href":"https:\/\/arantv.az\/index.php?rest_route=\/wp\/v2\/posts\/441032\/revisions"}],"wp:featuredmedia":[{"embeddable":true,"href":"https:\/\/arantv.az\/index.php?rest_route=\/wp\/v2\/media\/388274"}],"wp:attachment":[{"href":"https:\/\/arantv.az\/index.php?rest_route=%2Fwp%2Fv2%2Fmedia&parent=441032"}],"wp:term":[{"taxonomy":"category","embeddable":true,"href":"https:\/\/arantv.az\/index.php?rest_route=%2Fwp%2Fv2%2Fcategories&post=441032"},{"taxonomy":"post_tag","embeddable":true,"href":"https:\/\/arantv.az\/index.php?rest_route=%2Fwp%2Fv2%2Ftags&post=441032"}],"curies":[{"name":"wp","href":"https:\/\/api.w.org\/{rel}","templated":true}]}}