{"id":441037,"date":"2022-02-19T11:47:27","date_gmt":"2022-02-19T08:47:27","guid":{"rendered":"http:\/\/arantv.az\/?p=441037"},"modified":"2022-02-19T11:47:27","modified_gmt":"2022-02-19T08:47:27","slug":"nayora-t%c9%99r%c9%99find%c9%99n-lerik-g%c9%99ncl%c9%99ri-ucun-sosial-sahibkarliq-t%c9%99liml%c9%99rin%c9%99-start-verildi-foto","status":"publish","type":"post","link":"https:\/\/arantv.az\/?p=441037","title":{"rendered":"NAYORA t\u0259r\u0259find\u0259n Lerik g\u0259ncl\u0259ri \u00fc\u00e7\u00fcn sosial sahibkarl\u0131q t\u0259liml\u0259rin\u0259 start verildi &#8211; FOTO"},"content":{"rendered":"<p>Yerli T\u0259\u015f\u0259bb\u00fcsl\u0259r \u00fc\u00e7\u00fcn Kanada Fondu proqram\u0131 \u00e7\u0259r\u00e7iv\u0259sind\u0259 Kanadan\u0131n T\u00fcrkiy\u0259d\u0259ki s\u0259firliyinin maliyy\u0259 d\u0259st\u0259yi v\u0259 Az\u0259rbaycan Respublikas\u0131 G\u0259ncl\u0259r T\u0259\u015fkilatlar\u0131 Milli \u015euras\u0131n\u0131n t\u0259\u015fkilat\u00e7\u0131l\u0131\u011f\u0131 il\u0259 \u201cAz\u0259rbaycan\u0131n sosial-iqtisadi c\u0259h\u0259td\u0259n \u0259lveri\u015fsiz b\u00f6lg\u0259l\u0259rind\u0259 ya\u015fayan qad\u0131n v\u0259 q\u0131zlar\u0131n m\u0259\u015f\u011fulluq imkanlar\u0131n\u0131n art\u0131r\u0131lmas\u0131\u201d layih\u0259si \u00e7\u0259r\u00e7iv\u0259sind\u0259 Lerik rayonunda t\u0259liml\u0259r\u0259 start verilib.<\/p>\n<p>Layih\u0259nin h\u0259yata ke\u00e7irilm\u0259sind\u0259 \u0259sas m\u0259qs\u0259d Az\u0259rbaycan\u0131n regionlar\u0131nda imkanlara \u00e7\u0131x\u0131\u015f\u0131 olmayan g\u0259nc qad\u0131nlar\u0131n, q\u0131zlar\u0131n v\u0259 o\u011flanlar\u0131n \u00f6z iqtisadi h\u00fcquqlar\u0131 haqq\u0131nda maarifl\u0259ndirilm\u0259si v\u0259 sosial sahibkarl\u0131\u011fa c\u0259lb olunaraq m\u0259\u015f\u011fulluqlar\u0131n\u0131n art\u0131r\u0131lmas\u0131d\u0131r.<\/p>\n<div class=\"AdviadNativeVideo\"><\/div>\n<p>\u00dcmumilikd\u0259 3 fazaya b\u00f6l\u00fcn\u0259n layih\u0259nin ilk fazas\u0131 i\u015ftirak\u00e7\u0131lar\u0131n cari imkanlar haqq\u0131nda maarifl\u0259ndirm\u0259 sessiyalar\u0131n\u0131 \u0259hat\u0259 edib. \u0130kinci faza sosial sahibkarl\u0131q t\u0259liml\u0259rini, \u00fc\u00e7\u00fcnc\u00fc faza is\u0259 mentorluq f\u0259aliyy\u0259tl\u0259rini \u0259hat\u0259 ed\u0259c\u0259k.<\/p>\n<p>Lerik rayonunda 4 g\u00fcn davam ed\u0259c\u0259k t\u0259liml\u0259rin ilk g\u00fcn\u00fc sosial sahibkarl\u0131\u011f\u0131n \u0259h\u0259miyy\u0259ti, bu sah\u0259nin \u00f6lk\u0259mizd\u0259 inki\u015faf\u0131, t\u0259\u015fviqi istiqam\u0259tind\u0259 g\u00f6r\u00fcl\u0259n i\u015fl\u0259r, d\u00f6vl\u0259t t\u0259r\u0259find\u0259n yarad\u0131lan imkanlar bar\u0259d\u0259 i\u015ftirak\u00e7\u0131lar aras\u0131nda fikir m\u00fcbadil\u0259si apar\u0131l\u0131b, sosial bax\u0131mdan h\u0259ssas qruplar \u00fc\u00e7\u00fcn layiqli m\u0259\u015f\u011fulluq v\u0259 g\u0259lir imkanlar\u0131n\u0131n formala\u015fd\u0131r\u0131lmas\u0131n\u0131n, onlar\u0131n c\u0259miyy\u0259t\u0259 h\u0259rt\u0259r\u0259fli inteqrasiyas\u0131n\u0131n, sosial sahibkarl\u0131\u011f\u0131n t\u0259\u015fviqinin \u00f6lk\u0259mizd\u0259 prioritet istiqam\u0259tl\u0259rd\u0259n oldu\u011fu qeyd edilib. Daha sonra Sara R\u0259c\u0259bli t\u0259r\u0259find\u0259n sosial sahibkarl\u0131q konsepsiyas\u0131, ideyan\u0131n yaranmas\u0131, biznes plan\u0131n haz\u0131rlanmas\u0131, i\u015f b\u00f6lg\u00fcs\u00fc kimi m\u00f6vzular \u00fczr\u0259 t\u0259qdimat edilib.<\/p>\n<p>Qeyd ed\u0259k ki, n\u00f6vb\u0259ti t\u0259liml\u0259r Quba v\u0259 \u0130smay\u0131ll\u0131 rayonlar\u0131nda ba\u015f tutacaq.<\/p>\n<p>&nbsp;<\/p>\n<div class=\"gallery\">\n<div class=\"gallery-i\"><img src=\"https:\/\/cdn.oxu.az\/uploads\/W1siZiIsIjIwMjIvMDIvMTkvMTEvMzEvMDYvNmI4NDgyYzktODJlNS00YmVhLTgzZGMtOWM0NzMzYjMyMTE0L0ZvdG9KZXQgLSAyMDIyLTAyLTE5VDExMzA1Ny4yMTQuanBnIl0sWyJwIiwiZW5jb2RlIiwianBnIiwiLXF1YWxpdHkgODAiXSxbInAiLCJ0aHVtYiIsIjU5MHg1OTBcdTAwM2UiXV0?sha=6f179aacc35b4160\" alt=\"\" \/><\/p>\n<div class=\"gallery-i-caption\"><\/div>\n<\/div>\n<div class=\"gallery-i\"><img src=\"https:\/\/cdn.oxu.az\/uploads\/W1siZiIsIjIwMjIvMDIvMTkvMTEvMzEvMDYvNTJjOTQ0YmEtZTI1ZS00MGMwLTkyMzUtMjZlNDhhMzZlMzYwL0ZvdG9KZXQgLSAyMDIyLTAyLTE5VDExMzA1MC4yMzYuanBnIl0sWyJwIiwiZW5jb2RlIiwianBnIiwiLXF1YWxpdHkgODAiXSxbInAiLCJ0aHVtYiIsIjU5MHg1OTBcdTAwM2UiXV0?sha=650daf6403524b16\" alt=\"\" \/><\/p>\n<div class=\"gallery-i-caption\"><\/div>\n<\/div>\n<div class=\"gallery-i\"><img src=\"https:\/\/cdn.oxu.az\/uploads\/W1siZiIsIjIwMjIvMDIvMTkvMTEvMzEvMDYvN2Q3Y2YzZmMtNDQzNi00OTFlLTkzZGUtZjlkNjQzNTdjOGRlL0ZvdG9KZXQgLSAyMDIyLTAyLTE5VDExMzA0My4xNDguanBnIl0sWyJwIiwiZW5jb2RlIiwianBnIiwiLXF1YWxpdHkgODAiXSxbInAiLCJ0aHVtYiIsIjU5MHg1OTBcdTAwM2UiXV0?sha=45ce091ce23d3f91\" alt=\"\" \/><\/p>\n<div class=\"gallery-i-caption\"><\/div>\n<\/div>\n<div class=\"gallery-i\"><img src=\"https:\/\/cdn.oxu.az\/uploads\/W1siZiIsIjIwMjIvMDIvMTkvMTEvMzEvMDYvMWZkZWE4MzQtNDRhZi00MmRjLWFkODItZWQ1MTA2ZTU5MjkzL0ZvdG9KZXQgLSAyMDIyLTAyLTE5VDExMzAzNy4yMDYuanBnIl0sWyJwIiwiZW5jb2RlIiwianBnIiwiLXF1YWxpdHkgODAiXSxbInAiLCJ0aHVtYiIsIjU5MHg1OTBcdTAwM2UiXV0?sha=4033d95e4474003c\" alt=\"\" \/><\/div>\n<\/div>\n","protected":false},"excerpt":{"rendered":"<p>Yerli T\u0259\u015f\u0259bb\u00fcsl\u0259r \u00fc\u00e7\u00fcn Kanada Fondu proqram\u0131 \u00e7\u0259r\u00e7iv\u0259sind\u0259 Kanadan\u0131n T\u00fcrkiy\u0259d\u0259ki s\u0259firliyinin maliyy\u0259 d\u0259st\u0259yi v\u0259 Az\u0259rbaycan Respublikas\u0131 G\u0259ncl\u0259r T\u0259\u015fkilatlar\u0131 Milli \u015euras\u0131n\u0131n t\u0259\u015fkilat\u00e7\u0131l\u0131\u011f\u0131 il\u0259 \u201cAz\u0259rbaycan\u0131n sosial-iqtisadi c\u0259h\u0259td\u0259n \u0259lveri\u015fsiz b\u00f6lg\u0259l\u0259rind\u0259 ya\u015fayan qad\u0131n v\u0259 q\u0131zlar\u0131n m\u0259\u015f\u011fulluq imkanlar\u0131n\u0131n art\u0131r\u0131lmas\u0131\u201d layih\u0259si \u00e7\u0259r\u00e7iv\u0259sind\u0259 Lerik rayonunda t\u0259liml\u0259r\u0259 start verilib. Layih\u0259nin h\u0259yata ke\u00e7irilm\u0259sind\u0259 \u0259sas m\u0259qs\u0259d Az\u0259rbaycan\u0131n regionlar\u0131nda imkanlara \u00e7\u0131x\u0131\u015f\u0131 olmayan g\u0259nc qad\u0131nlar\u0131n, q\u0131zlar\u0131n v\u0259 o\u011flanlar\u0131n \u00f6z iqtisadi h\u00fcquqlar\u0131 haqq\u0131nda maarifl\u0259ndirilm\u0259si v\u0259 sosial sahibkarl\u0131\u011fa c\u0259lb olunaraq m\u0259\u015f\u011fulluqlar\u0131n\u0131n art\u0131r\u0131lmas\u0131d\u0131r. \u00dcmumilikd\u0259 3 fazaya b\u00f6l\u00fcn\u0259n layih\u0259nin ilk fazas\u0131 i\u015ftirak\u00e7\u0131lar\u0131n cari imkanlar haqq\u0131nda maarifl\u0259ndirm\u0259 sessiyalar\u0131n\u0131 \u0259hat\u0259 edib. \u0130kinci faza sosial sahibkarl\u0131q t\u0259liml\u0259rini, \u00fc\u00e7\u00fcnc\u00fc faza is\u0259&hellip;<\/p>\n","protected":false},"author":2,"featured_media":441038,"comment_status":"closed","ping_status":"closed","sticky":false,"template":"","format":"standard","meta":{"om_disable_all_campaigns":false,"_monsterinsights_skip_tracking":false,"_monsterinsights_sitenote_active":false,"_monsterinsights_sitenote_note":"","_monsterinsights_sitenote_category":0},"categories":[1],"tags":[],"aioseo_notices":[],"gutentor_comment":0,"rttpg_featured_image_url":{"full":["https:\/\/arantv.az\/wp-content\/uploads\/2022\/02\/FotoJet-2022-02-19T112949.536.jpg",620,413,false],"landscape":["https:\/\/arantv.az\/wp-content\/uploads\/2022\/02\/FotoJet-2022-02-19T112949.536.jpg",620,413,false],"portraits":["https:\/\/arantv.az\/wp-content\/uploads\/2022\/02\/FotoJet-2022-02-19T112949.536.jpg",620,413,false],"thumbnail":["https:\/\/arantv.az\/wp-content\/uploads\/2022\/02\/FotoJet-2022-02-19T112949.536-500x280.jpg",500,280,true],"medium":["https:\/\/arantv.az\/wp-content\/uploads\/2022\/02\/FotoJet-2022-02-19T112949.536-548x365.jpg",548,365,true],"large":["https:\/\/arantv.az\/wp-content\/uploads\/2022\/02\/FotoJet-2022-02-19T112949.536.jpg",620,413,false],"1536x1536":["https:\/\/arantv.az\/wp-content\/uploads\/2022\/02\/FotoJet-2022-02-19T112949.536.jpg",620,413,false],"2048x2048":["https:\/\/arantv.az\/wp-content\/uploads\/2022\/02\/FotoJet-2022-02-19T112949.536.jpg",620,413,false],"post-thumbnail":["https:\/\/arantv.az\/wp-content\/uploads\/2022\/02\/FotoJet-2022-02-19T112949.536-240x172.jpg",240,172,true],"advps-thumb-one":["https:\/\/arantv.az\/wp-content\/uploads\/2022\/02\/FotoJet-2022-02-19T112949.536.jpg",620,413,false]},"rttpg_author":{"display_name":"V\u00fcsal Rafiqo\u011flu","author_link":"https:\/\/arantv.az\/?author=2"},"rttpg_comment":0,"rttpg_category":"<a href=\"https:\/\/arantv.az\/?cat=1\" rel=\"category\">C\u0259miyy\u0259t<\/a>","rttpg_excerpt":"Yerli T\u0259\u015f\u0259bb\u00fcsl\u0259r \u00fc\u00e7\u00fcn Kanada Fondu proqram\u0131 \u00e7\u0259r\u00e7iv\u0259sind\u0259 Kanadan\u0131n T\u00fcrkiy\u0259d\u0259ki s\u0259firliyinin maliyy\u0259 d\u0259st\u0259yi v\u0259 Az\u0259rbaycan Respublikas\u0131 G\u0259ncl\u0259r T\u0259\u015fkilatlar\u0131 Milli \u015euras\u0131n\u0131n t\u0259\u015fkilat\u00e7\u0131l\u0131\u011f\u0131 il\u0259 \u201cAz\u0259rbaycan\u0131n sosial-iqtisadi c\u0259h\u0259td\u0259n \u0259lveri\u015fsiz b\u00f6lg\u0259l\u0259rind\u0259 ya\u015fayan qad\u0131n v\u0259 q\u0131zlar\u0131n m\u0259\u015f\u011fulluq imkanlar\u0131n\u0131n art\u0131r\u0131lmas\u0131\u201d layih\u0259si \u00e7\u0259r\u00e7iv\u0259sind\u0259 Lerik rayonunda t\u0259liml\u0259r\u0259 start verilib. Layih\u0259nin h\u0259yata ke\u00e7irilm\u0259sind\u0259 \u0259sas m\u0259qs\u0259d Az\u0259rbaycan\u0131n regionlar\u0131nda imkanlara \u00e7\u0131x\u0131\u015f\u0131 olmayan g\u0259nc qad\u0131nlar\u0131n, q\u0131zlar\u0131n v\u0259 o\u011flanlar\u0131n&hellip;","_links":{"self":[{"href":"https:\/\/arantv.az\/index.php?rest_route=\/wp\/v2\/posts\/441037"}],"collection":[{"href":"https:\/\/arantv.az\/index.php?rest_route=\/wp\/v2\/posts"}],"about":[{"href":"https:\/\/arantv.az\/index.php?rest_route=\/wp\/v2\/types\/post"}],"author":[{"embeddable":true,"href":"https:\/\/arantv.az\/index.php?rest_route=\/wp\/v2\/users\/2"}],"replies":[{"embeddable":true,"href":"https:\/\/arantv.az\/index.php?rest_route=%2Fwp%2Fv2%2Fcomments&post=441037"}],"version-history":[{"count":0,"href":"https:\/\/arantv.az\/index.php?rest_route=\/wp\/v2\/posts\/441037\/revisions"}],"wp:featuredmedia":[{"embeddable":true,"href":"https:\/\/arantv.az\/index.php?rest_route=\/wp\/v2\/media\/441038"}],"wp:attachment":[{"href":"https:\/\/arantv.az\/index.php?rest_route=%2Fwp%2Fv2%2Fmedia&parent=441037"}],"wp:term":[{"taxonomy":"category","embeddable":true,"href":"https:\/\/arantv.az\/index.php?rest_route=%2Fwp%2Fv2%2Fcategories&post=441037"},{"taxonomy":"post_tag","embeddable":true,"href":"https:\/\/arantv.az\/index.php?rest_route=%2Fwp%2Fv2%2Ftags&post=441037"}],"curies":[{"name":"wp","href":"https:\/\/api.w.org\/{rel}","templated":true}]}}