{"id":441041,"date":"2022-02-19T11:48:05","date_gmt":"2022-02-19T08:48:05","guid":{"rendered":"http:\/\/arantv.az\/?p=441041"},"modified":"2022-02-19T11:48:05","modified_gmt":"2022-02-19T08:48:05","slug":"turkiy%c9%99d%c9%99-turistl%c9%99rl%c9%99-dolu-avtobus-asdi-ol%c9%99nl%c9%99r-var-video","status":"publish","type":"post","link":"https:\/\/arantv.az\/?p=441041","title":{"rendered":"T\u00fcrkiy\u0259d\u0259 turistl\u0259rl\u0259 dolu avtobus a\u015fd\u0131: \u00d6l\u0259nl\u0259r var &#8211; V\u0130DEO"},"content":{"rendered":"<p>T\u00fcrkiy\u0259nin Konya \u015f\u0259h\u0259rind\u0259 tur avtobusunun a\u015fmas\u0131 n\u0259tic\u0259sind\u0259 5 n\u0259f\u0259r h\u0259lak olub, 26 n\u0259f\u0259r yaralan\u0131b.<\/p>\n<div class=\"AdviadNativeVideo\"><\/div>\n<p>Hadis\u0259 yerin\u0259 t\u0259cili tibbi yard\u0131m, xilasetm\u0259 v\u0259 h\u00fcquq-m\u00fchafiz\u0259 orqanlar\u0131n\u0131n \u0259m\u0259kda\u015flar\u0131\u00a0c\u0259lb edilib.<\/p>\n<p>Q\u0259zaya s\u0259b\u0259b qarl\u0131 yolda s\u00fcr\u00fcc\u00fcn\u00fcn idar\u0259etm\u0259ni itirm\u0259si olub.<\/p>\n<div><iframe loading=\"lazy\" src=\"https:\/\/player.baku.tv\/embed\/50585\" width=\"560\" height=\"315\" frameborder=\"0\" allowfullscreen=\"allowfullscreen\" data-mce-fragment=\"1\"><\/iframe><\/div>\n<p>M\u0259nb\u0259: A Haber<\/p>\n","protected":false},"excerpt":{"rendered":"<p>T\u00fcrkiy\u0259nin Konya \u015f\u0259h\u0259rind\u0259 tur avtobusunun a\u015fmas\u0131 n\u0259tic\u0259sind\u0259 5 n\u0259f\u0259r h\u0259lak olub, 26 n\u0259f\u0259r yaralan\u0131b. Hadis\u0259 yerin\u0259 t\u0259cili tibbi yard\u0131m, xilasetm\u0259 v\u0259 h\u00fcquq-m\u00fchafiz\u0259 orqanlar\u0131n\u0131n \u0259m\u0259kda\u015flar\u0131\u00a0c\u0259lb edilib. Q\u0259zaya s\u0259b\u0259b qarl\u0131 yolda s\u00fcr\u00fcc\u00fcn\u00fcn idar\u0259etm\u0259ni itirm\u0259si olub. M\u0259nb\u0259: A Haber<\/p>\n","protected":false},"author":2,"featured_media":441042,"comment_status":"closed","ping_status":"closed","sticky":false,"template":"","format":"standard","meta":{"om_disable_all_campaigns":false,"_monsterinsights_skip_tracking":false,"_monsterinsights_sitenote_active":false,"_monsterinsights_sitenote_note":"","_monsterinsights_sitenote_category":0},"categories":[7],"tags":[],"aioseo_notices":[],"gutentor_comment":0,"rttpg_featured_image_url":{"full":["https:\/\/arantv.az\/wp-content\/uploads\/2022\/02\/273946854_474552761040126_2226290146052859403_n.jpg",620,395,false],"landscape":["https:\/\/arantv.az\/wp-content\/uploads\/2022\/02\/273946854_474552761040126_2226290146052859403_n.jpg",620,395,false],"portraits":["https:\/\/arantv.az\/wp-content\/uploads\/2022\/02\/273946854_474552761040126_2226290146052859403_n.jpg",620,395,false],"thumbnail":["https:\/\/arantv.az\/wp-content\/uploads\/2022\/02\/273946854_474552761040126_2226290146052859403_n-500x280.jpg",500,280,true],"medium":["https:\/\/arantv.az\/wp-content\/uploads\/2022\/02\/273946854_474552761040126_2226290146052859403_n-573x365.jpg",573,365,true],"large":["https:\/\/arantv.az\/wp-content\/uploads\/2022\/02\/273946854_474552761040126_2226290146052859403_n.jpg",620,395,false],"1536x1536":["https:\/\/arantv.az\/wp-content\/uploads\/2022\/02\/273946854_474552761040126_2226290146052859403_n.jpg",620,395,false],"2048x2048":["https:\/\/arantv.az\/wp-content\/uploads\/2022\/02\/273946854_474552761040126_2226290146052859403_n.jpg",620,395,false],"post-thumbnail":["https:\/\/arantv.az\/wp-content\/uploads\/2022\/02\/273946854_474552761040126_2226290146052859403_n-240x172.jpg",240,172,true],"advps-thumb-one":["https:\/\/arantv.az\/wp-content\/uploads\/2022\/02\/273946854_474552761040126_2226290146052859403_n.jpg",620,395,false]},"rttpg_author":{"display_name":"V\u00fcsal Rafiqo\u011flu","author_link":"https:\/\/arantv.az\/?author=2"},"rttpg_comment":0,"rttpg_category":"<a href=\"https:\/\/arantv.az\/?cat=7\" rel=\"category\">D\u00fcnya<\/a>","rttpg_excerpt":"T\u00fcrkiy\u0259nin Konya \u015f\u0259h\u0259rind\u0259 tur avtobusunun a\u015fmas\u0131 n\u0259tic\u0259sind\u0259 5 n\u0259f\u0259r h\u0259lak olub, 26 n\u0259f\u0259r yaralan\u0131b. Hadis\u0259 yerin\u0259 t\u0259cili tibbi yard\u0131m, xilasetm\u0259 v\u0259 h\u00fcquq-m\u00fchafiz\u0259 orqanlar\u0131n\u0131n \u0259m\u0259kda\u015flar\u0131\u00a0c\u0259lb edilib. Q\u0259zaya s\u0259b\u0259b qarl\u0131 yolda s\u00fcr\u00fcc\u00fcn\u00fcn idar\u0259etm\u0259ni itirm\u0259si olub. M\u0259nb\u0259: A Haber","_links":{"self":[{"href":"https:\/\/arantv.az\/index.php?rest_route=\/wp\/v2\/posts\/441041"}],"collection":[{"href":"https:\/\/arantv.az\/index.php?rest_route=\/wp\/v2\/posts"}],"about":[{"href":"https:\/\/arantv.az\/index.php?rest_route=\/wp\/v2\/types\/post"}],"author":[{"embeddable":true,"href":"https:\/\/arantv.az\/index.php?rest_route=\/wp\/v2\/users\/2"}],"replies":[{"embeddable":true,"href":"https:\/\/arantv.az\/index.php?rest_route=%2Fwp%2Fv2%2Fcomments&post=441041"}],"version-history":[{"count":0,"href":"https:\/\/arantv.az\/index.php?rest_route=\/wp\/v2\/posts\/441041\/revisions"}],"wp:featuredmedia":[{"embeddable":true,"href":"https:\/\/arantv.az\/index.php?rest_route=\/wp\/v2\/media\/441042"}],"wp:attachment":[{"href":"https:\/\/arantv.az\/index.php?rest_route=%2Fwp%2Fv2%2Fmedia&parent=441041"}],"wp:term":[{"taxonomy":"category","embeddable":true,"href":"https:\/\/arantv.az\/index.php?rest_route=%2Fwp%2Fv2%2Fcategories&post=441041"},{"taxonomy":"post_tag","embeddable":true,"href":"https:\/\/arantv.az\/index.php?rest_route=%2Fwp%2Fv2%2Ftags&post=441041"}],"curies":[{"name":"wp","href":"https:\/\/api.w.org\/{rel}","templated":true}]}}