{"id":441046,"date":"2022-02-19T11:49:53","date_gmt":"2022-02-19T08:49:53","guid":{"rendered":"http:\/\/arantv.az\/?p=441046"},"modified":"2022-02-19T11:49:53","modified_gmt":"2022-02-19T08:49:53","slug":"yeniyetm%c9%99-qizin-m%c9%99cburi-nisanlandirilmasi-il%c9%99-bagli-goruntul%c9%99r-yayildi-din-d%c9%99n-reaksiya-video","status":"publish","type":"post","link":"https:\/\/arantv.az\/?p=441046","title":{"rendered":"Yeniyetm\u0259 q\u0131z\u0131n m\u0259cburi ni\u015fanland\u0131r\u0131lmas\u0131 il\u0259 ba\u011fl\u0131 g\u00f6r\u00fcnt\u00fcl\u0259r yay\u0131ld\u0131: D\u0130N-d\u0259n REAKS\u0130YA &#8211; V\u0130DEO"},"content":{"rendered":"<article class=\"news\">\n<div class=\"news-inner\">\n<p>Az\u0259rbaycanda yetkinlik ya\u015f\u0131na \u00e7atmayan q\u0131z\u0131n ni\u015fanland\u0131r\u0131lmas\u0131 il\u0259 ba\u011fl\u0131 video yay\u0131l\u0131b.<\/p>\n<div class=\"AdviadNativeVideo\"><\/div>\n<p>Videoya yaz\u0131lan \u015f\u0259rhl\u0259rd\u0259 b\u0259zi insanlar h\u0259min videonun B\u0259rd\u0259 rayonunun So\u011fanverdi k\u0259ndind\u0259, b\u0259zil\u0259ri is\u0259 G\u00fcrc\u00fcstanda \u00e7\u0259kildiyini iddia edib.<\/p>\n<p>M\u0259s\u0259l\u0259 il\u0259 ba\u011fl\u0131 Daxili \u0130\u015fl\u0259r Nazirliyind\u0259n bildirilib ki,\u00a0h\u0259min videonun B\u0259rd\u0259 rayon So\u011fanverdi k\u0259ndind\u0259 \u00e7\u0259kilm\u0259si il\u0259 ba\u011fl\u0131 iddialar yoxlan\u0131l\u0131b, t\u0259sdiqini tapmay\u0131b.<\/p>\n<p>Ara\u015fd\u0131rma davam etdirilir.<\/p>\n<div><iframe loading=\"lazy\" src=\"https:\/\/player.baku.tv\/embed\/50586\" width=\"560\" height=\"315\" frameborder=\"0\" allowfullscreen=\"allowfullscreen\" data-mce-fragment=\"1\"><\/iframe><\/div>\n<\/div>\n<\/article>\n","protected":false},"excerpt":{"rendered":"<p>Az\u0259rbaycanda yetkinlik ya\u015f\u0131na \u00e7atmayan q\u0131z\u0131n ni\u015fanland\u0131r\u0131lmas\u0131 il\u0259 ba\u011fl\u0131 video yay\u0131l\u0131b. Videoya yaz\u0131lan \u015f\u0259rhl\u0259rd\u0259 b\u0259zi insanlar h\u0259min videonun B\u0259rd\u0259 rayonunun So\u011fanverdi k\u0259ndind\u0259, b\u0259zil\u0259ri is\u0259 G\u00fcrc\u00fcstanda \u00e7\u0259kildiyini iddia edib. M\u0259s\u0259l\u0259 il\u0259 ba\u011fl\u0131 Daxili \u0130\u015fl\u0259r Nazirliyind\u0259n bildirilib ki,\u00a0h\u0259min videonun B\u0259rd\u0259 rayon So\u011fanverdi k\u0259ndind\u0259 \u00e7\u0259kilm\u0259si il\u0259 ba\u011fl\u0131 iddialar yoxlan\u0131l\u0131b, t\u0259sdiqini tapmay\u0131b. Ara\u015fd\u0131rma davam etdirilir.<\/p>\n","protected":false},"author":2,"featured_media":441047,"comment_status":"closed","ping_status":"closed","sticky":false,"template":"","format":"standard","meta":{"om_disable_all_campaigns":false,"_monsterinsights_skip_tracking":false,"_monsterinsights_sitenote_active":false,"_monsterinsights_sitenote_note":"","_monsterinsights_sitenote_category":0},"categories":[1],"tags":[],"aioseo_notices":[],"gutentor_comment":0,"rttpg_featured_image_url":{"full":["https:\/\/arantv.az\/wp-content\/uploads\/2022\/02\/0318a8a9-7c39-4323-beef-ef98927c8c5b.jpg",620,413,false],"landscape":["https:\/\/arantv.az\/wp-content\/uploads\/2022\/02\/0318a8a9-7c39-4323-beef-ef98927c8c5b.jpg",620,413,false],"portraits":["https:\/\/arantv.az\/wp-content\/uploads\/2022\/02\/0318a8a9-7c39-4323-beef-ef98927c8c5b.jpg",620,413,false],"thumbnail":["https:\/\/arantv.az\/wp-content\/uploads\/2022\/02\/0318a8a9-7c39-4323-beef-ef98927c8c5b-500x280.jpg",500,280,true],"medium":["https:\/\/arantv.az\/wp-content\/uploads\/2022\/02\/0318a8a9-7c39-4323-beef-ef98927c8c5b-548x365.jpg",548,365,true],"large":["https:\/\/arantv.az\/wp-content\/uploads\/2022\/02\/0318a8a9-7c39-4323-beef-ef98927c8c5b.jpg",620,413,false],"1536x1536":["https:\/\/arantv.az\/wp-content\/uploads\/2022\/02\/0318a8a9-7c39-4323-beef-ef98927c8c5b.jpg",620,413,false],"2048x2048":["https:\/\/arantv.az\/wp-content\/uploads\/2022\/02\/0318a8a9-7c39-4323-beef-ef98927c8c5b.jpg",620,413,false],"post-thumbnail":["https:\/\/arantv.az\/wp-content\/uploads\/2022\/02\/0318a8a9-7c39-4323-beef-ef98927c8c5b-240x172.jpg",240,172,true],"advps-thumb-one":["https:\/\/arantv.az\/wp-content\/uploads\/2022\/02\/0318a8a9-7c39-4323-beef-ef98927c8c5b.jpg",620,413,false]},"rttpg_author":{"display_name":"V\u00fcsal Rafiqo\u011flu","author_link":"https:\/\/arantv.az\/?author=2"},"rttpg_comment":0,"rttpg_category":"<a href=\"https:\/\/arantv.az\/?cat=1\" rel=\"category\">C\u0259miyy\u0259t<\/a>","rttpg_excerpt":"Az\u0259rbaycanda yetkinlik ya\u015f\u0131na \u00e7atmayan q\u0131z\u0131n ni\u015fanland\u0131r\u0131lmas\u0131 il\u0259 ba\u011fl\u0131 video yay\u0131l\u0131b. Videoya yaz\u0131lan \u015f\u0259rhl\u0259rd\u0259 b\u0259zi insanlar h\u0259min videonun B\u0259rd\u0259 rayonunun So\u011fanverdi k\u0259ndind\u0259, b\u0259zil\u0259ri is\u0259 G\u00fcrc\u00fcstanda \u00e7\u0259kildiyini iddia edib. M\u0259s\u0259l\u0259 il\u0259 ba\u011fl\u0131 Daxili \u0130\u015fl\u0259r Nazirliyind\u0259n bildirilib ki,\u00a0h\u0259min videonun B\u0259rd\u0259 rayon So\u011fanverdi k\u0259ndind\u0259 \u00e7\u0259kilm\u0259si il\u0259 ba\u011fl\u0131 iddialar yoxlan\u0131l\u0131b, t\u0259sdiqini tapmay\u0131b. Ara\u015fd\u0131rma davam etdirilir.","_links":{"self":[{"href":"https:\/\/arantv.az\/index.php?rest_route=\/wp\/v2\/posts\/441046"}],"collection":[{"href":"https:\/\/arantv.az\/index.php?rest_route=\/wp\/v2\/posts"}],"about":[{"href":"https:\/\/arantv.az\/index.php?rest_route=\/wp\/v2\/types\/post"}],"author":[{"embeddable":true,"href":"https:\/\/arantv.az\/index.php?rest_route=\/wp\/v2\/users\/2"}],"replies":[{"embeddable":true,"href":"https:\/\/arantv.az\/index.php?rest_route=%2Fwp%2Fv2%2Fcomments&post=441046"}],"version-history":[{"count":0,"href":"https:\/\/arantv.az\/index.php?rest_route=\/wp\/v2\/posts\/441046\/revisions"}],"wp:featuredmedia":[{"embeddable":true,"href":"https:\/\/arantv.az\/index.php?rest_route=\/wp\/v2\/media\/441047"}],"wp:attachment":[{"href":"https:\/\/arantv.az\/index.php?rest_route=%2Fwp%2Fv2%2Fmedia&parent=441046"}],"wp:term":[{"taxonomy":"category","embeddable":true,"href":"https:\/\/arantv.az\/index.php?rest_route=%2Fwp%2Fv2%2Fcategories&post=441046"},{"taxonomy":"post_tag","embeddable":true,"href":"https:\/\/arantv.az\/index.php?rest_route=%2Fwp%2Fv2%2Ftags&post=441046"}],"curies":[{"name":"wp","href":"https:\/\/api.w.org\/{rel}","templated":true}]}}