{"id":441055,"date":"2022-02-19T11:52:47","date_gmt":"2022-02-19T08:52:47","guid":{"rendered":"http:\/\/arantv.az\/?p=441055"},"modified":"2022-02-19T11:52:47","modified_gmt":"2022-02-19T08:52:47","slug":"yeni-icra-bascilari-kollektiv%c9%99-t%c9%99qdim-edilib","status":"publish","type":"post","link":"https:\/\/arantv.az\/?p=441055","title":{"rendered":"Yeni icra ba\u015f\u00e7\u0131lar\u0131 kollektiv\u0259 t\u0259qdim edilib"},"content":{"rendered":"<p>Bak\u0131 \u015f\u0259h\u0259ri Nizami Rayon \u0130cra Hakimiyy\u0259tinin yeni ba\u015f\u00e7\u0131s\u0131 Co\u015fqun C\u0259bray\u0131lov, N\u0259rimanov Rayon \u0130cra Hakimiyy\u0259tinin ba\u015f\u00e7\u0131s\u0131 Elgin H\u0259bibullayev v\u0259 K\u00fcrd\u0259mir Rayon \u0130cra Hakimiyy\u0259tinin ba\u015f\u00e7\u0131s\u0131 Elxan \u0130brahimov kollektiv\u0259 t\u0259qdim edilib.<\/p>\n<p><strong>ARANTV.AZ<\/strong> x\u0259b\u0259r verir ki, icra ba\u015f\u00e7\u0131lar\u0131n\u0131 kollektiv\u0259 Az\u0259rbaycan Prezidentinin k\u00f6m\u0259k\u00e7isi \u2013 \u018frazi-t\u0259\u015fkilat m\u0259s\u0259l\u0259l\u0259ri \u015f\u00f6b\u0259sinin m\u00fcdiri Zeynal Na\u011fd\u0259liyev t\u0259qdim edib.<\/p>\n<p>T\u0259dbirl\u0259rd\u0259 rayon ictimaiyy\u0259tinin n\u00fcmay\u0259nd\u0259l\u0259ri i\u015ftirak edibl\u0259r. Z.Na\u011fd\u0259liyev t\u0259qdimatlarda \u00e7\u0131x\u0131\u015f edib v\u0259 d\u00f6vl\u0259t ba\u015f\u00e7\u0131s\u0131n\u0131n tap\u015f\u0131r\u0131q v\u0259 t\u00f6vsiy\u0259l\u0259rini \u00e7atd\u0131r\u0131b.<\/p>\n<p>Yeni icra ba\u015f\u00e7\u0131lar\u0131 onlara g\u00f6st\u0259ril\u0259n etimada g\u00f6r\u0259 minn\u0259tdarl\u0131\u011f\u0131n\u0131 bildiribl\u0259r.<\/p>\n","protected":false},"excerpt":{"rendered":"<p>Bak\u0131 \u015f\u0259h\u0259ri Nizami Rayon \u0130cra Hakimiyy\u0259tinin yeni ba\u015f\u00e7\u0131s\u0131 Co\u015fqun C\u0259bray\u0131lov, N\u0259rimanov Rayon \u0130cra Hakimiyy\u0259tinin ba\u015f\u00e7\u0131s\u0131 Elgin H\u0259bibullayev v\u0259 K\u00fcrd\u0259mir Rayon \u0130cra Hakimiyy\u0259tinin ba\u015f\u00e7\u0131s\u0131 Elxan \u0130brahimov kollektiv\u0259 t\u0259qdim edilib. ARANTV.AZ x\u0259b\u0259r verir ki, icra ba\u015f\u00e7\u0131lar\u0131n\u0131 kollektiv\u0259 Az\u0259rbaycan Prezidentinin k\u00f6m\u0259k\u00e7isi \u2013 \u018frazi-t\u0259\u015fkilat m\u0259s\u0259l\u0259l\u0259ri \u015f\u00f6b\u0259sinin m\u00fcdiri Zeynal Na\u011fd\u0259liyev t\u0259qdim edib. T\u0259dbirl\u0259rd\u0259 rayon ictimaiyy\u0259tinin n\u00fcmay\u0259nd\u0259l\u0259ri i\u015ftirak edibl\u0259r. Z.Na\u011fd\u0259liyev t\u0259qdimatlarda \u00e7\u0131x\u0131\u015f edib v\u0259 d\u00f6vl\u0259t ba\u015f\u00e7\u0131s\u0131n\u0131n tap\u015f\u0131r\u0131q v\u0259 t\u00f6vsiy\u0259l\u0259rini \u00e7atd\u0131r\u0131b. Yeni icra ba\u015f\u00e7\u0131lar\u0131 onlara g\u00f6st\u0259ril\u0259n etimada g\u00f6r\u0259 minn\u0259tdarl\u0131\u011f\u0131n\u0131 bildiribl\u0259r.<\/p>\n","protected":false},"author":2,"featured_media":441056,"comment_status":"closed","ping_status":"closed","sticky":false,"template":"","format":"standard","meta":{"om_disable_all_campaigns":false,"_monsterinsights_skip_tracking":false,"_monsterinsights_sitenote_active":false,"_monsterinsights_sitenote_note":"","_monsterinsights_sitenote_category":0},"categories":[1],"tags":[],"aioseo_notices":[],"gutentor_comment":0,"rttpg_featured_image_url":{"full":["https:\/\/arantv.az\/wp-content\/uploads\/2022\/02\/9e6a921f164525770616816716110058910.jpg",975,540,false],"landscape":["https:\/\/arantv.az\/wp-content\/uploads\/2022\/02\/9e6a921f164525770616816716110058910.jpg",975,540,false],"portraits":["https:\/\/arantv.az\/wp-content\/uploads\/2022\/02\/9e6a921f164525770616816716110058910.jpg",975,540,false],"thumbnail":["https:\/\/arantv.az\/wp-content\/uploads\/2022\/02\/9e6a921f164525770616816716110058910-500x280.jpg",500,280,true],"medium":["https:\/\/arantv.az\/wp-content\/uploads\/2022\/02\/9e6a921f164525770616816716110058910-660x365.jpg",660,365,true],"large":["https:\/\/arantv.az\/wp-content\/uploads\/2022\/02\/9e6a921f164525770616816716110058910-840x465.jpg",640,354,true],"1536x1536":["https:\/\/arantv.az\/wp-content\/uploads\/2022\/02\/9e6a921f164525770616816716110058910.jpg",975,540,false],"2048x2048":["https:\/\/arantv.az\/wp-content\/uploads\/2022\/02\/9e6a921f164525770616816716110058910.jpg",975,540,false],"post-thumbnail":["https:\/\/arantv.az\/wp-content\/uploads\/2022\/02\/9e6a921f164525770616816716110058910-240x172.jpg",240,172,true],"advps-thumb-one":["https:\/\/arantv.az\/wp-content\/uploads\/2022\/02\/9e6a921f164525770616816716110058910.jpg",975,540,false]},"rttpg_author":{"display_name":"V\u00fcsal Rafiqo\u011flu","author_link":"https:\/\/arantv.az\/?author=2"},"rttpg_comment":0,"rttpg_category":"<a href=\"https:\/\/arantv.az\/?cat=1\" rel=\"category\">C\u0259miyy\u0259t<\/a>","rttpg_excerpt":"Bak\u0131 \u015f\u0259h\u0259ri Nizami Rayon \u0130cra Hakimiyy\u0259tinin yeni ba\u015f\u00e7\u0131s\u0131 Co\u015fqun C\u0259bray\u0131lov, N\u0259rimanov Rayon \u0130cra Hakimiyy\u0259tinin ba\u015f\u00e7\u0131s\u0131 Elgin H\u0259bibullayev v\u0259 K\u00fcrd\u0259mir Rayon \u0130cra Hakimiyy\u0259tinin ba\u015f\u00e7\u0131s\u0131 Elxan \u0130brahimov kollektiv\u0259 t\u0259qdim edilib. ARANTV.AZ x\u0259b\u0259r verir ki, icra ba\u015f\u00e7\u0131lar\u0131n\u0131 kollektiv\u0259 Az\u0259rbaycan Prezidentinin k\u00f6m\u0259k\u00e7isi \u2013 \u018frazi-t\u0259\u015fkilat m\u0259s\u0259l\u0259l\u0259ri \u015f\u00f6b\u0259sinin m\u00fcdiri Zeynal Na\u011fd\u0259liyev t\u0259qdim edib. T\u0259dbirl\u0259rd\u0259 rayon ictimaiyy\u0259tinin n\u00fcmay\u0259nd\u0259l\u0259ri i\u015ftirak edibl\u0259r. Z.Na\u011fd\u0259liyev t\u0259qdimatlarda&hellip;","_links":{"self":[{"href":"https:\/\/arantv.az\/index.php?rest_route=\/wp\/v2\/posts\/441055"}],"collection":[{"href":"https:\/\/arantv.az\/index.php?rest_route=\/wp\/v2\/posts"}],"about":[{"href":"https:\/\/arantv.az\/index.php?rest_route=\/wp\/v2\/types\/post"}],"author":[{"embeddable":true,"href":"https:\/\/arantv.az\/index.php?rest_route=\/wp\/v2\/users\/2"}],"replies":[{"embeddable":true,"href":"https:\/\/arantv.az\/index.php?rest_route=%2Fwp%2Fv2%2Fcomments&post=441055"}],"version-history":[{"count":0,"href":"https:\/\/arantv.az\/index.php?rest_route=\/wp\/v2\/posts\/441055\/revisions"}],"wp:featuredmedia":[{"embeddable":true,"href":"https:\/\/arantv.az\/index.php?rest_route=\/wp\/v2\/media\/441056"}],"wp:attachment":[{"href":"https:\/\/arantv.az\/index.php?rest_route=%2Fwp%2Fv2%2Fmedia&parent=441055"}],"wp:term":[{"taxonomy":"category","embeddable":true,"href":"https:\/\/arantv.az\/index.php?rest_route=%2Fwp%2Fv2%2Fcategories&post=441055"},{"taxonomy":"post_tag","embeddable":true,"href":"https:\/\/arantv.az\/index.php?rest_route=%2Fwp%2Fv2%2Ftags&post=441055"}],"curies":[{"name":"wp","href":"https:\/\/api.w.org\/{rel}","templated":true}]}}