{"id":441058,"date":"2022-02-19T11:54:04","date_gmt":"2022-02-19T08:54:04","guid":{"rendered":"http:\/\/arantv.az\/?p=441058"},"modified":"2022-02-19T11:54:04","modified_gmt":"2022-02-19T08:54:04","slug":"yap-s%c9%99mkir-rayon-t%c9%99skilati-%c9%99razi-partiya-t%c9%99skilatlarinda-hesabat-secki-yigincaqlari-davam-edir","status":"publish","type":"post","link":"https:\/\/arantv.az\/?p=441058","title":{"rendered":"YAP \u015e\u0259mkir rayon t\u0259\u015fkilat\u0131 \u0259razi partiya t\u0259\u015fkilatlar\u0131nda hesabat-se\u00e7ki y\u0131\u011f\u0131ncaqlar\u0131 davam edir"},"content":{"rendered":"<div class=\"content lead font-weight-normal\">\n<p>18 fevral\u00a0 2022- ci il tarixd\u0259 Yeni Az\u0259rbaycan Partiyas\u0131 \u015e\u0259mkir rayon t\u0259\u015fkilat\u0131n\u0131n n\u00f6vb\u0259ti hesabat-se\u00e7ki y\u0131\u011f\u0131nca\u011f\u0131 \u015e\u0259mkir Rayon \u0130cra Hakimiyy\u0259ti \u018frazi partiya t\u0259\u015fkilat\u0131nda ke\u00e7irilib.<\/p>\n<p><strong>ARANTV.AZ<\/strong> x\u0259b\u0259r verir ki, \u018fvv\u0259lc\u0259 xalq\u0131m\u0131z\u0131n \u00fcmummilli lideri Heyd\u0259r \u018fliyevin v\u0259 torpaqlar\u0131m\u0131z\u0131n \u0259razi b\u00fct\u00f6vl\u00fcy\u00fc u\u011frunda can\u0131ndan ke\u00e7\u0259n \u015f\u0259hidl\u0259rimizin \u0259ziz xatir\u0259si bir d\u0259qiq\u0259lik s\u00fckutla yad edilib.<\/p>\n<p>Daha sonra \u0259razi partiya t\u0259\u015fkilalat\u0131n\u0131n hesabat d\u00f6vr\u00fc \u0259rzind\u0259ki f\u0259aliyy\u0259tl\u0259ri bar\u0259d\u0259 hesabat m\u0259ruz\u0259si dinl\u0259nilib. Hesabat m\u0259ruz\u0259si \u0259traf\u0131nda \u00e7\u0131x\u0131\u015f ed\u0259nl\u0259r t\u0259\u015fkilat\u0131n f\u0259aliyy\u0259tini q\u0259na\u0259tb\u0259x\u015f qiym\u0259tl\u0259ndiribl\u0259r.<\/p>\n<p>Y\u0131\u011f\u0131ncaqda t\u0259\u015fkilati m\u0259s\u0259l\u0259l\u0259r\u0259 d\u0259 bax\u0131l\u0131b. \u015e\u0259mkir Rayon \u0130cra Hakimiyy\u0259ti \u018frazi partiya t\u0259\u015fkilat\u0131na Rasim Mustafayev s\u0259dr, Tural \u018fliyev s\u0259dr m\u00fcavini se\u00e7ilibl\u0259r.<\/p>\n<p>YAP \u015e\u0259mkir rayon t\u0259\u015fkilat\u0131n\u0131n s\u0259dri F\u0259xr\u0259ddin V\u0259liyev \u0259razi partiya t\u0259\u015fkilat\u0131na yeni se\u00e7il\u0259n s\u0259dr v\u0259 m\u00fcavini t\u0259brik ed\u0259r\u0259k onlara u\u011furlar arzulay\u0131b. Onlar\u0131 partiyan\u0131n f\u0259aliyy\u0259tind\u0259 aktiv i\u015ftirak etm\u0259y\u0259 \u00e7a\u011f\u0131r\u0131b.<\/p>\n<div class=\"clearfix\"><\/div>\n<\/div>\n","protected":false},"excerpt":{"rendered":"<p>18 fevral\u00a0 2022- ci il tarixd\u0259 Yeni Az\u0259rbaycan Partiyas\u0131 \u015e\u0259mkir rayon t\u0259\u015fkilat\u0131n\u0131n n\u00f6vb\u0259ti hesabat-se\u00e7ki y\u0131\u011f\u0131nca\u011f\u0131 \u015e\u0259mkir Rayon \u0130cra Hakimiyy\u0259ti \u018frazi partiya t\u0259\u015fkilat\u0131nda ke\u00e7irilib. ARANTV.AZ x\u0259b\u0259r verir ki, \u018fvv\u0259lc\u0259 xalq\u0131m\u0131z\u0131n \u00fcmummilli lideri Heyd\u0259r \u018fliyevin v\u0259 torpaqlar\u0131m\u0131z\u0131n \u0259razi b\u00fct\u00f6vl\u00fcy\u00fc u\u011frunda can\u0131ndan ke\u00e7\u0259n \u015f\u0259hidl\u0259rimizin \u0259ziz xatir\u0259si bir d\u0259qiq\u0259lik s\u00fckutla yad edilib. Daha sonra \u0259razi partiya t\u0259\u015fkilalat\u0131n\u0131n hesabat d\u00f6vr\u00fc \u0259rzind\u0259ki f\u0259aliyy\u0259tl\u0259ri bar\u0259d\u0259 hesabat m\u0259ruz\u0259si dinl\u0259nilib. Hesabat m\u0259ruz\u0259si \u0259traf\u0131nda \u00e7\u0131x\u0131\u015f ed\u0259nl\u0259r t\u0259\u015fkilat\u0131n f\u0259aliyy\u0259tini q\u0259na\u0259tb\u0259x\u015f qiym\u0259tl\u0259ndiribl\u0259r. Y\u0131\u011f\u0131ncaqda t\u0259\u015fkilati m\u0259s\u0259l\u0259l\u0259r\u0259 d\u0259 bax\u0131l\u0131b. \u015e\u0259mkir Rayon \u0130cra Hakimiyy\u0259ti \u018frazi partiya t\u0259\u015fkilat\u0131na Rasim Mustafayev s\u0259dr, Tural \u018fliyev s\u0259dr m\u00fcavini se\u00e7ilibl\u0259r.&hellip;<\/p>\n","protected":false},"author":2,"featured_media":441059,"comment_status":"closed","ping_status":"closed","sticky":false,"template":"","format":"standard","meta":{"om_disable_all_campaigns":false,"_monsterinsights_skip_tracking":false,"_monsterinsights_sitenote_active":false,"_monsterinsights_sitenote_note":"","_monsterinsights_sitenote_category":0},"categories":[4],"tags":[],"aioseo_notices":[],"gutentor_comment":0,"rttpg_featured_image_url":{"full":["https:\/\/arantv.az\/wp-content\/uploads\/2022\/02\/9e9ed6d216452541982919495541007988.jpg",975,540,false],"landscape":["https:\/\/arantv.az\/wp-content\/uploads\/2022\/02\/9e9ed6d216452541982919495541007988.jpg",975,540,false],"portraits":["https:\/\/arantv.az\/wp-content\/uploads\/2022\/02\/9e9ed6d216452541982919495541007988.jpg",975,540,false],"thumbnail":["https:\/\/arantv.az\/wp-content\/uploads\/2022\/02\/9e9ed6d216452541982919495541007988-500x280.jpg",500,280,true],"medium":["https:\/\/arantv.az\/wp-content\/uploads\/2022\/02\/9e9ed6d216452541982919495541007988-660x365.jpg",660,365,true],"large":["https:\/\/arantv.az\/wp-content\/uploads\/2022\/02\/9e9ed6d216452541982919495541007988-840x465.jpg",640,354,true],"1536x1536":["https:\/\/arantv.az\/wp-content\/uploads\/2022\/02\/9e9ed6d216452541982919495541007988.jpg",975,540,false],"2048x2048":["https:\/\/arantv.az\/wp-content\/uploads\/2022\/02\/9e9ed6d216452541982919495541007988.jpg",975,540,false],"post-thumbnail":["https:\/\/arantv.az\/wp-content\/uploads\/2022\/02\/9e9ed6d216452541982919495541007988-240x172.jpg",240,172,true],"advps-thumb-one":["https:\/\/arantv.az\/wp-content\/uploads\/2022\/02\/9e9ed6d216452541982919495541007988.jpg",975,540,false]},"rttpg_author":{"display_name":"V\u00fcsal Rafiqo\u011flu","author_link":"https:\/\/arantv.az\/?author=2"},"rttpg_comment":0,"rttpg_category":"<a href=\"https:\/\/arantv.az\/?cat=4\" rel=\"category\">Siyas\u0259t<\/a>","rttpg_excerpt":"18 fevral\u00a0 2022- ci il tarixd\u0259 Yeni Az\u0259rbaycan Partiyas\u0131 \u015e\u0259mkir rayon t\u0259\u015fkilat\u0131n\u0131n n\u00f6vb\u0259ti hesabat-se\u00e7ki y\u0131\u011f\u0131nca\u011f\u0131 \u015e\u0259mkir Rayon \u0130cra Hakimiyy\u0259ti \u018frazi partiya t\u0259\u015fkilat\u0131nda ke\u00e7irilib. ARANTV.AZ x\u0259b\u0259r verir ki, \u018fvv\u0259lc\u0259 xalq\u0131m\u0131z\u0131n \u00fcmummilli lideri Heyd\u0259r \u018fliyevin v\u0259 torpaqlar\u0131m\u0131z\u0131n \u0259razi b\u00fct\u00f6vl\u00fcy\u00fc u\u011frunda can\u0131ndan ke\u00e7\u0259n \u015f\u0259hidl\u0259rimizin \u0259ziz xatir\u0259si bir d\u0259qiq\u0259lik s\u00fckutla yad edilib. Daha sonra \u0259razi partiya t\u0259\u015fkilalat\u0131n\u0131n hesabat d\u00f6vr\u00fc&hellip;","_links":{"self":[{"href":"https:\/\/arantv.az\/index.php?rest_route=\/wp\/v2\/posts\/441058"}],"collection":[{"href":"https:\/\/arantv.az\/index.php?rest_route=\/wp\/v2\/posts"}],"about":[{"href":"https:\/\/arantv.az\/index.php?rest_route=\/wp\/v2\/types\/post"}],"author":[{"embeddable":true,"href":"https:\/\/arantv.az\/index.php?rest_route=\/wp\/v2\/users\/2"}],"replies":[{"embeddable":true,"href":"https:\/\/arantv.az\/index.php?rest_route=%2Fwp%2Fv2%2Fcomments&post=441058"}],"version-history":[{"count":0,"href":"https:\/\/arantv.az\/index.php?rest_route=\/wp\/v2\/posts\/441058\/revisions"}],"wp:featuredmedia":[{"embeddable":true,"href":"https:\/\/arantv.az\/index.php?rest_route=\/wp\/v2\/media\/441059"}],"wp:attachment":[{"href":"https:\/\/arantv.az\/index.php?rest_route=%2Fwp%2Fv2%2Fmedia&parent=441058"}],"wp:term":[{"taxonomy":"category","embeddable":true,"href":"https:\/\/arantv.az\/index.php?rest_route=%2Fwp%2Fv2%2Fcategories&post=441058"},{"taxonomy":"post_tag","embeddable":true,"href":"https:\/\/arantv.az\/index.php?rest_route=%2Fwp%2Fv2%2Ftags&post=441058"}],"curies":[{"name":"wp","href":"https:\/\/api.w.org\/{rel}","templated":true}]}}