{"id":441084,"date":"2022-02-19T12:35:39","date_gmt":"2022-02-19T09:35:39","guid":{"rendered":"http:\/\/arantv.az\/?p=441084"},"modified":"2022-02-19T12:35:39","modified_gmt":"2022-02-19T09:35:39","slug":"xalqin-sevgi-v%c9%99-r%c9%99gb%c9%99tini-qazanmis-insan","status":"publish","type":"post","link":"https:\/\/arantv.az\/?p=441084","title":{"rendered":"Xalq\u0131n sevgi v\u0259 r\u0259\u011fb\u0259tini qazanm\u0131\u015f insan"},"content":{"rendered":"<p>Prezident \u0130lham \u018fliyevin 2017-ci il 21 fevral tarixind\u0259 imzalad\u0131\u011f\u0131 m\u00fcvafiq S\u0259r\u0259ncama \u0259sas\u0259n, Mehriban Arif q\u0131z\u0131 \u018fliyevan\u0131n Birinci vitse-prezident t\u0259yin olunmas\u0131 c\u0259miyy\u0259td\u0259 \u00e7ox y\u00fcks\u0259k d\u0259y\u0259rl\u0259ndirildi. Bu t\u0259yinat\u0131n arxas\u0131nda Mehriban xan\u0131m \u018fliyevan\u0131n d\u00f6vl\u0259t\u00e7ilik v\u0259 xalq\u0131n m\u0259nafeyi namin\u0259 uzun ill\u0259r boyu g\u00f6st\u0259rdiyi s\u0259m\u0259r\u0259li, m\u0259qs\u0259dy\u00f6nl\u00fc f\u0259aliyy\u0259t dayan\u0131rd\u0131. Ba\u015fqa s\u00f6zl\u0259, V\u0259t\u0259n\u0259 s\u0259daq\u0259t, milli d\u0259y\u0259rl\u0259r\u0259 h\u00f6rm\u0259t v\u0259 u\u011furlu f\u0259aliyy\u0259t Mehriban xan\u0131m \u018fliyevan\u0131n \u00f6lk\u0259nin Birinci vitse-prezidenti v\u0259zif\u0259sin\u0259 t\u0259yin olunmas\u0131n\u0131 \u015f\u0259rtl\u0259ndir\u0259n \u0259sas amill\u0259r idi.<br \/>\nMehriban xan\u0131m \u018fliyeva daxili d\u00fcnyas\u0131 \u2013 n\u0259cibliyi, qeyr\u0259ti, l\u0259yaq\u0259ti v\u0259 torpa\u011f\u0131na, yurduna ba\u011fl\u0131l\u0131\u011f\u0131 il\u0259 f\u0259rql\u0259nir. O, h\u0259m milli d\u0259y\u0259rl\u0259rimizi t\u0259r\u0259nn\u00fcm etdirir, h\u0259m ad\u0259tl\u0259rimizi, tariximizi ya\u015fad\u0131r, h\u0259m d\u0259 yenilik, m\u00fcasirlik n\u00fcmun\u0259sidir. O, h\u0259m Az\u0259rbaycan qad\u0131n\u0131n\u0131n layiqli obraz\u0131 \u2013 qeyr\u0259t simvolu, h\u0259m m\u00fcasir v\u0259 m\u00fct\u0259r\u0259qqi d\u00fc\u015f\u00fcnc\u0259y\u0259 malik ictimai xadim, h\u0259m d\u0259 humanizm, xeyriyy\u0259\u00e7ilik \u0259n\u0259n\u0259l\u0259rini ya\u015fadan m\u00fcsb\u0259t obrazd\u0131r. Mehriban xan\u0131m Heyd\u0259r \u018fliyev Fondunun prezidenti, UNESCO-nun v\u0259 ICESCO-nun xo\u015fm\u0259raml\u0131 s\u0259firi kimi \u00f6z \u00fcz\u0259rin\u0259 d\u00fc\u015f\u0259n ictimai, siyasi, m\u0259d\u0259ni, humanitar v\u0259 dig\u0259r v\u0259zif\u0259l\u0259ri layiqinc\u0259 yerin\u0259 yetir\u0259r\u0259k etalon yarad\u0131b.<br \/>\nBu g\u00fcn Mehriban xan\u0131m \u018fliyeva Birinci vitse-prezident postunda v\u0259zif\u0259 s\u0259lahiyy\u0259tl\u0259rini u\u011furla yerin\u0259 yetirm\u0259kl\u0259 yana\u015f\u0131, xeyirxah v\u0259 m\u00fcq\u0259dd\u0259s missiyas\u0131n\u0131 da davam etdirir. Humanizm Mehriban xan\u0131m \u018fliyevan\u0131n h\u0259yat\u0131ndan v\u0259 f\u0259aliyy\u0259tind\u0259n \u0259sas istiqam\u0259tdir. O, yard\u0131ma ehtiyac\u0131 olanlara \u015f\u0259fq\u0259t, qay\u011f\u0131, diqq\u0259t v\u0259 m\u0259rh\u0259m\u0259t g\u00f6st\u0259rir, k\u00f6m\u0259k edir \u2013 d\u0259st\u0259k verir, m\u00fcsb\u0259t n\u00fcmun\u0259 yarad\u0131r, \u0259n\u0259n\u0259l\u0259rimizi ya\u015fad\u0131r v\u0259 g\u00fccl\u0259ndirir.<br \/>\nMehriban xan\u0131m \u018fliyeva h\u0259m insanp\u0259rv\u0259r, h\u0259m d\u0259 v\u0259t\u0259np\u0259rv\u0259r bir \u015f\u0259xsiyy\u0259tdir. Ona g\u00f6r\u0259 d\u0259 daim sosial m\u0259s\u0259l\u0259l\u0259rin h\u0259llin\u0259 x\u00fcsusi diqq\u0259t g\u00f6st\u0259rir. Onun t\u0259\u015f\u0259bb\u00fcs\u00fc il\u0259 geni\u015fmiqyasl\u0131 v\u0259 ictimai \u0259h\u0259miyy\u0259tli layih\u0259l\u0259r m\u00fcv\u0259ff\u0259qiyy\u0259tl\u0259 h\u0259yata ke\u00e7irilir. Mehriban xan\u0131m \u018fliyevan\u0131n t\u0259\u015fkilat\u00e7\u0131l\u0131q qabiliyy\u0259ti say\u0259sind\u0259 \u00f6lk\u0259miz &#8220;Eurovision-2012&#8221; mahn\u0131 m\u00fcsabiq\u0259sin\u0259, Birinci Avropa Oyunlar\u0131na, IV \u0130slam H\u0259mr\u0259yliyi Oyunlar\u0131na, dig\u0259r m\u00fch\u00fcm beyn\u0259lxalq t\u0259dbirl\u0259r\u0259 y\u00fcks\u0259k s\u0259viyy\u0259d\u0259 ev sahibliyi edib. Bu, \u00f6z n\u00f6vb\u0259sind\u0259, respublikam\u0131z\u0131n m\u00fcsb\u0259t beyn\u0259lxalq imicinin daha da m\u00f6hk\u0259ml\u0259ndirilm\u0259si bax\u0131m\u0131ndan b\u00f6y\u00fck \u00f6n\u0259m da\u015f\u0131y\u0131b.<br \/>\nMehriban xan\u0131m \u018fliyeva \u00f6lk\u0259mizin \u0259razi b\u00fct\u00f6vl\u00fcy\u00fcn\u00fcn t\u0259min olunmas\u0131 m\u0259s\u0259l\u0259sin\u0259 h\u0259mi\u015f\u0259 x\u00fcsusi diqq\u0259t g\u00f6st\u0259rib v\u0259 bununla ba\u011fl\u0131 y\u00fcks\u0259k h\u0259ssasl\u0131q n\u00fcmayi\u015f etdirib. O, h\u0259r zaman V\u0259t\u0259n u\u011frunda can\u0131ndan ke\u00e7\u0259n q\u0259hr\u0259manlar\u0131m\u0131z\u0131n ail\u0259l\u0259rin\u0259, do\u011fma torpaqlar\u0131ndan m\u0259cburi k\u00f6\u00e7k\u00fcn d\u00fc\u015fm\u00fc\u015f v\u0259t\u0259nda\u015flar\u0131m\u0131za x\u00fcsusi qay\u011f\u0131 il\u0259 yana\u015f\u0131b, onlar\u0131n sosial probleml\u0259rinin h\u0259llin\u0259 diqq\u0259t g\u00f6st\u0259rib v\u0259 \u00fcmumiyy\u0259tl\u0259, c\u0259miyy\u0259tin n\u0259z\u0259rini bu m\u0259s\u0259l\u0259l\u0259r\u0259 c\u0259lb edib. Eyni zamanda, erm\u0259ni i\u015f\u011fal\u00e7\u0131lar\u0131 il\u0259 d\u00f6y\u00fc\u015fl\u0259rd\u0259 yaralanm\u0131\u015f v\u0259 \u0259lil olmu\u015f h\u0259rb\u00e7il\u0259rimiz\u0259 v\u0259 m\u00fclki \u015f\u0259xsl\u0259r\u0259 maddi-m\u0259n\u0259vi d\u0259st\u0259k, onlar\u0131n m\u00fcalic\u0259si v\u0259 sa\u011flaml\u0131\u011f\u0131n\u0131n b\u0259rpas\u0131na laz\u0131mi diqq\u0259t g\u00f6st\u0259rilm\u0259si d\u0259 Mehriban xan\u0131m \u018fliyevan\u0131n humanizm f\u0259aliyy\u0259tinin \u0259sas\u0131n\u0131 t\u0259\u015fkil edir. Bu g\u00fcn Heyd\u0259r \u018fliyev Fondu i\u015f\u011faldan azad edilmi\u015f \u0259razil\u0259rd\u0259 apar\u0131lan b\u0259rpa-quruculuq i\u015fl\u0259rin\u0259 \u00f6z t\u00f6hf\u0259sini verir. Fond q\u0259dim Qaraba\u011f torpa\u011f\u0131nda dini abid\u0259l\u0259rimizin, m\u0259scidl\u0259rimizin b\u0259rpas\u0131 \u00fczr\u0259 layih\u0259nin h\u0259yata ke\u00e7irilm\u0259sin\u0259 ba\u015flay\u0131b.<br \/>\nMehriban xan\u0131m \u018fliyevan\u0131n \u00e7ox\u015fax\u0259li, u\u011furlu, s\u0259m\u0259r\u0259li v\u0259 n\u00fcmun\u0259vi f\u0259aliyy\u0259ti h\u0259m \u00f6lk\u0259mizd\u0259, h\u0259m d\u0259 beyn\u0259lxalq m\u00fcst\u0259vid\u0259 olduqca y\u00fcks\u0259k qiym\u0259tl\u0259ndirilir. D\u00fcnya miqyas\u0131nda elm xadiml\u0259ri, ziyal\u0131lar, ictimai-siyasi xadiml\u0259r, d\u00f6vl\u0259t adamlar\u0131 v\u0259 dig\u0259rl\u0259ri Az\u0259rbaycan\u0131n birinci xan\u0131m\u0131n\u0131n tarixi missiya yerin\u0259 yetirdiyini, b\u0259\u015f\u0259riyy\u0259tin bug\u00fcnk\u00fc inki\u015faf\u0131na v\u0259 g\u0259l\u0259c\u0259yin\u0259 layiqli t\u00f6hf\u0259 verdiyini ifad\u0259 edirl\u0259r. Mehriban xan\u0131m \u018fliyevan\u0131n \u0259n b\u00f6y\u00fck m\u00fckafat\u0131 is\u0259 ona \u00f6lk\u0259mizd\u0259 v\u0259 beyn\u0259lxalq miqyasda milyonlar\u0131n r\u0259\u011fb\u0259ti &#8211; sevgisidir.<\/p>\n<div class=\"AdviadNativeVideo\"><\/div>\n<p>T\u0259ran\u0259 Zeynalova \u2013 BDU-nin professoru, tarix elml\u0259ri doktoru<\/p>\n","protected":false},"excerpt":{"rendered":"<p>Prezident \u0130lham \u018fliyevin 2017-ci il 21 fevral tarixind\u0259 imzalad\u0131\u011f\u0131 m\u00fcvafiq S\u0259r\u0259ncama \u0259sas\u0259n, Mehriban Arif q\u0131z\u0131 \u018fliyevan\u0131n Birinci vitse-prezident t\u0259yin olunmas\u0131 c\u0259miyy\u0259td\u0259 \u00e7ox y\u00fcks\u0259k d\u0259y\u0259rl\u0259ndirildi. Bu t\u0259yinat\u0131n arxas\u0131nda Mehriban xan\u0131m \u018fliyevan\u0131n d\u00f6vl\u0259t\u00e7ilik v\u0259 xalq\u0131n m\u0259nafeyi namin\u0259 uzun ill\u0259r boyu g\u00f6st\u0259rdiyi s\u0259m\u0259r\u0259li, m\u0259qs\u0259dy\u00f6nl\u00fc f\u0259aliyy\u0259t dayan\u0131rd\u0131. Ba\u015fqa s\u00f6zl\u0259, V\u0259t\u0259n\u0259 s\u0259daq\u0259t, milli d\u0259y\u0259rl\u0259r\u0259 h\u00f6rm\u0259t v\u0259 u\u011furlu f\u0259aliyy\u0259t Mehriban xan\u0131m \u018fliyevan\u0131n \u00f6lk\u0259nin Birinci vitse-prezidenti v\u0259zif\u0259sin\u0259 t\u0259yin olunmas\u0131n\u0131 \u015f\u0259rtl\u0259ndir\u0259n \u0259sas amill\u0259r idi. Mehriban xan\u0131m \u018fliyeva daxili d\u00fcnyas\u0131 \u2013 n\u0259cibliyi, qeyr\u0259ti, l\u0259yaq\u0259ti v\u0259 torpa\u011f\u0131na, yurduna ba\u011fl\u0131l\u0131\u011f\u0131 il\u0259 f\u0259rql\u0259nir. O, h\u0259m milli d\u0259y\u0259rl\u0259rimizi t\u0259r\u0259nn\u00fcm etdirir, h\u0259m ad\u0259tl\u0259rimizi, tariximizi&hellip;<\/p>\n","protected":false},"author":2,"featured_media":441085,"comment_status":"closed","ping_status":"closed","sticky":false,"template":"","format":"standard","meta":{"om_disable_all_campaigns":false,"_monsterinsights_skip_tracking":false,"_monsterinsights_sitenote_active":false,"_monsterinsights_sitenote_note":"","_monsterinsights_sitenote_category":0},"categories":[8],"tags":[],"aioseo_notices":[],"gutentor_comment":0,"rttpg_featured_image_url":{"full":["https:\/\/arantv.az\/wp-content\/uploads\/2022\/02\/mehriban3_91645258221.jpg",600,450,false],"landscape":["https:\/\/arantv.az\/wp-content\/uploads\/2022\/02\/mehriban3_91645258221.jpg",600,450,false],"portraits":["https:\/\/arantv.az\/wp-content\/uploads\/2022\/02\/mehriban3_91645258221.jpg",600,450,false],"thumbnail":["https:\/\/arantv.az\/wp-content\/uploads\/2022\/02\/mehriban3_91645258221-500x280.jpg",500,280,true],"medium":["https:\/\/arantv.az\/wp-content\/uploads\/2022\/02\/mehriban3_91645258221-487x365.jpg",487,365,true],"large":["https:\/\/arantv.az\/wp-content\/uploads\/2022\/02\/mehriban3_91645258221.jpg",600,450,false],"1536x1536":["https:\/\/arantv.az\/wp-content\/uploads\/2022\/02\/mehriban3_91645258221.jpg",600,450,false],"2048x2048":["https:\/\/arantv.az\/wp-content\/uploads\/2022\/02\/mehriban3_91645258221.jpg",600,450,false],"post-thumbnail":["https:\/\/arantv.az\/wp-content\/uploads\/2022\/02\/mehriban3_91645258221-240x172.jpg",240,172,true],"advps-thumb-one":["https:\/\/arantv.az\/wp-content\/uploads\/2022\/02\/mehriban3_91645258221.jpg",600,450,false]},"rttpg_author":{"display_name":"V\u00fcsal Rafiqo\u011flu","author_link":"https:\/\/arantv.az\/?author=2"},"rttpg_comment":0,"rttpg_category":"<a href=\"https:\/\/arantv.az\/?cat=8\" rel=\"category\">\u018fsas s\u0259hif\u0259<\/a>","rttpg_excerpt":"Prezident \u0130lham \u018fliyevin 2017-ci il 21 fevral tarixind\u0259 imzalad\u0131\u011f\u0131 m\u00fcvafiq S\u0259r\u0259ncama \u0259sas\u0259n, Mehriban Arif q\u0131z\u0131 \u018fliyevan\u0131n Birinci vitse-prezident t\u0259yin olunmas\u0131 c\u0259miyy\u0259td\u0259 \u00e7ox y\u00fcks\u0259k d\u0259y\u0259rl\u0259ndirildi. Bu t\u0259yinat\u0131n arxas\u0131nda Mehriban xan\u0131m \u018fliyevan\u0131n d\u00f6vl\u0259t\u00e7ilik v\u0259 xalq\u0131n m\u0259nafeyi namin\u0259 uzun ill\u0259r boyu g\u00f6st\u0259rdiyi s\u0259m\u0259r\u0259li, m\u0259qs\u0259dy\u00f6nl\u00fc f\u0259aliyy\u0259t dayan\u0131rd\u0131. Ba\u015fqa s\u00f6zl\u0259, V\u0259t\u0259n\u0259 s\u0259daq\u0259t, milli d\u0259y\u0259rl\u0259r\u0259 h\u00f6rm\u0259t v\u0259 u\u011furlu f\u0259aliyy\u0259t Mehriban xan\u0131m&hellip;","_links":{"self":[{"href":"https:\/\/arantv.az\/index.php?rest_route=\/wp\/v2\/posts\/441084"}],"collection":[{"href":"https:\/\/arantv.az\/index.php?rest_route=\/wp\/v2\/posts"}],"about":[{"href":"https:\/\/arantv.az\/index.php?rest_route=\/wp\/v2\/types\/post"}],"author":[{"embeddable":true,"href":"https:\/\/arantv.az\/index.php?rest_route=\/wp\/v2\/users\/2"}],"replies":[{"embeddable":true,"href":"https:\/\/arantv.az\/index.php?rest_route=%2Fwp%2Fv2%2Fcomments&post=441084"}],"version-history":[{"count":0,"href":"https:\/\/arantv.az\/index.php?rest_route=\/wp\/v2\/posts\/441084\/revisions"}],"wp:featuredmedia":[{"embeddable":true,"href":"https:\/\/arantv.az\/index.php?rest_route=\/wp\/v2\/media\/441085"}],"wp:attachment":[{"href":"https:\/\/arantv.az\/index.php?rest_route=%2Fwp%2Fv2%2Fmedia&parent=441084"}],"wp:term":[{"taxonomy":"category","embeddable":true,"href":"https:\/\/arantv.az\/index.php?rest_route=%2Fwp%2Fv2%2Fcategories&post=441084"},{"taxonomy":"post_tag","embeddable":true,"href":"https:\/\/arantv.az\/index.php?rest_route=%2Fwp%2Fv2%2Ftags&post=441084"}],"curies":[{"name":"wp","href":"https:\/\/api.w.org\/{rel}","templated":true}]}}