{"id":441108,"date":"2022-02-19T13:07:37","date_gmt":"2022-02-19T10:07:37","guid":{"rendered":"http:\/\/arantv.az\/?p=441108"},"modified":"2022-02-19T13:07:37","modified_gmt":"2022-02-19T10:07:37","slug":"72-illik-%c9%99n%c9%99n%c9%99-sona-catir-ilk-d%c9%99f%c9%99-bas-katib-postunu-qadin-tuta-bil%c9%99r","status":"publish","type":"post","link":"https:\/\/arantv.az\/?p=441108","title":{"rendered":"72 illik \u0259n\u0259n\u0259 sona \u00e7at\u0131r: \u0130lk d\u0259f\u0259 ba\u015f katib postunu qad\u0131n tuta bil\u0259r"},"content":{"rendered":"<p>\u0130yunda Madridd\u0259 ke\u00e7iril\u0259c\u0259k NATO-nun n\u00f6vb\u0259ti sammiti t\u0259\u015fkilat\u0131n tarixin\u0259 \u201c\u0259n s\u00fcrprizli sammit\u201d\u00a0kimi d\u00fc\u015f\u0259 bil\u0259r. Bel\u0259 ki, alyans\u0131n 72 illik tarixi \u0259rzind\u0259 ilk d\u0259f\u0259 ba\u015f katib postunu qad\u0131n tuta bil\u0259r. Haz\u0131rk\u0131 ba\u015f katib Yens Stoltenberq s\u0259lahiyy\u0259t m\u00fcdd\u0259tinin ba\u015fa \u00e7atmas\u0131 il\u0259 \u0259laq\u0259dar oktyabr\u0131n 1-d\u0259 v\u0259zif\u0259sini t\u0259rk ed\u0259c\u0259k v\u0259 n\u0259 q\u0259d\u0259r q\u0259rib\u0259 s\u0259sl\u0259ns\u0259 d\u0259, Norve\u00e7 M\u0259rk\u0259zi Bank\u0131na r\u0259hb\u0259rlik ed\u0259c\u0259k. T\u0259\u015fkilatda se\u00e7ki proseduru olmad\u0131\u011f\u0131ndan yeni ba\u015f katibin ad\u0131 da onda a\u00e7\u0131qlanacaq. Bel\u0259 g\u00f6t\u00fcr\u0259nd\u0259 ba\u015f katib postu b\u00f6y\u00fck \u00f6n\u0259m da\u015f\u0131m\u0131r v\u0259 h\u0259r k\u0259sin d\u0259 bildiyi kimi, t\u0259\u015fkilatda \u0259sas s\u00f6z sahibi Birl\u0259\u015fmi\u015f \u015etatlard\u0131r.<\/p>\n<p><a href=\"https:\/\/kaspi.az\/az\/72-illik-eneneye-son-qoyula-biler?fbclid=IwAR0x_ltP5ya9ICT7yVYlo5KIvEL9M0rbAZPuPFr114m1c2VXkwXCcYlyhQ0\" target=\"_blank\" rel=\"noopener\"><strong>\u201cKaspi\u201d q\u0259zeti<\/strong><\/a>\u00a0m\u00f6vzu il\u0259 ba\u011fl\u0131 m\u0259qal\u0259 yay\u0131mlay\u0131b.<\/p>\n<p>Bu d\u0259f\u0259 prosesi maraql\u0131 ed\u0259n ba\u015f katib v\u0259zif\u0259si \u00fc\u00e7\u00fcn qad\u0131n namiz\u0259dl\u0259rin \u00e7oxlu\u011fudur. Qad\u0131n namiz\u0259dl\u0259r m\u0259s\u0259l\u0259sinin el\u0259-bel\u0259 ortaya at\u0131lmad\u0131\u011f\u0131n\u0131 dey\u0259nl\u0259r \u00e7oxdur. \u00d6z\u00fc d\u0259 n\u0259d\u0259ns\u0259 qad\u0131n namiz\u0259d m\u0259s\u0259l\u0259sini daha \u00e7ox rus medias\u0131 qabard\u0131r. Q\u0259rbd\u0259 is\u0259 indiy\u0259d\u0259k m\u00f6vcud olan \u0259n\u0259n\u0259nin davam etdiril\u0259c\u0259yin\u0259 &#8211; ba\u015f katib v\u0259zif\u0259sin\u0259 ki\u015fi namiz\u0259dl\u0259rd\u0259n birinin se\u00e7il\u0259c\u0259yin\u0259 daha \u00e7ox inan\u0131rlar. 72 illik tarix \u0259rzind\u0259 quruma 13 n\u0259f\u0259r r\u0259hb\u0259rlik edib v\u0259 onlardan ham\u0131s\u0131 ki\u015fi olub. Amma iddialara g\u00f6r\u0259, haz\u0131rda alyans\u0131n daxilind\u0259 bu postu qad\u0131n namiz\u0259din tutmas\u0131 il\u0259 ba\u011fl\u0131 konsensus m\u00f6vcuddur. Ba\u015f katib postuna m\u00fcmk\u00fcn qad\u0131n namiz\u0259dl\u0259r\u0259 g\u0259ldikd\u0259, bu s\u0131rada B\u00f6y\u00fck Britaniyan\u0131n ke\u00e7mi\u015f ba\u015f naziri Tereza Mey, Avropa \u0130ttifaq\u0131 diplomatiyas\u0131n\u0131n sabiq r\u0259hb\u0259ri Frederika Mogerini, Almaniyan\u0131n m\u00fcdafi\u0259 naziri Aneqret Kramp-Karrenbauer, Litvan\u0131n eks-prezidenti Dalya Qribauskayte (d\u0259f\u0259l\u0259rl\u0259 \u00f6lk\u0259mizd\u0259 olub, Az\u0259rbaycan\u0131n haqq i\u015fini m\u00fcdafi\u0259 edib), Estoniyan\u0131n haz\u0131rk\u0131 ba\u015f naziri Kersti Kalyulayd v\u0259 Xorvatiyan\u0131n eks-prezidenti Kolinda Qrabar-Kitarovi\u00e7 g\u00f6st\u0259rilir.<\/p>\n<p>&nbsp;<\/p>\n<div class=\"gallery\">\n<div class=\"gallery-i\"><img src=\"https:\/\/cdn.oxu.az\/uploads\/W1siZiIsIjIwMjIvMDIvMTkvMTEvMDkvNDkvODMzYTM0ZDctZTIyNi00OTJmLTg5YWEtZmUyNjdjZTEzMDNlLzE2NDUxODA3MjZfbmF0by0yLmpwZyJdLFsicCIsImVuY29kZSIsImpwZyIsIi1xdWFsaXR5IDgwIl0sWyJwIiwidGh1bWIiLCI1OTB4NTkwXHUwMDNlIl1d?sha=573295af3084a5d7\" alt=\"\" \/><\/p>\n<div class=\"gallery-i-caption\"><\/div>\n<\/div>\n<\/div>\n<p>Qad\u0131n namiz\u0259dl\u0259r i\u00e7ind\u0259 \u0259n \u015fansl\u0131s\u0131 kimi Estoniyan\u0131n haz\u0131rk\u0131 ba\u015f naziri Kersti Kalyulayd\u0131n ad\u0131 \u00e7\u0259kilir. Qeyd edilir ki, Rusiya \u0259traf\u0131ndak\u0131 v\u0259ziyy\u0259t yeni ba\u015f katibin \u015e\u0259rqi Avropa \u00f6lk\u0259sind\u0259n olmas\u0131 ehtimal\u0131n\u0131 art\u0131r\u0131r. \u201cPolitico\u201d yaz\u0131r ki, Kertsi il\u0259 yana\u015f\u0131 Kolinda Qrabar-Kitarovi\u00e7, Dalia Qribauskayte d\u0259 \u015fansl\u0131 ola bil\u0259rl\u0259r. N\u0259\u015fr hesab edir ki, Kersti Kalyulayd\u0131n NATO-nun ba\u015f katibi postuna \u015fans\u0131 Estoniyan\u0131n \u00dcDM-in 2 faizini m\u00fcdafi\u0259 x\u0259rcl\u0259rin\u0259 ayr\u0131lmas\u0131 t\u0259l\u0259bin\u0259 \u0259m\u0259l etm\u0259sin\u0259 g\u00f6r\u0259 art\u0131r. Maraql\u0131d\u0131r ki, Estoniyan\u0131n ba\u015f naziri NATO-nun n\u00f6vb\u0259ti ba\u015f katibi ola bil\u0259c\u0259yi il\u0259 ba\u011fl\u0131 x\u0259b\u0259rl\u0259r\u0259 \u00f6z\u00fcn\u0259m\u0259xsus cavab verib. Onun s\u00f6zl\u0259rin\u0259 g\u00f6r\u0259, bu, anla\u015f\u0131lmazl\u0131qd\u0131r. \u201cG\u00f6r\u00fcn\u00fcr, ad\u0131m s\u0259hv\u0259n siyah\u0131da olub\u201d\u00a0dey\u0259 ba\u015f nazir Delfi.ee-y\u0259 bildirib.<\/p>\n<p>Bununla yana\u015f\u0131, ba\u015f katib postuna \u015fansl\u0131 ki\u015fi namiz\u0259dl\u0259r d\u0259 var. Q\u0259rb medias\u0131 yaz\u0131r ki, bu d\u0259f\u0259 \u0130taliyan\u0131 t\u0259msil ed\u0259c\u0259k namiz\u0259d \u00e7ox \u015fansl\u0131 olacaq. \u0130taliya m\u0259tbuat\u0131 iddia edir ki, bu d\u0259f\u0259 ba\u015f katib postuna Aral\u0131q d\u0259nizi regionu d\u00f6vl\u0259tl\u0259rind\u0259n birinin n\u00fcmay\u0259nd\u0259si t\u0259yin edilm\u0259lidir. \u201c\u0130spaniya v\u0259 Portuqaliya \u0130taliyaya r\u0259qib hesab oluna bilm\u0259z. \u00c7\u00fcnki bu \u00f6lk\u0259l\u0259rin n\u00fcmay\u0259nd\u0259l\u0259ri art\u0131q beyn\u0259lxalq siyasi iyerarxiyada m\u00fch\u00fcm m\u00f6vqel\u0259ri tuturlar. \u0130spaniyal\u0131 Josep Borrell Avropa \u0130ttifaq\u0131n\u0131n xarici i\u015fl\u0259r v\u0259 t\u0259hl\u00fck\u0259sizlik siyas\u0259ti \u00fczr\u0259 ali komissar\u0131d\u0131r, portuqaliyal\u0131 Antonio Quterre\u015f is\u0259 BMT-y\u0259 r\u0259hb\u0259rlik edir. Bel\u0259 olarsa, diqq\u0259tl\u0259r \u0130taliyan\u0131n namiz\u0259dinin \u00fcz\u0259rin\u0259 y\u00f6n\u0259l\u0259c\u0259k.<\/p>\n<p>\u0130taliya h\u00f6kum\u0259ti is\u0259 h\u0259l\u0259lik iyunda Madridd\u0259 ke\u00e7iril\u0259c\u0259k sammitd\u0259 namiz\u0259dinin kim olaca\u011f\u0131 il\u0259 ba\u011fl\u0131 q\u0259rar verm\u0259yib. Namiz\u0259dl\u0259r aras\u0131nda ke\u00e7mi\u015f m\u00fcdafi\u0259 naziri Robertu Pinotti v\u0259 haz\u0131rk\u0131 m\u00fcdafi\u0259 naziri Lorenzo Querini var.<\/p>\n<p>Ba\u015fqa bir versiyaya g\u00f6r\u0259, B\u00f6y\u00fck Britaniyan\u0131n m\u00fcdafi\u0259 naziri Ben Uolles d\u0259 ba\u015f katib postuna iddial\u0131lar s\u0131ras\u0131ndad\u0131r. Diplomatik m\u0259nb\u0259l\u0259r \u201cThe Times\u201da bildiribl\u0259r ki, ke\u00e7mi\u015f Nazirl\u0259r Kabineti katibi v\u0259 milli t\u0259hl\u00fck\u0259sizlik m\u00fc\u015faviri Lord Sedvillin d\u0259 d\u0259st\u0259kl\u0259n\u0259 bil\u0259r.<\/p>\n<p>Ke\u00e7mi\u015f ba\u015f nazir Devid Kemeronun bu v\u0259zif\u0259ni tuta bil\u0259c\u0259yi il\u0259 ba\u011fl\u0131 x\u0259b\u0259rl\u0259r d\u0259 var idi, lakin onun frans\u0131zlar\u0131n d\u0259st\u0259yini alaca\u011f\u0131 ehtimal\u0131 azd\u0131r. \u201cNATO-nun \u00fczvl\u0259rind\u0259n bir \u00e7oxlar\u0131 Ben Uollesin ba\u015f katib ola bil\u0259c\u0259yini d\u00fc\u015f\u00fcn\u00fcrl\u0259r\u201d, &#8211; dey\u0259 m\u0259nb\u0259 bildirib. O, Ukrayna b\u00f6hran\u0131n\u0131 m\u00fczakir\u0259 etm\u0259k \u00fc\u00e7\u00fcn ke\u00e7\u0259n h\u0259ft\u0259 Stoltenberq v\u0259 dig\u0259r y\u00fcks\u0259k v\u0259zif\u0259li r\u0259smil\u0259rl\u0259 g\u00f6r\u00fc\u015f\u00fcb. Onun \u00f6z\u00fcn\u00fcn bu postu tutmaq ist\u0259yib-ist\u0259m\u0259diyi h\u0259l\u0259lik m\u0259lum deyil.<\/p>\n<p>Son olaraq bir m\u0259s\u0259l\u0259y\u0259 d\u0259 toxunmaq ist\u0259rdik. 70 ildir alyans\u0131n m\u00fch\u00fcm v\u0259 etibarl\u0131 \u00fczv\u00fc olan T\u00fcrkiy\u0259 namiz\u0259dinin ad\u0131 bu d\u0259f\u0259 d\u0259 hallanm\u0131r. Halbuki, Ankara Kosovodan \u018ffqan\u0131stana, Aral\u0131q d\u0259nizind\u0259n Afrikaya q\u0259d\u0259r bir \u00e7ox NATO missiyalar\u0131n\u0131 f\u0259al \u015f\u0259kild\u0259 d\u0259st\u0259kl\u0259yib. NATO \u00fczvl\u0259ri aras\u0131nda AB\u015e-dan sonra \u0259n b\u00f6y\u00fck h\u0259rbi g\u00fcc\u0259 malik olan T\u00fcrkiy\u0259nin bir ne\u00e7\u0259 \u015f\u0259h\u0259rind\u0259 komandanl\u0131q f\u0259aliyy\u0259t g\u00f6st\u0259rir. 2012-ci ild\u0259 T\u00fcrkiy\u0259 NATO b\u00fcdc\u0259sin\u0259 \u0259n y\u00fcks\u0259k t\u00f6hf\u0259 ver\u0259n 10 \u00fczvd\u0259n biri olub. B\u00fct\u00fcn bunlar\u0131n fonunda yen\u0259 d\u0259 qarda\u015f \u00f6lk\u0259nin ad\u0131 \u00e7\u0259kilmir.<\/p>\n<p>NATO il\u0259 s\u0131x m\u00fcnasib\u0259tl\u0259r\u0259 malik Az\u0259rbaycan \u00fc\u00e7\u00fcn d\u0259 yeni ba\u015f katibin kimliyi b\u00f6y\u00fck \u00f6n\u0259m k\u0259sb edir. N\u0259z\u0259r\u0259 alaq ki, NATO v\u0259 Az\u0259rbaycan 1994-c\u00fc ild\u0259n Alyans\u0131n \u201cS\u00fclh namin\u0259 t\u0259r\u0259fda\u015fl\u0131q\u201d Proqram\u0131 \u00e7\u0259r\u00e7iv\u0259sind\u0259 \u0259m\u0259kda\u015fl\u0131q edirl\u0259r. Bu \u00e7\u0259r\u00e7iv\u0259d\u0259 \u00f6lk\u0259miz NATO-nun F\u0259rdi T\u0259r\u0259fda\u015fl\u0131q \u00fczr\u0259 \u018fm\u0259liyyat Plan\u0131nda v\u0259 dig\u0259r proqramlar\u0131nda f\u0259al i\u015ftirak edir. Eyni zamanda, Az\u0259rbaycan\u0131n NATO t\u0259liml\u0259rind\u0259 v\u0259 ikit\u0259r\u0259fli \u0259sasda T\u00fcrkiy\u0259 il\u0259 ke\u00e7iril\u0259n t\u0259liml\u0259rd\u0259 f\u0259al i\u015ftirak\u0131 da vur\u011fulanmal\u0131d\u0131r. Bu g\u00fcn Az\u0259rbaycan h\u0259m d\u0259 NATO-ya \u00fczv 4 \u00f6lk\u0259nin etibarl\u0131 t\u0259bii qaz t\u0259chizat\u00e7\u0131s\u0131d\u0131r.<\/p>\n","protected":false},"excerpt":{"rendered":"<p>\u0130yunda Madridd\u0259 ke\u00e7iril\u0259c\u0259k NATO-nun n\u00f6vb\u0259ti sammiti t\u0259\u015fkilat\u0131n tarixin\u0259 \u201c\u0259n s\u00fcrprizli sammit\u201d\u00a0kimi d\u00fc\u015f\u0259 bil\u0259r. Bel\u0259 ki, alyans\u0131n 72 illik tarixi \u0259rzind\u0259 ilk d\u0259f\u0259 ba\u015f katib postunu qad\u0131n tuta bil\u0259r. Haz\u0131rk\u0131 ba\u015f katib Yens Stoltenberq s\u0259lahiyy\u0259t m\u00fcdd\u0259tinin ba\u015fa \u00e7atmas\u0131 il\u0259 \u0259laq\u0259dar oktyabr\u0131n 1-d\u0259 v\u0259zif\u0259sini t\u0259rk ed\u0259c\u0259k v\u0259 n\u0259 q\u0259d\u0259r q\u0259rib\u0259 s\u0259sl\u0259ns\u0259 d\u0259, Norve\u00e7 M\u0259rk\u0259zi Bank\u0131na r\u0259hb\u0259rlik ed\u0259c\u0259k. T\u0259\u015fkilatda se\u00e7ki proseduru olmad\u0131\u011f\u0131ndan yeni ba\u015f katibin ad\u0131 da onda a\u00e7\u0131qlanacaq. Bel\u0259 g\u00f6t\u00fcr\u0259nd\u0259 ba\u015f katib postu b\u00f6y\u00fck \u00f6n\u0259m da\u015f\u0131m\u0131r v\u0259 h\u0259r k\u0259sin d\u0259 bildiyi kimi, t\u0259\u015fkilatda \u0259sas s\u00f6z sahibi Birl\u0259\u015fmi\u015f \u015etatlard\u0131r. \u201cKaspi\u201d q\u0259zeti\u00a0m\u00f6vzu il\u0259 ba\u011fl\u0131&hellip;<\/p>\n","protected":false},"author":2,"featured_media":441109,"comment_status":"closed","ping_status":"closed","sticky":false,"template":"","format":"standard","meta":{"om_disable_all_campaigns":false,"_monsterinsights_skip_tracking":false,"_monsterinsights_sitenote_active":false,"_monsterinsights_sitenote_note":"","_monsterinsights_sitenote_category":0},"categories":[4],"tags":[],"aioseo_notices":[],"gutentor_comment":0,"rttpg_featured_image_url":{"full":["https:\/\/arantv.az\/wp-content\/uploads\/2022\/02\/FotoJet-2022-02-19T110927.158.jpg",620,413,false],"landscape":["https:\/\/arantv.az\/wp-content\/uploads\/2022\/02\/FotoJet-2022-02-19T110927.158.jpg",620,413,false],"portraits":["https:\/\/arantv.az\/wp-content\/uploads\/2022\/02\/FotoJet-2022-02-19T110927.158.jpg",620,413,false],"thumbnail":["https:\/\/arantv.az\/wp-content\/uploads\/2022\/02\/FotoJet-2022-02-19T110927.158-500x280.jpg",500,280,true],"medium":["https:\/\/arantv.az\/wp-content\/uploads\/2022\/02\/FotoJet-2022-02-19T110927.158-548x365.jpg",548,365,true],"large":["https:\/\/arantv.az\/wp-content\/uploads\/2022\/02\/FotoJet-2022-02-19T110927.158.jpg",620,413,false],"1536x1536":["https:\/\/arantv.az\/wp-content\/uploads\/2022\/02\/FotoJet-2022-02-19T110927.158.jpg",620,413,false],"2048x2048":["https:\/\/arantv.az\/wp-content\/uploads\/2022\/02\/FotoJet-2022-02-19T110927.158.jpg",620,413,false],"post-thumbnail":["https:\/\/arantv.az\/wp-content\/uploads\/2022\/02\/FotoJet-2022-02-19T110927.158-240x172.jpg",240,172,true],"advps-thumb-one":["https:\/\/arantv.az\/wp-content\/uploads\/2022\/02\/FotoJet-2022-02-19T110927.158.jpg",620,413,false]},"rttpg_author":{"display_name":"V\u00fcsal Rafiqo\u011flu","author_link":"https:\/\/arantv.az\/?author=2"},"rttpg_comment":0,"rttpg_category":"<a href=\"https:\/\/arantv.az\/?cat=4\" rel=\"category\">Siyas\u0259t<\/a>","rttpg_excerpt":"\u0130yunda Madridd\u0259 ke\u00e7iril\u0259c\u0259k NATO-nun n\u00f6vb\u0259ti sammiti t\u0259\u015fkilat\u0131n tarixin\u0259 \u201c\u0259n s\u00fcrprizli sammit\u201d\u00a0kimi d\u00fc\u015f\u0259 bil\u0259r. Bel\u0259 ki, alyans\u0131n 72 illik tarixi \u0259rzind\u0259 ilk d\u0259f\u0259 ba\u015f katib postunu qad\u0131n tuta bil\u0259r. Haz\u0131rk\u0131 ba\u015f katib Yens Stoltenberq s\u0259lahiyy\u0259t m\u00fcdd\u0259tinin ba\u015fa \u00e7atmas\u0131 il\u0259 \u0259laq\u0259dar oktyabr\u0131n 1-d\u0259 v\u0259zif\u0259sini t\u0259rk ed\u0259c\u0259k v\u0259 n\u0259 q\u0259d\u0259r q\u0259rib\u0259 s\u0259sl\u0259ns\u0259 d\u0259, Norve\u00e7 M\u0259rk\u0259zi Bank\u0131na r\u0259hb\u0259rlik ed\u0259c\u0259k.&hellip;","_links":{"self":[{"href":"https:\/\/arantv.az\/index.php?rest_route=\/wp\/v2\/posts\/441108"}],"collection":[{"href":"https:\/\/arantv.az\/index.php?rest_route=\/wp\/v2\/posts"}],"about":[{"href":"https:\/\/arantv.az\/index.php?rest_route=\/wp\/v2\/types\/post"}],"author":[{"embeddable":true,"href":"https:\/\/arantv.az\/index.php?rest_route=\/wp\/v2\/users\/2"}],"replies":[{"embeddable":true,"href":"https:\/\/arantv.az\/index.php?rest_route=%2Fwp%2Fv2%2Fcomments&post=441108"}],"version-history":[{"count":0,"href":"https:\/\/arantv.az\/index.php?rest_route=\/wp\/v2\/posts\/441108\/revisions"}],"wp:featuredmedia":[{"embeddable":true,"href":"https:\/\/arantv.az\/index.php?rest_route=\/wp\/v2\/media\/441109"}],"wp:attachment":[{"href":"https:\/\/arantv.az\/index.php?rest_route=%2Fwp%2Fv2%2Fmedia&parent=441108"}],"wp:term":[{"taxonomy":"category","embeddable":true,"href":"https:\/\/arantv.az\/index.php?rest_route=%2Fwp%2Fv2%2Fcategories&post=441108"},{"taxonomy":"post_tag","embeddable":true,"href":"https:\/\/arantv.az\/index.php?rest_route=%2Fwp%2Fv2%2Ftags&post=441108"}],"curies":[{"name":"wp","href":"https:\/\/api.w.org\/{rel}","templated":true}]}}