{"id":441117,"date":"2022-02-19T13:19:50","date_gmt":"2022-02-19T10:19:50","guid":{"rendered":"http:\/\/arantv.az\/?p=441117"},"modified":"2022-02-19T13:19:50","modified_gmt":"2022-02-19T10:19:50","slug":"azad-olunmus-%c9%99razil%c9%99rd%c9%99ki-erm%c9%99ni-v%c9%99hsiliyini-butun-dunya-gordu-bir-unesco-gorm%c9%99di-t%c9%99hlil","status":"publish","type":"post","link":"https:\/\/arantv.az\/?p=441117","title":{"rendered":"Azad olunmu\u015f \u0259razil\u0259rd\u0259ki erm\u0259ni v\u0259h\u015filiyini b\u00fct\u00fcn d\u00fcnya g\u00f6rd\u00fc, bir UNESCO g\u00f6rm\u0259di &#8211; T\u018fHL\u0130L"},"content":{"rendered":"<div class=\"article_text\">\n<p>Fevral\u0131n 16-da 20 \u00f6lk\u0259d\u0259n 30-dan \u00e7ox d\u00fcnya\u015f\u00f6hr\u0259tli beyn\u0259lxalq s\u0259yyahlar Qaraba\u011f v\u0259 \u015e\u0259rqi Z\u0259ng\u0259zura s\u0259f\u0259r edib. Fevral\u0131n 18-d\u0259k davam ed\u0259n s\u0259f\u0259r Yer k\u00fcr\u0259sini m\u00fcvafiq parametrl\u0259r \u0259sas\u0131nda 1301 regiona b\u00f6l\u0259r\u0259k bu sah\u0259d\u0259 s\u0259yyahlar \u00fc\u00e7\u00fcn beyn\u0259lxalq standartlar\u0131 m\u00fc\u0259yy\u0259nl\u0259\u015fdir\u0259n d\u00fcnya miqyasl\u0131 &#8220;NomadMania&#8221; klubunun t\u0259\u015fkilat\u00e7\u0131l\u0131\u011f\u0131 il\u0259 h\u0259yata ke\u00e7irilib. AB\u015e, B\u00f6y\u00fck Britaniya, Almaniya, Niderland, Danimarka, Avstriya, \u0130taliya, \u0130spaniya, Portuqaliya, Pol\u015fa, Macar\u0131stan, Bosniya v\u0259 Herseqovina, Serbiya, Slovakiya, Ukrayna, T\u00fcrkiy\u0259, Tailand, K\u00fcveyt, \u018flc\u0259zair, Avstraliyan\u0131 t\u0259msil ed\u0259n s\u0259yyahlar\u0131n s\u0259f\u0259ri Az\u0259rbaycan\u0131n m\u0259d\u0259niyy\u0259t paytaxt\u0131 \u015eu\u015fadan ba\u015flay\u0131b.<\/p>\n<p>\u015eu\u015fa il\u0259 yax\u0131ndan tan\u0131\u015fl\u0131qdan sonra beyn\u0259lxalq s\u0259yah\u0259t\u00e7il\u0259r A\u011fdamda da olub. Onlar Qaraba\u011fdan sonra \u015e\u0259rqi Z\u0259ng\u0259zura s\u0259f\u0259r edib t\u00f6r\u0259dilmi\u015f urbisidi \u00f6z g\u00f6zl\u0259ri il\u0259 g\u00f6r\u00fcbl\u0259r. H\u0259m\u00e7inin Z\u0259ng\u0259zur d\u0259hlizinin a\u00e7\u0131lmas\u0131 istiqam\u0259tind\u0259 g\u00f6r\u00fcl\u0259n i\u015fl\u0259rl\u0259 yerind\u0259 tan\u0131\u015f olublar.<\/p>\n<p>Fevral\u0131n 18-d\u0259 is\u0259 Qaraba\u011f v\u0259 \u015e\u0259rqi Z\u0259ng\u0259zura s\u0259f\u0259r etmi\u015f tan\u0131nm\u0131\u015f xarici s\u0259yyahlar m\u0259tbuat konfrans\u0131 ke\u00e7iribl\u0259r.<\/p>\n<p>\u018flc\u0259zaird\u0259n olan s\u0259yyah M\u0259h\u0259mm\u0259d Vasim Allahi Trend-in suallar\u0131n\u0131 cavablayark\u0259n qeyd edib ki, onlar Qaraba\u011fda olark\u0259n oran\u0131n f\u0259rqli v\u0259 m\u00f6ht\u0259\u015f\u0259m m\u0259nz\u0259r\u0259si il\u0259 yana\u015f\u0131, t\u00f6r\u0259dil\u0259n da\u011f\u0131nt\u0131lar\u0131 m\u00fc\u015fahid\u0259 edibl\u0259r.<\/p>\n<p>&#8221; Eyni zamanda biz g\u00f6rd\u00fck ki, Az\u0259rbaycan h\u00f6k\u00fcm\u0259ti h\u0259min \u0259razil\u0259rd\u0259 yenid\u0259nqurma i\u015fl\u0259ri apar\u0131r, da\u011f\u0131nt\u0131lar b\u0259rpa olunur. \u00dcmid edir\u0259m ki, insanlar b\u0259rpadan sonra Qaraba\u011fa tezlikl\u0259 qay\u0131dar v\u0259 s\u00fclh i\u00e7ind\u0259 \u00f6z yurdlar\u0131nda ya\u015fama\u011fa davam ed\u0259rl\u0259r&#8221;, &#8211; dey\u0259 o \u0259lav\u0259 edib<\/p>\n<p>Italiyal\u0131 s\u0259yyah Nikola Korotella is\u0259 Trend-in suallar\u0131na cavab olaraq bildirib ki,azad olunan \u0259razil\u0259rd\u0259 da\u011f\u0131nt\u0131lar\u0131n miqyas\u0131 geni\u015fdir. Lakin yenid\u0259n-qurma i\u015fl\u0259rinin bu q\u0259d\u0259r s\u00fcr\u0259tli apar\u0131lmas\u0131 \u00e7ox g\u00f6z\u0259ldir.<\/p>\n<p>&#8220;M\u0259n da\u011f\u0131nt\u0131lar\u0131n miqyas\u0131ndan \u00e7ox, oradak\u0131 b\u0259rpa-quruculuq i\u015fl\u0259rin\u0259 fokusland\u0131m. D\u00fczd\u00fc, biz da\u011f\u0131nt\u0131alr\u0131n \u015fahidi olduq, amma bununla yana\u015f\u0131 yenid\u0259n-qurma i\u015fl\u0259rini d\u0259 g\u00f6rd\u00fck. B\u0259rpa i\u015fl\u0259ri ba\u015fa \u00e7atd\u0131qdan sonra regionun nec\u0259 g\u00f6z\u0259l olaca\u011f\u0131n\u0131 t\u0259s\u0259vv\u00fcr etm\u0259k \u00e7ox xo\u015fdur. M\u0259nim \u00f6lk\u0259m s\u00fclh\u00fc d\u0259st\u0259l\u0259y\u0259n bir \u00f6lk\u0259dir. \u018fmin\u0259m ki, qar\u015f\u0131da olan s\u00fclh prosesinin inki\u015faf\u0131 italyan turistl\u0259rind\u0259 diqq\u0259tini \u00e7\u0259k\u0259c\u0259k v\u0259 onlar\u0131n buraya s\u0259yah\u0259t etm\u0259si iki \u00f6lk\u0259 aras\u0131nda \u0259laq\u0259l\u0259ri m\u00f6hk\u0259ml\u0259ndir\u0259c\u0259k&#8221;, -dey\u0259 o qeyd edib.<\/p>\n<p>Beyn\u0259lxalq s\u0259yyahlar\u0131n Az\u0259rbaycan \u0259razil\u0259rin\u0259 s\u0259f\u0259r etm\u0259si v\u0259 burada erm\u0259nil\u0259r t\u0259r\u0259find\u0259n t\u00f6r\u0259dil\u0259n v\u0259h\u015filikl\u0259ri, da\u011f\u0131nt\u0131lar\u0131 \u00f6z g\u00f6zl\u0259ril\u0259 g\u00f6rm\u0259si, s\u0259sl\u0259ndirdikl\u0259ri b\u0259yanatlar uzun ill\u0259rdir Az\u0259rbaycan\u0131n haqq s\u0259sin\u0259 cavab verm\u0259y\u0259n UNESCO \u00fc\u00e7\u00fcn a\u00e7\u0131q mesajd\u0131r. \u0130lk n\u00f6vb\u0259d\u0259 onu qeyd etm\u0259k laz\u0131md\u0131r ki, UNESCO-nun Erm\u0259nistan\u0131n saxta iddias\u0131 \u0259sas\u0131nda missiya g\u00f6nd\u0259rm\u0259k niyy\u0259ti riyakarl\u0131qd\u0131r. Uzun ill\u0259rdir Az\u0259rbaycan erm\u0259nil\u0259r t\u0259r\u0259find\u0259n h\u0259m Erm\u0259nistanda, h\u0259m d\u0259 i\u015f\u011fal alt\u0131nda olan \u0259razil\u0259rd\u0259 Az\u0259rbaycan xalq\u0131n\u0131n milli-m\u0259d\u0259ni irsinin da\u011f\u0131d\u0131lmas\u0131, silinm\u0259si istiqam\u0259tind\u0259 m\u0259qs\u0259dy\u00f6nl\u00fc i\u015f apar\u0131ld\u0131\u011f\u0131 bar\u0259d\u0259 UNESCO-ya m\u00fcraci\u0259t ed\u0259r\u0259k, m\u00fcvafiq missiyalar\u0131n g\u00f6nd\u0259rilm\u0259sini v\u0259 bu cinay\u0259tl\u0259r\u0259 son qoyulmas\u0131n\u0131 t\u0259l\u0259b etdi. Amma t\u0259\u015fkilat b\u00fct\u00fcn bu m\u00fcraci\u0259tl\u0259ri qulaqard\u0131na vurdu v\u0259 he\u00e7 bir t\u0259dbir g\u00f6rm\u0259di.<\/p>\n<p>Bu g\u00fcn is\u0259 bu \u0259razil\u0259r\u0259 g\u0259l\u0259n beyn\u0259lxalq s\u0259yyahlar UNESCO-nun g\u00f6rm\u0259li v\u0259 dem\u0259li oldu\u011fu m\u0259s\u0259l\u0259l\u0259ri deyirl\u0259r. UNESCO da onlar\u0131n a\u00e7\u0131qlamalar\u0131n\u0131 g\u00f6rm\u0259zd\u0259n g\u0259lm\u0259k \u0259v\u0259zin\u0259 d\u00fczg\u00fcn qiym\u0259t verm\u0259yi bacarmal\u0131d\u0131r.<\/p>\n<p>M\u0259s\u0259l\u0259ni Trend-\u0259 \u015f\u0259rh ed\u0259n Milli M\u0259clisin deputat\u0131 Cavid Osmanov bildirib ki, erm\u0259nil\u0259r uzun ill\u0259r \u0259rzind\u0259 h\u0259m indiki Erm\u0259nistan \u0259razisind\u0259, h\u0259m 30 il \u0259rzind\u0259 i\u015f\u011fal alt\u0131nda saxlad\u0131qlar\u0131 tarixi Az\u0259rbaycan torpaqlar\u0131nda Az\u0259rbaycan\u0131n milli-m\u0259d\u0259ni irsinin da\u011f\u0131d\u0131lmas\u0131, yer \u00fcz\u00fcnd\u0259n silinm\u0259si istiqam\u0259tind\u0259 m\u0259qs\u0259dy\u00f6nl\u00fc i\u015fl\u0259r apar\u0131ablar.<\/p>\n<p>&#8220;Erm\u0259nil\u0259r tarixi saxtala\u015fd\u0131raraq Az\u0259rbaycan\u0131n tarixi v\u0259 m\u0259d\u0259ni abid\u0259l\u0259rini da\u011f\u0131d\u0131blar. 20 faiz torpaqlar\u0131m\u0131z\u0131 i\u015f\u011fal alt\u0131nda saxlad\u0131qlar\u0131 m\u00fcdd\u0259td\u0259 erm\u0259nil\u0259r burada 67 m\u0259scidd\u0259n 65-ni tamamil\u0259 da\u011f\u0131d\u0131b, iki m\u0259scidi is\u0259 s\u00f6k\u00fcb t\u0259hqir edibl\u0259r, orada heyvan saxlay\u0131blar. Erm\u0259nil\u0259r tarixi saxtala\u015fd\u0131rma\u011fa \u00e7al\u0131\u015faraq Alban dini abid\u0259l\u0259rini erm\u0259nil\u0259\u015fdirm\u0259y\u0259 c\u0259hd edibl\u0259r. Onlar i\u015f\u011fal d\u00f6vr\u00fcnd\u0259 b\u00fct\u00fcn maddi-m\u0259d\u0259ni irsimizi tamamil\u0259 m\u0259hv edibl\u0259r.<\/p>\n<p>Az\u0259rbaycan bununla ba\u011fl\u0131 d\u0259f\u0259l\u0259rl\u0259 UNESCO-ya m\u00fcraci\u0259tl\u0259r edib, lakin bu m\u00fctraci\u0259tl\u0259r h\u0259r zaman qulaqard\u0131na vurulub, t\u0259\u015fkilat guya &#8211; bu, siyasi m\u0259s\u0259l\u0259dir &#8211; dey\u0259r\u0259k m\u0259suliyy\u0259ti boynundan atma\u011fa \u00e7al\u0131\u015f\u0131b. Ancaq \u00e7ox t\u0259\u0259ss\u00fcf ki, indi Erm\u0259nistan\u0131n saxta, qondarma iddialar\u0131na UNESCO operativ reaksiya verib v\u0259 bel\u0259 bir texniki missiyan\u0131n g\u00f6nd\u0259rilm\u0259si il\u0259 ba\u011fl\u0131 haz\u0131rl\u0131q i\u015fl\u0259rinin apar\u0131ld\u0131\u011f\u0131 qeyd edilib.<\/p>\n<p>Bu g\u00fcn UNESCO Erm\u0259nistan\u0131n saxta, qondarma iddialar\u0131 \u0259sas\u0131nda yox, erm\u0259nil\u0259r t\u0259r\u0259find\u0259n viran qoyulmu\u015f \u0259razil\u0259r\u0259 s\u0259yah\u0259t ed\u0259n beyn\u0259lxalq ekspertl\u0259rin, diplomatlar\u0131n, beyn\u0259lxalq s\u0259yyahlar\u0131n a\u00e7\u0131qlamalar\u0131na diqq\u0259t etm\u0259lidir. \u018fsl h\u0259qiq\u0259t onlar\u0131n s\u00f6zl\u0259rind\u0259, m\u00fc\u015fahid\u0259l\u0259rind\u0259dir&#8221;, &#8211; dey\u0259 deputat bildirib.<\/p>\n<p>Politoloq \u015e\u0259bn\u0259m H\u0259s\u0259nova is\u0259 Trend-in sual\u0131na cavab\u0131nda qeyd edib ki, 30 il \u0259rzind\u0259 Az\u0259rbaycan\u0131n torpaqlar\u0131n\u0131 b\u00fct\u00fcn beyn\u0259lxalq h\u00fcquq normalar\u0131n\u0131 kobud \u015f\u0259kild\u0259 pozaraq i\u015f\u011fal etm\u0259kl\u0259 kifay\u0259tl\u0259nm\u0259y\u0259n Erm\u0259nistan xalq\u0131m\u0131z\u0131n milli-m\u0259n\u0259vi abid\u0259l\u0259rini m\u0259hv etm\u0259kl\u0259 o torpaqlardan izimizi bird\u0259f\u0259lik silm\u0259k m\u0259qs\u0259di, \u00e7irkin amal\u0131 il\u0259 m\u0259\u015f\u011ful idi.<\/p>\n<p>&#8220;C\u0259nab Prezident \u0130lham \u018fliyev A\u011fdama \u0259n son s\u0259f\u0259ri zaman\u0131 bildirdi ki, bu yerl\u0259r\u0259 baxanda insan\u0131n \u00fcr\u0259yi a\u011fr\u0131y\u0131r. Niy\u0259 b\u0259s UNESCO da \u00f6z missiyas\u0131na xidm\u0259t etmir, bunu unudub siyasi b\u0259yanatlar verm\u0259kl\u0259, \u00f6z\u00fcn\u00fc Fransa X\u0130N-in bir departamenti kimi apar\u0131b, erm\u0259ni maraqlar\u0131na xidm\u0259t etm\u0259kl\u0259 m\u0259\u015f\u011fuldur? S\u00f6z\u00fcged\u0259n qurum Cenevr\u0259 konvensiyalar\u0131n\u0131, g\u00f6r\u00fcn\u00fcr, unudub&#8221;, &#8211; dey\u0259 politoloq bildirib.<\/p>\n<p>O qeyd edib ki, UNESCO v\u0259 onun n\u00fcmay\u0259nd\u0259sinin unutmal\u0131 oldu\u011fu m\u0259s\u0259l\u0259 konvensiyalar yox, &#8220;Da\u011fl\u0131q Qaraba\u011f&#8221; dediyi \u0259razi vahididir.<\/p>\n<p>&#8220;Yoxdur art\u0131q bel\u0259 bir b\u00f6lg\u0259, unudun! Erm\u0259ni propoqandas\u0131na xidm\u0259ti d\u0259 unudun! Bu, sizin \u00fcst\u00fcnl\u00fcy\u00fcn\u00fcz yox, \u00f6hd\u0259liyinizdir. \u0130ll\u0259rl\u0259 susan UNESCO m\u00fcharib\u0259d\u0259n sonra Az\u0259rbaycan\u0131n viran qoyulmu\u015f \u0259razil\u0259rin\u0259 s\u0259f\u0259r ed\u0259n beyn\u0259lxalq s\u0259yyahlar\u0131n, diplomatlar\u0131n, ekspertl\u0259rin, jurnalistl\u0259rin b\u0259yanatlar\u0131na, a\u00e7\u0131qlamalar\u0131na baxmal\u0131d\u0131r. H\u0259qiq\u0259t g\u00f6z \u00f6n\u00fcnd\u0259dir. UNESCO sanki q\u0259fl\u0259t yuxusundan indi ay\u0131l\u0131b, o da t\u0259rs t\u0259r\u0259find\u0259n oyan\u0131b, Az\u0259rbaycan xalq\u0131n\u0131n b\u00fct\u00fcn m\u0259d\u0259ni irsini yerl\u0259 bir ed\u0259n Erm\u0259nistan\u0131n qondarma iddialar\u0131na operativ reaksiya g\u00f6st\u0259rir. Bu, riyakarl\u0131qdan ba\u015fqa bir \u015fey deyil&#8221;, &#8211; dey\u0259 polotoloq \u0259lav\u0259 edib.<\/p>\n<p><strong>Trend \u0130nformsiya Agentliyinin Siyas\u0259t \u015e\u00f6b\u0259si<\/strong><\/p>\n<\/div>\n<h4>M\u0259qal\u0259y\u0259 dair fotomateriallar:<\/h4>\n<div class=\"article-gallery\">\n<div class=\"lSSlideOuter \">\n<div class=\"lSSlideWrapper usingCss\">\n<ul class=\"images-list lightSlider lsGrab lSSlide\">\n<li class=\"lslide active\" data-src=\"https:\/\/img.milli.az\/2022\/02\/19\/1020949_1.jpg\" data-fancybox=\"1020949\"><img src=\"https:\/\/img.milli.az\/2022\/02\/19\/1020949_1.jpg\" alt=\"\" \/><\/li>\n<li class=\"lslide\" data-src=\"https:\/\/img.milli.az\/2022\/02\/19\/1020949_2.jpg\" data-fancybox=\"1020949\"><img src=\"https:\/\/img.milli.az\/2022\/02\/19\/1020949_2.jpg\" alt=\"\" \/><\/li>\n<\/ul>\n<div class=\"lSAction\"><\/div>\n<\/div>\n<\/div>\n<div class=\"lSSlideOuter \">\n<div class=\"lSSlideWrapper usingCss\">\n<p>&nbsp;<\/p>\n<\/div>\n<\/div>\n<\/div>\n<div class=\"social-banner\"><\/div>\n","protected":false},"excerpt":{"rendered":"<p>Fevral\u0131n 16-da 20 \u00f6lk\u0259d\u0259n 30-dan \u00e7ox d\u00fcnya\u015f\u00f6hr\u0259tli beyn\u0259lxalq s\u0259yyahlar Qaraba\u011f v\u0259 \u015e\u0259rqi Z\u0259ng\u0259zura s\u0259f\u0259r edib. Fevral\u0131n 18-d\u0259k davam ed\u0259n s\u0259f\u0259r Yer k\u00fcr\u0259sini m\u00fcvafiq parametrl\u0259r \u0259sas\u0131nda 1301 regiona b\u00f6l\u0259r\u0259k bu sah\u0259d\u0259 s\u0259yyahlar \u00fc\u00e7\u00fcn beyn\u0259lxalq standartlar\u0131 m\u00fc\u0259yy\u0259nl\u0259\u015fdir\u0259n d\u00fcnya miqyasl\u0131 &#8220;NomadMania&#8221; klubunun t\u0259\u015fkilat\u00e7\u0131l\u0131\u011f\u0131 il\u0259 h\u0259yata ke\u00e7irilib. AB\u015e, B\u00f6y\u00fck Britaniya, Almaniya, Niderland, Danimarka, Avstriya, \u0130taliya, \u0130spaniya, Portuqaliya, Pol\u015fa, Macar\u0131stan, Bosniya v\u0259 Herseqovina, Serbiya, Slovakiya, Ukrayna, T\u00fcrkiy\u0259, Tailand, K\u00fcveyt, \u018flc\u0259zair, Avstraliyan\u0131 t\u0259msil ed\u0259n s\u0259yyahlar\u0131n s\u0259f\u0259ri Az\u0259rbaycan\u0131n m\u0259d\u0259niyy\u0259t paytaxt\u0131 \u015eu\u015fadan ba\u015flay\u0131b. \u015eu\u015fa il\u0259 yax\u0131ndan tan\u0131\u015fl\u0131qdan sonra beyn\u0259lxalq s\u0259yah\u0259t\u00e7il\u0259r A\u011fdamda da olub. Onlar Qaraba\u011fdan sonra \u015e\u0259rqi Z\u0259ng\u0259zura&hellip;<\/p>\n","protected":false},"author":2,"featured_media":441119,"comment_status":"closed","ping_status":"closed","sticky":false,"template":"","format":"standard","meta":{"om_disable_all_campaigns":false,"_monsterinsights_skip_tracking":false,"_monsterinsights_sitenote_active":false,"_monsterinsights_sitenote_note":"","_monsterinsights_sitenote_category":0},"categories":[4],"tags":[],"aioseo_notices":[],"gutentor_comment":0,"rttpg_featured_image_url":{"full":["https:\/\/arantv.az\/wp-content\/uploads\/2022\/02\/1020949-1.jpg",727,431,false],"landscape":["https:\/\/arantv.az\/wp-content\/uploads\/2022\/02\/1020949-1.jpg",727,431,false],"portraits":["https:\/\/arantv.az\/wp-content\/uploads\/2022\/02\/1020949-1.jpg",727,431,false],"thumbnail":["https:\/\/arantv.az\/wp-content\/uploads\/2022\/02\/1020949-1-500x280.jpg",500,280,true],"medium":["https:\/\/arantv.az\/wp-content\/uploads\/2022\/02\/1020949-1-616x365.jpg",616,365,true],"large":["https:\/\/arantv.az\/wp-content\/uploads\/2022\/02\/1020949-1.jpg",640,379,false],"1536x1536":["https:\/\/arantv.az\/wp-content\/uploads\/2022\/02\/1020949-1.jpg",727,431,false],"2048x2048":["https:\/\/arantv.az\/wp-content\/uploads\/2022\/02\/1020949-1.jpg",727,431,false],"post-thumbnail":["https:\/\/arantv.az\/wp-content\/uploads\/2022\/02\/1020949-1-240x172.jpg",240,172,true],"advps-thumb-one":["https:\/\/arantv.az\/wp-content\/uploads\/2022\/02\/1020949-1.jpg",727,431,false]},"rttpg_author":{"display_name":"V\u00fcsal Rafiqo\u011flu","author_link":"https:\/\/arantv.az\/?author=2"},"rttpg_comment":0,"rttpg_category":"<a href=\"https:\/\/arantv.az\/?cat=4\" rel=\"category\">Siyas\u0259t<\/a>","rttpg_excerpt":"Fevral\u0131n 16-da 20 \u00f6lk\u0259d\u0259n 30-dan \u00e7ox d\u00fcnya\u015f\u00f6hr\u0259tli beyn\u0259lxalq s\u0259yyahlar Qaraba\u011f v\u0259 \u015e\u0259rqi Z\u0259ng\u0259zura s\u0259f\u0259r edib. Fevral\u0131n 18-d\u0259k davam ed\u0259n s\u0259f\u0259r Yer k\u00fcr\u0259sini m\u00fcvafiq parametrl\u0259r \u0259sas\u0131nda 1301 regiona b\u00f6l\u0259r\u0259k bu sah\u0259d\u0259 s\u0259yyahlar \u00fc\u00e7\u00fcn beyn\u0259lxalq standartlar\u0131 m\u00fc\u0259yy\u0259nl\u0259\u015fdir\u0259n d\u00fcnya miqyasl\u0131 &#8220;NomadMania&#8221; klubunun t\u0259\u015fkilat\u00e7\u0131l\u0131\u011f\u0131 il\u0259 h\u0259yata ke\u00e7irilib. AB\u015e, B\u00f6y\u00fck Britaniya, Almaniya, Niderland, Danimarka, Avstriya, \u0130taliya, \u0130spaniya, Portuqaliya, Pol\u015fa, Macar\u0131stan,&hellip;","_links":{"self":[{"href":"https:\/\/arantv.az\/index.php?rest_route=\/wp\/v2\/posts\/441117"}],"collection":[{"href":"https:\/\/arantv.az\/index.php?rest_route=\/wp\/v2\/posts"}],"about":[{"href":"https:\/\/arantv.az\/index.php?rest_route=\/wp\/v2\/types\/post"}],"author":[{"embeddable":true,"href":"https:\/\/arantv.az\/index.php?rest_route=\/wp\/v2\/users\/2"}],"replies":[{"embeddable":true,"href":"https:\/\/arantv.az\/index.php?rest_route=%2Fwp%2Fv2%2Fcomments&post=441117"}],"version-history":[{"count":0,"href":"https:\/\/arantv.az\/index.php?rest_route=\/wp\/v2\/posts\/441117\/revisions"}],"wp:featuredmedia":[{"embeddable":true,"href":"https:\/\/arantv.az\/index.php?rest_route=\/wp\/v2\/media\/441119"}],"wp:attachment":[{"href":"https:\/\/arantv.az\/index.php?rest_route=%2Fwp%2Fv2%2Fmedia&parent=441117"}],"wp:term":[{"taxonomy":"category","embeddable":true,"href":"https:\/\/arantv.az\/index.php?rest_route=%2Fwp%2Fv2%2Fcategories&post=441117"},{"taxonomy":"post_tag","embeddable":true,"href":"https:\/\/arantv.az\/index.php?rest_route=%2Fwp%2Fv2%2Ftags&post=441117"}],"curies":[{"name":"wp","href":"https:\/\/api.w.org\/{rel}","templated":true}]}}