{"id":441136,"date":"2022-02-19T15:13:22","date_gmt":"2022-02-19T12:13:22","guid":{"rendered":"http:\/\/arantv.az\/?p=441136"},"modified":"2022-02-19T15:13:22","modified_gmt":"2022-02-19T12:13:22","slug":"xin-onlara-muraci%c9%99t-edib","status":"publish","type":"post","link":"https:\/\/arantv.az\/?p=441136","title":{"rendered":"X\u0130N onlara m\u00fcraci\u0259t edib"},"content":{"rendered":"<p>Az\u0259rbaycan Xarici \u0130\u015fl\u0259r Nazirliyi (X\u0130N) diplomatik xidm\u0259t\u0259 i\u015f\u0259 q\u0259bul imtahan\u0131n\u0131n ilk m\u0259rh\u0259l\u0259sini ke\u00e7\u0259n namiz\u0259dl\u0259r\u0259 m\u00fcraci\u0259t edib.<\/p>\n<p>&nbsp;<\/p>\n<p>ARANTV.AZ x\u0259b\u0259r verir ki, bu bar\u0259d\u0259 nazirliyin \u201cFacebook\u201d s\u0259hif\u0259sind\u0259 payla\u015f\u0131m edilib.<\/p>\n<p>&nbsp;<\/p>\n<p>Qeyd edilib ki, 2022-ci il yanvar\u0131n 23-d\u0259 Xarici \u0130\u015fl\u0259r Nazirliyind\u0259 diplomatik xidm\u0259t\u0259 i\u015f\u0259 q\u0259bul olmaq \u00fc\u00e7\u00fcn D\u00f6vl\u0259t \u0130mtahan M\u0259rk\u0259zi t\u0259r\u0259find\u0259n ke\u00e7irilmi\u015f imtahan\u0131n 2-ci m\u0259rh\u0259l\u0259sind\u0259, m\u00fcsahib\u0259 m\u0259rh\u0259l\u0259sind\u0259 i\u015ftirak h\u00fcququ qazanm\u0131\u015f 113 namiz\u0259d il\u0259 22 fevral 2022-ci il tarixind\u0259 Xarici \u0130\u015fl\u0259r Nazirliyind\u0259 g\u00f6r\u00fc\u015f\u00fcn ke\u00e7irilm\u0259si n\u0259z\u0259rd\u0259 tutulub.<\/p>\n<p>&nbsp;<\/p>\n<p>&#8220;\u0130\u015ftirakla ba\u011fl\u0131 \u0259lav\u0259 m\u0259lumat namiz\u0259dl\u0259rin \u015f\u0259xsi kabinetl\u0259rind\u0259 yerl\u0259\u015fdirilib. M\u00fcsahib\u0259 m\u0259rh\u0259l\u0259sinin cari ilin mart ay\u0131n\u0131n sonu &#8211; aprel ay\u0131n\u0131n \u0259vv\u0259lind\u0259 t\u0259\u015fkil edilm\u0259si n\u0259z\u0259rd\u0259 tutulur&#8221;, &#8211; dey\u0259 \u0259lav\u0259 olunub<\/p>\n<p>&nbsp;<\/p>\n<p>&nbsp;<\/p>\n","protected":false},"excerpt":{"rendered":"<p>Az\u0259rbaycan Xarici \u0130\u015fl\u0259r Nazirliyi (X\u0130N) diplomatik xidm\u0259t\u0259 i\u015f\u0259 q\u0259bul imtahan\u0131n\u0131n ilk m\u0259rh\u0259l\u0259sini ke\u00e7\u0259n namiz\u0259dl\u0259r\u0259 m\u00fcraci\u0259t edib. &nbsp; ARANTV.AZ x\u0259b\u0259r verir ki, bu bar\u0259d\u0259 nazirliyin \u201cFacebook\u201d s\u0259hif\u0259sind\u0259 payla\u015f\u0131m edilib. &nbsp; Qeyd edilib ki, 2022-ci il yanvar\u0131n 23-d\u0259 Xarici \u0130\u015fl\u0259r Nazirliyind\u0259 diplomatik xidm\u0259t\u0259 i\u015f\u0259 q\u0259bul olmaq \u00fc\u00e7\u00fcn D\u00f6vl\u0259t \u0130mtahan M\u0259rk\u0259zi t\u0259r\u0259find\u0259n ke\u00e7irilmi\u015f imtahan\u0131n 2-ci m\u0259rh\u0259l\u0259sind\u0259, m\u00fcsahib\u0259 m\u0259rh\u0259l\u0259sind\u0259 i\u015ftirak h\u00fcququ qazanm\u0131\u015f 113 namiz\u0259d il\u0259 22 fevral 2022-ci il tarixind\u0259 Xarici \u0130\u015fl\u0259r Nazirliyind\u0259 g\u00f6r\u00fc\u015f\u00fcn ke\u00e7irilm\u0259si n\u0259z\u0259rd\u0259 tutulub. &nbsp; &#8220;\u0130\u015ftirakla ba\u011fl\u0131 \u0259lav\u0259 m\u0259lumat namiz\u0259dl\u0259rin \u015f\u0259xsi kabinetl\u0259rind\u0259 yerl\u0259\u015fdirilib. M\u00fcsahib\u0259 m\u0259rh\u0259l\u0259sinin cari ilin mart ay\u0131n\u0131n sonu &#8211;&hellip;<\/p>\n","protected":false},"author":2,"featured_media":441137,"comment_status":"closed","ping_status":"closed","sticky":false,"template":"","format":"standard","meta":{"om_disable_all_campaigns":false,"_monsterinsights_skip_tracking":false,"_monsterinsights_sitenote_active":false,"_monsterinsights_sitenote_note":"","_monsterinsights_sitenote_category":0},"categories":[4],"tags":[],"aioseo_notices":[],"gutentor_comment":0,"rttpg_featured_image_url":{"full":["https:\/\/arantv.az\/wp-content\/uploads\/2022\/02\/427357df158877863190482053310356926.jpg",975,540,false],"landscape":["https:\/\/arantv.az\/wp-content\/uploads\/2022\/02\/427357df158877863190482053310356926.jpg",975,540,false],"portraits":["https:\/\/arantv.az\/wp-content\/uploads\/2022\/02\/427357df158877863190482053310356926.jpg",975,540,false],"thumbnail":["https:\/\/arantv.az\/wp-content\/uploads\/2022\/02\/427357df158877863190482053310356926-500x280.jpg",500,280,true],"medium":["https:\/\/arantv.az\/wp-content\/uploads\/2022\/02\/427357df158877863190482053310356926-660x365.jpg",660,365,true],"large":["https:\/\/arantv.az\/wp-content\/uploads\/2022\/02\/427357df158877863190482053310356926-840x465.jpg",640,354,true],"1536x1536":["https:\/\/arantv.az\/wp-content\/uploads\/2022\/02\/427357df158877863190482053310356926.jpg",975,540,false],"2048x2048":["https:\/\/arantv.az\/wp-content\/uploads\/2022\/02\/427357df158877863190482053310356926.jpg",975,540,false],"post-thumbnail":["https:\/\/arantv.az\/wp-content\/uploads\/2022\/02\/427357df158877863190482053310356926-240x172.jpg",240,172,true],"advps-thumb-one":["https:\/\/arantv.az\/wp-content\/uploads\/2022\/02\/427357df158877863190482053310356926.jpg",975,540,false]},"rttpg_author":{"display_name":"V\u00fcsal Rafiqo\u011flu","author_link":"https:\/\/arantv.az\/?author=2"},"rttpg_comment":0,"rttpg_category":"<a href=\"https:\/\/arantv.az\/?cat=4\" rel=\"category\">Siyas\u0259t<\/a>","rttpg_excerpt":"Az\u0259rbaycan Xarici \u0130\u015fl\u0259r Nazirliyi (X\u0130N) diplomatik xidm\u0259t\u0259 i\u015f\u0259 q\u0259bul imtahan\u0131n\u0131n ilk m\u0259rh\u0259l\u0259sini ke\u00e7\u0259n namiz\u0259dl\u0259r\u0259 m\u00fcraci\u0259t edib. &nbsp; ARANTV.AZ x\u0259b\u0259r verir ki, bu bar\u0259d\u0259 nazirliyin \u201cFacebook\u201d s\u0259hif\u0259sind\u0259 payla\u015f\u0131m edilib. &nbsp; Qeyd edilib ki, 2022-ci il yanvar\u0131n 23-d\u0259 Xarici \u0130\u015fl\u0259r Nazirliyind\u0259 diplomatik xidm\u0259t\u0259 i\u015f\u0259 q\u0259bul olmaq \u00fc\u00e7\u00fcn D\u00f6vl\u0259t \u0130mtahan M\u0259rk\u0259zi t\u0259r\u0259find\u0259n ke\u00e7irilmi\u015f imtahan\u0131n 2-ci m\u0259rh\u0259l\u0259sind\u0259, m\u00fcsahib\u0259 m\u0259rh\u0259l\u0259sind\u0259&hellip;","_links":{"self":[{"href":"https:\/\/arantv.az\/index.php?rest_route=\/wp\/v2\/posts\/441136"}],"collection":[{"href":"https:\/\/arantv.az\/index.php?rest_route=\/wp\/v2\/posts"}],"about":[{"href":"https:\/\/arantv.az\/index.php?rest_route=\/wp\/v2\/types\/post"}],"author":[{"embeddable":true,"href":"https:\/\/arantv.az\/index.php?rest_route=\/wp\/v2\/users\/2"}],"replies":[{"embeddable":true,"href":"https:\/\/arantv.az\/index.php?rest_route=%2Fwp%2Fv2%2Fcomments&post=441136"}],"version-history":[{"count":0,"href":"https:\/\/arantv.az\/index.php?rest_route=\/wp\/v2\/posts\/441136\/revisions"}],"wp:featuredmedia":[{"embeddable":true,"href":"https:\/\/arantv.az\/index.php?rest_route=\/wp\/v2\/media\/441137"}],"wp:attachment":[{"href":"https:\/\/arantv.az\/index.php?rest_route=%2Fwp%2Fv2%2Fmedia&parent=441136"}],"wp:term":[{"taxonomy":"category","embeddable":true,"href":"https:\/\/arantv.az\/index.php?rest_route=%2Fwp%2Fv2%2Fcategories&post=441136"},{"taxonomy":"post_tag","embeddable":true,"href":"https:\/\/arantv.az\/index.php?rest_route=%2Fwp%2Fv2%2Ftags&post=441136"}],"curies":[{"name":"wp","href":"https:\/\/api.w.org\/{rel}","templated":true}]}}