{"id":441157,"date":"2022-02-19T19:00:52","date_gmt":"2022-02-19T16:00:52","guid":{"rendered":"http:\/\/arantv.az\/?p=441157"},"modified":"2022-02-19T19:00:52","modified_gmt":"2022-02-19T16:00:52","slug":"r%c9%99smi-vasinqton-az%c9%99rbaycana-t%c9%99s%c9%99kkur-etdi-video","status":"publish","type":"post","link":"https:\/\/arantv.az\/?p=441157","title":{"rendered":"R\u0259smi Va\u015finqton Az\u0259rbaycana t\u0259\u015f\u0259kk\u00fcr etdi &#8211; V\u0130DEO"},"content":{"rendered":"<article class=\"news\">\n<div class=\"news-inner\">\n<p>AB\u015e d\u00f6vl\u0259t katibinin k\u00f6m\u0259k\u00e7isinin m\u00fcavini Erika Olson AB\u015e v\u0259 Az\u0259rbaycan aras\u0131nda diplomatik m\u00fcnasib\u0259tl\u0259rin 30-cu ild\u00f6n\u00fcm\u00fc m\u00fcnasib\u0259til\u0259 Va\u015finqtondan a\u00e7\u0131qlama verib.<\/p>\n<p>Bu bar\u0259d\u0259\u00a0AB\u015e-\u0131n Az\u0259rbaycandak\u0131 S\u0259firliyi m\u0259lumat yay\u0131b.<\/p>\n<div class=\"AdviadNativeVideo\"><\/div>\n<p>\u201cKe\u00e7\u0259n il Az\u0259rbaycanda olark\u0259n bizim birg\u0259 i\u015fimiz say\u0259sind\u0259 \u0259ld\u0259 olunan nailiyy\u0259tl\u0259ri\u00a0n\u0259z\u0259rd\u0259n ke\u00e7irdim.<\/p>\n<p>Biz Az\u0259rbaycan\u0131n iqtisadiyyat\u0131n\u0131 \u015fax\u0259l\u0259ndirm\u0259si\u00a0v\u0259 Avropan\u0131n enerji t\u0259hl\u00fck\u0259sizliyinin g\u00fccl\u0259ndirilm\u0259si istiqam\u0259tind\u0259 olan s\u0259yl\u0259rini d\u0259st\u0259kl\u0259m\u0259y\u0259 davam ed\u0259c\u0259yik.<\/p>\n<p>Kabil hava liman\u0131n\u0131n m\u00fchafiz\u0259sini t\u0259min ed\u0259n \u00f6lk\u0259l\u0259rin s\u0131ras\u0131nda xidm\u0259tin\u0259 v\u0259 \u00fcmumilikd\u0259 NATO-nun \u0259m\u0259liyyatlar\u0131n\u0131 d\u0259st\u0259kl\u0259diyin\u0259 g\u00f6r\u0259 Az\u0259rbaycana\u00a0t\u0259\u015f\u0259kk\u00fcr\u00fcm\u00fcz\u00fc bildiririk\u201d &#8211; dey\u0259 o, a\u00e7\u0131qlamas\u0131nda qeyd edib.<\/p>\n<p>A\u00e7\u0131qlaman\u0131n tam g\u00f6r\u00fcnt\u00fcl\u0259rini t\u0259qdim edirik:<\/p>\n<div><iframe loading=\"lazy\" src=\"https:\/\/player.baku.tv\/embed\/50607\" width=\"560\" height=\"315\" frameborder=\"0\" allowfullscreen=\"allowfullscreen\" data-mce-fragment=\"1\"><\/iframe><\/div>\n<\/div>\n<\/article>\n","protected":false},"excerpt":{"rendered":"<p>AB\u015e d\u00f6vl\u0259t katibinin k\u00f6m\u0259k\u00e7isinin m\u00fcavini Erika Olson AB\u015e v\u0259 Az\u0259rbaycan aras\u0131nda diplomatik m\u00fcnasib\u0259tl\u0259rin 30-cu ild\u00f6n\u00fcm\u00fc m\u00fcnasib\u0259til\u0259 Va\u015finqtondan a\u00e7\u0131qlama verib. Bu bar\u0259d\u0259\u00a0AB\u015e-\u0131n Az\u0259rbaycandak\u0131 S\u0259firliyi m\u0259lumat yay\u0131b. \u201cKe\u00e7\u0259n il Az\u0259rbaycanda olark\u0259n bizim birg\u0259 i\u015fimiz say\u0259sind\u0259 \u0259ld\u0259 olunan nailiyy\u0259tl\u0259ri\u00a0n\u0259z\u0259rd\u0259n ke\u00e7irdim. Biz Az\u0259rbaycan\u0131n iqtisadiyyat\u0131n\u0131 \u015fax\u0259l\u0259ndirm\u0259si\u00a0v\u0259 Avropan\u0131n enerji t\u0259hl\u00fck\u0259sizliyinin g\u00fccl\u0259ndirilm\u0259si istiqam\u0259tind\u0259 olan s\u0259yl\u0259rini d\u0259st\u0259kl\u0259m\u0259y\u0259 davam ed\u0259c\u0259yik. Kabil hava liman\u0131n\u0131n m\u00fchafiz\u0259sini t\u0259min ed\u0259n \u00f6lk\u0259l\u0259rin s\u0131ras\u0131nda xidm\u0259tin\u0259 v\u0259 \u00fcmumilikd\u0259 NATO-nun \u0259m\u0259liyyatlar\u0131n\u0131 d\u0259st\u0259kl\u0259diyin\u0259 g\u00f6r\u0259 Az\u0259rbaycana\u00a0t\u0259\u015f\u0259kk\u00fcr\u00fcm\u00fcz\u00fc bildiririk\u201d &#8211; dey\u0259 o, a\u00e7\u0131qlamas\u0131nda qeyd edib. A\u00e7\u0131qlaman\u0131n tam g\u00f6r\u00fcnt\u00fcl\u0259rini t\u0259qdim edirik:<\/p>\n","protected":false},"author":2,"featured_media":441158,"comment_status":"closed","ping_status":"closed","sticky":false,"template":"","format":"standard","meta":{"om_disable_all_campaigns":false,"_monsterinsights_skip_tracking":false,"_monsterinsights_sitenote_active":false,"_monsterinsights_sitenote_note":"","_monsterinsights_sitenote_category":0},"categories":[4],"tags":[],"aioseo_notices":[],"gutentor_comment":0,"rttpg_featured_image_url":{"full":["https:\/\/arantv.az\/wp-content\/uploads\/2022\/02\/FotoJet-2022-02-19T172903.395.jpg",620,413,false],"landscape":["https:\/\/arantv.az\/wp-content\/uploads\/2022\/02\/FotoJet-2022-02-19T172903.395.jpg",620,413,false],"portraits":["https:\/\/arantv.az\/wp-content\/uploads\/2022\/02\/FotoJet-2022-02-19T172903.395.jpg",620,413,false],"thumbnail":["https:\/\/arantv.az\/wp-content\/uploads\/2022\/02\/FotoJet-2022-02-19T172903.395-500x280.jpg",500,280,true],"medium":["https:\/\/arantv.az\/wp-content\/uploads\/2022\/02\/FotoJet-2022-02-19T172903.395-548x365.jpg",548,365,true],"large":["https:\/\/arantv.az\/wp-content\/uploads\/2022\/02\/FotoJet-2022-02-19T172903.395.jpg",620,413,false],"1536x1536":["https:\/\/arantv.az\/wp-content\/uploads\/2022\/02\/FotoJet-2022-02-19T172903.395.jpg",620,413,false],"2048x2048":["https:\/\/arantv.az\/wp-content\/uploads\/2022\/02\/FotoJet-2022-02-19T172903.395.jpg",620,413,false],"post-thumbnail":["https:\/\/arantv.az\/wp-content\/uploads\/2022\/02\/FotoJet-2022-02-19T172903.395-240x172.jpg",240,172,true],"advps-thumb-one":["https:\/\/arantv.az\/wp-content\/uploads\/2022\/02\/FotoJet-2022-02-19T172903.395.jpg",620,413,false]},"rttpg_author":{"display_name":"V\u00fcsal Rafiqo\u011flu","author_link":"https:\/\/arantv.az\/?author=2"},"rttpg_comment":0,"rttpg_category":"<a href=\"https:\/\/arantv.az\/?cat=4\" rel=\"category\">Siyas\u0259t<\/a>","rttpg_excerpt":"AB\u015e d\u00f6vl\u0259t katibinin k\u00f6m\u0259k\u00e7isinin m\u00fcavini Erika Olson AB\u015e v\u0259 Az\u0259rbaycan aras\u0131nda diplomatik m\u00fcnasib\u0259tl\u0259rin 30-cu ild\u00f6n\u00fcm\u00fc m\u00fcnasib\u0259til\u0259 Va\u015finqtondan a\u00e7\u0131qlama verib. Bu bar\u0259d\u0259\u00a0AB\u015e-\u0131n Az\u0259rbaycandak\u0131 S\u0259firliyi m\u0259lumat yay\u0131b. \u201cKe\u00e7\u0259n il Az\u0259rbaycanda olark\u0259n bizim birg\u0259 i\u015fimiz say\u0259sind\u0259 \u0259ld\u0259 olunan nailiyy\u0259tl\u0259ri\u00a0n\u0259z\u0259rd\u0259n ke\u00e7irdim. Biz Az\u0259rbaycan\u0131n iqtisadiyyat\u0131n\u0131 \u015fax\u0259l\u0259ndirm\u0259si\u00a0v\u0259 Avropan\u0131n enerji t\u0259hl\u00fck\u0259sizliyinin g\u00fccl\u0259ndirilm\u0259si istiqam\u0259tind\u0259 olan s\u0259yl\u0259rini d\u0259st\u0259kl\u0259m\u0259y\u0259 davam ed\u0259c\u0259yik. Kabil hava liman\u0131n\u0131n m\u00fchafiz\u0259sini&hellip;","_links":{"self":[{"href":"https:\/\/arantv.az\/index.php?rest_route=\/wp\/v2\/posts\/441157"}],"collection":[{"href":"https:\/\/arantv.az\/index.php?rest_route=\/wp\/v2\/posts"}],"about":[{"href":"https:\/\/arantv.az\/index.php?rest_route=\/wp\/v2\/types\/post"}],"author":[{"embeddable":true,"href":"https:\/\/arantv.az\/index.php?rest_route=\/wp\/v2\/users\/2"}],"replies":[{"embeddable":true,"href":"https:\/\/arantv.az\/index.php?rest_route=%2Fwp%2Fv2%2Fcomments&post=441157"}],"version-history":[{"count":0,"href":"https:\/\/arantv.az\/index.php?rest_route=\/wp\/v2\/posts\/441157\/revisions"}],"wp:featuredmedia":[{"embeddable":true,"href":"https:\/\/arantv.az\/index.php?rest_route=\/wp\/v2\/media\/441158"}],"wp:attachment":[{"href":"https:\/\/arantv.az\/index.php?rest_route=%2Fwp%2Fv2%2Fmedia&parent=441157"}],"wp:term":[{"taxonomy":"category","embeddable":true,"href":"https:\/\/arantv.az\/index.php?rest_route=%2Fwp%2Fv2%2Fcategories&post=441157"},{"taxonomy":"post_tag","embeddable":true,"href":"https:\/\/arantv.az\/index.php?rest_route=%2Fwp%2Fv2%2Ftags&post=441157"}],"curies":[{"name":"wp","href":"https:\/\/api.w.org\/{rel}","templated":true}]}}