{"id":441173,"date":"2022-02-19T19:06:15","date_gmt":"2022-02-19T16:06:15","guid":{"rendered":"http:\/\/arantv.az\/?p=441173"},"modified":"2022-02-19T19:06:15","modified_gmt":"2022-02-19T16:06:15","slug":"kremld%c9%99n-m%c9%99shur-masa-bar%c9%99d%c9%99-aciqlama","status":"publish","type":"post","link":"https:\/\/arantv.az\/?p=441173","title":{"rendered":"Kremld\u0259n m\u0259\u015fhur masa bar\u0259d\u0259 A\u00c7IQLAMA"},"content":{"rendered":"<p>Rusiya Prezidenti Vladimir Putinin xarici h\u0259mkarlar\u0131 il\u0259 g\u00f6r\u00fc\u015fl\u0259rinin m\u00fch\u00fcm hiss\u0259sini ke\u00e7irdiyi Kremld\u0259ki oval masa \u0130taliyada haz\u0131rlan\u0131b.<\/p>\n<p>Bunu\u00a0Prezident Administrasiyas\u0131n\u0131n m\u0259tbuat katibi Yelena Kr\u0131lova bildirib.<\/p>\n<p>Bu masa Putinin Fransa Prezidenti Emmanuel Makronla dan\u0131\u015f\u0131qlar\u0131ndan sonra mediada maraq do\u011furub. Bel\u0259 bir m\u0259saf\u0259d\u0259 dialoq sosial \u015f\u0259b\u0259k\u0259l\u0259rd\u0259 m\u00fczakir\u0259l\u0259r\u0259 s\u0259b\u0259b oldu. Masan\u0131n m\u00fc\u0259llifi il\u0259 ba\u011fl\u0131 m\u0259tbuatda da x\u0259b\u0259rl\u0259r yay\u0131l\u0131b: b\u0259zil\u0259ri onun italyan ustalar\u0131n\u0131n i\u015fi oldu\u011funu yaz\u0131b, b\u0259zil\u0259ri is\u0259 m\u00fc\u0259llifliyi ispanlara aid edib.<\/p>\n<p>Eyni masa arxas\u0131nda Putin bu yax\u0131nlarda Almaniya kansleri Olaf\u00a0\u015eolz v\u0259 dig\u0259r \u00f6lk\u0259l\u0259rin liderl\u0259ri il\u0259 g\u00f6r\u00fc\u015f\u00fcb.<\/p>\n<p>Kr\u0131lovan\u0131n s\u00f6zl\u0259rin\u0259 g\u00f6r\u0259, bu masa 1996-c\u0131 ild\u0259n Kremld\u0259dir.<\/p>\n<p>\u201cRusiya Prezidenti Vladimir Vladimirovi\u00e7 Putinin bir s\u0131ra beyn\u0259lxalq g\u00f6r\u00fc\u015fl\u0259rinin ke\u00e7irildiyi oval masa d\u00f6vl\u0259t ba\u015f\u00e7\u0131s\u0131n\u0131n n\u00fcmay\u0259nd\u0259liyind\u0259ki b\u00fct\u00fcn mebell\u0259r kimi, 30 ild\u0259n art\u0131qd\u0131r ki, Kremld\u0259dir. \u0130taliya istehsal\u0131 olan masan\u0131n \u00f6l\u00e7\u00fcl\u0259ri: uzunlu\u011fu 5 metr v\u0259 eni 2,15 metrdir\u201d, &#8211; dey\u0259 o bildirib.<\/p>\n<p>M\u0259nb\u0259: R\u0130A Novosti<\/p>\n","protected":false},"excerpt":{"rendered":"<p>Rusiya Prezidenti Vladimir Putinin xarici h\u0259mkarlar\u0131 il\u0259 g\u00f6r\u00fc\u015fl\u0259rinin m\u00fch\u00fcm hiss\u0259sini ke\u00e7irdiyi Kremld\u0259ki oval masa \u0130taliyada haz\u0131rlan\u0131b. Bunu\u00a0Prezident Administrasiyas\u0131n\u0131n m\u0259tbuat katibi Yelena Kr\u0131lova bildirib. Bu masa Putinin Fransa Prezidenti Emmanuel Makronla dan\u0131\u015f\u0131qlar\u0131ndan sonra mediada maraq do\u011furub. Bel\u0259 bir m\u0259saf\u0259d\u0259 dialoq sosial \u015f\u0259b\u0259k\u0259l\u0259rd\u0259 m\u00fczakir\u0259l\u0259r\u0259 s\u0259b\u0259b oldu. Masan\u0131n m\u00fc\u0259llifi il\u0259 ba\u011fl\u0131 m\u0259tbuatda da x\u0259b\u0259rl\u0259r yay\u0131l\u0131b: b\u0259zil\u0259ri onun italyan ustalar\u0131n\u0131n i\u015fi oldu\u011funu yaz\u0131b, b\u0259zil\u0259ri is\u0259 m\u00fc\u0259llifliyi ispanlara aid edib. Eyni masa arxas\u0131nda Putin bu yax\u0131nlarda Almaniya kansleri Olaf\u00a0\u015eolz v\u0259 dig\u0259r \u00f6lk\u0259l\u0259rin liderl\u0259ri il\u0259 g\u00f6r\u00fc\u015f\u00fcb. Kr\u0131lovan\u0131n s\u00f6zl\u0259rin\u0259 g\u00f6r\u0259, bu masa 1996-c\u0131 ild\u0259n Kremld\u0259dir. \u201cRusiya Prezidenti&hellip;<\/p>\n","protected":false},"author":2,"featured_media":441174,"comment_status":"closed","ping_status":"closed","sticky":false,"template":"","format":"standard","meta":{"om_disable_all_campaigns":false,"_monsterinsights_skip_tracking":false,"_monsterinsights_sitenote_active":false,"_monsterinsights_sitenote_note":"","_monsterinsights_sitenote_category":0},"categories":[7],"tags":[],"aioseo_notices":[],"gutentor_comment":0,"rttpg_featured_image_url":{"full":["https:\/\/arantv.az\/wp-content\/uploads\/2022\/02\/273859352_489395695906590_3533643254815141679_n.jpg",620,413,false],"landscape":["https:\/\/arantv.az\/wp-content\/uploads\/2022\/02\/273859352_489395695906590_3533643254815141679_n.jpg",620,413,false],"portraits":["https:\/\/arantv.az\/wp-content\/uploads\/2022\/02\/273859352_489395695906590_3533643254815141679_n.jpg",620,413,false],"thumbnail":["https:\/\/arantv.az\/wp-content\/uploads\/2022\/02\/273859352_489395695906590_3533643254815141679_n-500x280.jpg",500,280,true],"medium":["https:\/\/arantv.az\/wp-content\/uploads\/2022\/02\/273859352_489395695906590_3533643254815141679_n-548x365.jpg",548,365,true],"large":["https:\/\/arantv.az\/wp-content\/uploads\/2022\/02\/273859352_489395695906590_3533643254815141679_n.jpg",620,413,false],"1536x1536":["https:\/\/arantv.az\/wp-content\/uploads\/2022\/02\/273859352_489395695906590_3533643254815141679_n.jpg",620,413,false],"2048x2048":["https:\/\/arantv.az\/wp-content\/uploads\/2022\/02\/273859352_489395695906590_3533643254815141679_n.jpg",620,413,false],"post-thumbnail":["https:\/\/arantv.az\/wp-content\/uploads\/2022\/02\/273859352_489395695906590_3533643254815141679_n-240x172.jpg",240,172,true],"advps-thumb-one":["https:\/\/arantv.az\/wp-content\/uploads\/2022\/02\/273859352_489395695906590_3533643254815141679_n.jpg",620,413,false]},"rttpg_author":{"display_name":"V\u00fcsal Rafiqo\u011flu","author_link":"https:\/\/arantv.az\/?author=2"},"rttpg_comment":0,"rttpg_category":"<a href=\"https:\/\/arantv.az\/?cat=7\" rel=\"category\">D\u00fcnya<\/a>","rttpg_excerpt":"Rusiya Prezidenti Vladimir Putinin xarici h\u0259mkarlar\u0131 il\u0259 g\u00f6r\u00fc\u015fl\u0259rinin m\u00fch\u00fcm hiss\u0259sini ke\u00e7irdiyi Kremld\u0259ki oval masa \u0130taliyada haz\u0131rlan\u0131b. Bunu\u00a0Prezident Administrasiyas\u0131n\u0131n m\u0259tbuat katibi Yelena Kr\u0131lova bildirib. Bu masa Putinin Fransa Prezidenti Emmanuel Makronla dan\u0131\u015f\u0131qlar\u0131ndan sonra mediada maraq do\u011furub. Bel\u0259 bir m\u0259saf\u0259d\u0259 dialoq sosial \u015f\u0259b\u0259k\u0259l\u0259rd\u0259 m\u00fczakir\u0259l\u0259r\u0259 s\u0259b\u0259b oldu. Masan\u0131n m\u00fc\u0259llifi il\u0259 ba\u011fl\u0131 m\u0259tbuatda da x\u0259b\u0259rl\u0259r yay\u0131l\u0131b: b\u0259zil\u0259ri onun italyan&hellip;","_links":{"self":[{"href":"https:\/\/arantv.az\/index.php?rest_route=\/wp\/v2\/posts\/441173"}],"collection":[{"href":"https:\/\/arantv.az\/index.php?rest_route=\/wp\/v2\/posts"}],"about":[{"href":"https:\/\/arantv.az\/index.php?rest_route=\/wp\/v2\/types\/post"}],"author":[{"embeddable":true,"href":"https:\/\/arantv.az\/index.php?rest_route=\/wp\/v2\/users\/2"}],"replies":[{"embeddable":true,"href":"https:\/\/arantv.az\/index.php?rest_route=%2Fwp%2Fv2%2Fcomments&post=441173"}],"version-history":[{"count":0,"href":"https:\/\/arantv.az\/index.php?rest_route=\/wp\/v2\/posts\/441173\/revisions"}],"wp:featuredmedia":[{"embeddable":true,"href":"https:\/\/arantv.az\/index.php?rest_route=\/wp\/v2\/media\/441174"}],"wp:attachment":[{"href":"https:\/\/arantv.az\/index.php?rest_route=%2Fwp%2Fv2%2Fmedia&parent=441173"}],"wp:term":[{"taxonomy":"category","embeddable":true,"href":"https:\/\/arantv.az\/index.php?rest_route=%2Fwp%2Fv2%2Fcategories&post=441173"},{"taxonomy":"post_tag","embeddable":true,"href":"https:\/\/arantv.az\/index.php?rest_route=%2Fwp%2Fv2%2Ftags&post=441173"}],"curies":[{"name":"wp","href":"https:\/\/api.w.org\/{rel}","templated":true}]}}