{"id":441176,"date":"2022-02-19T19:07:42","date_gmt":"2022-02-19T16:07:42","guid":{"rendered":"http:\/\/arantv.az\/?p=441176"},"modified":"2022-02-19T19:07:42","modified_gmt":"2022-02-19T16:07:42","slug":"rusiya-az%c9%99rbaycan-gomruyund%c9%99-sixliq-yarandi-s%c9%99b%c9%99b-aciqlandi","status":"publish","type":"post","link":"https:\/\/arantv.az\/?p=441176","title":{"rendered":"Rusiya-Az\u0259rbaycan g\u00f6mr\u00fcy\u00fcnd\u0259 s\u0131xl\u0131q yarand\u0131: S\u0259b\u0259b A\u00c7IQLANDI"},"content":{"rendered":"<p>Son g\u00fcnl\u0259r \u00f6lk\u0259mizin Rusiya Federasiyas\u0131 il\u0259 s\u0259rh\u0259dd\u0259 yerl\u0259\u015f\u0259n \u015eimal \u018frazi Ba\u015f G\u00f6mr\u00fck \u0130dar\u0259sinin \u201cSamur\u201d g\u00f6mr\u00fck postundan ke\u00e7\u0259n y\u00fck n\u0259qliyyat vasit\u0259l\u0259rinin nisbi s\u0131xl\u0131\u011f\u0131 m\u00fc\u015fahid\u0259 olunur.<\/p>\n<p>M\u0259s\u0259l\u0259 il\u0259 ba\u011fl\u0131 D\u00f6vl\u0259t G\u00f6mr\u00fck Komit\u0259sinin M\u0259tbuat v\u0259 ictimaiyy\u0259tl\u0259 \u0259laq\u0259l\u0259r idar\u0259sinin r\u0259isi Natiq Axundov Oxu.Az-a a\u00e7\u0131qlama verib.<\/p>\n<p>Onun s\u00f6zl\u0259rin\u0259 g\u00f6r\u0259, \u201cSamur\u201d g\u00f6mr\u00fck postundan ke\u00e7\u0259n y\u00fck n\u0259qliyyat vasit\u0259l\u0259rinin s\u0131xl\u0131\u011f\u0131na s\u0259b\u0259b Rusiya t\u0259r\u0259find\u0259 yerl\u0259\u015f\u0259n g\u00f6mr\u00fck-ke\u00e7id m\u0259nt\u0259q\u0259sind\u0259 tikinti-qura\u015fd\u0131rma i\u015fl\u0259rinin apar\u0131lmas\u0131 olub:<\/p>\n<p>\u201cBuna s\u0259b\u0259b Rusiya t\u0259r\u0259find\u0259 yerl\u0259\u015f\u0259n g\u00f6mr\u00fck-ke\u00e7id m\u0259nt\u0259q\u0259sind\u0259 tikinti-qura\u015fd\u0131rma i\u015fl\u0259rinin apar\u0131lmas\u0131d\u0131r. M\u0259hz buna g\u00f6r\u0259 d\u0259 \u201cSamur\u201d g\u00f6mr\u00fck postunun ixrac n\u0259zar\u0259t x\u0259tti vasit\u0259sil\u0259 g\u00fcnd\u0259lik y\u00fck n\u0259qliyyat vasit\u0259sinin say etibar\u0131 il\u0259 ke\u00e7idi 150-200-\u0259 q\u0259d\u0259r enib.<\/p>\n<p>\u201cSamur\u201d g\u00f6mr\u00fck postu vasit\u0259sil\u0259 g\u00fcnd\u0259lik h\u0259m ixrac, h\u0259m d\u0259 idxal n\u0259zar\u0259t x\u0259tl\u0259ri \u00fczr\u0259 500, y\u0259ni \u00fcmumilikd\u0259 1000 y\u00fck n\u0259qliyyat vasit\u0259sinin ke\u00e7idini t\u0259min etm\u0259k m\u00fcmk\u00fcnd\u00fcr. Lakin Rusiya t\u0259r\u0259find\u0259 yerl\u0259\u015f\u0259n g\u00f6mr\u00fck-ke\u00e7id m\u0259nt\u0259q\u0259sinin infrastrukturu v\u0259 apar\u0131lan t\u0259mir-tikinti i\u015fl\u0259ri y\u00fck n\u0259qliyyat vasit\u0259l\u0259rinin ke\u00e7idini art\u0131rma\u011fa imkan vermir. S\u0259rh\u0259dke\u00e7m\u0259 prosesl\u0259rinin intensivliyinin art\u0131r\u0131lmas\u0131 m\u0259qs\u0259dil\u0259 \u00f6lk\u0259mizin g\u00f6mr\u00fck orqanlar\u0131 qar\u015f\u0131 t\u0259r\u0259fd\u0259ki h\u0259mkarlar\u0131 il\u0259 m\u00fct\u0259madi olaraq m\u00fczakir\u0259l\u0259r apar\u0131r v\u0259 s\u0131xl\u0131\u011f\u0131n aradan qald\u0131r\u0131lmas\u0131 il\u0259 ba\u011fl\u0131 m\u00fcvafiq t\u0259dbirl\u0259r g\u00f6r\u00fcl\u00fcr\u201d.<\/p>\n<p>Natiq Axundov qeyd edib ki, Prezident \u0130lham \u018fliyevin \u201cXanoba\u201d g\u00f6mr\u00fck postunda tikinti i\u015fl\u0259ri il\u0259 ba\u011fl\u0131 t\u0259dbirl\u0259r haqq\u0131nda\u201d s\u0259r\u0259ncam\u0131na uy\u011fun olaraq D\u00f6vl\u0259t G\u00f6mr\u00fck Komit\u0259si bu istiqam\u0259td\u0259 d\u0259 m\u00fcvafiq i\u015fl\u0259ri s\u00fcr\u0259tl\u0259 davam etdirir:<\/p>\n<p>\u201cTikinti i\u015fl\u0259ri ba\u015fa \u00e7atd\u0131qdan sonra is\u0259 \u015fimal istiqam\u0259tind\u0259 yerl\u0259\u015f\u0259n g\u00f6mr\u00fck postlar\u0131ndak\u0131 s\u0131xl\u0131qlar aradan qald\u0131r\u0131lacaq. Haz\u0131rda \u201cSamur\u201d g\u00f6mr\u00fck postu g\u00fccl\u0259ndirilmi\u015f i\u015f rejimind\u0259 f\u0259aliyy\u0259t g\u00f6st\u0259rir. Y\u00fck n\u0259qliyyat vasit\u0259l\u0259rinin s\u0131xl\u0131\u011f\u0131n\u0131n aradan qald\u0131r\u0131lmas\u0131 istiqam\u0259tind\u0259 qar\u015f\u0131 t\u0259r\u0259fl\u0259 m\u00fct\u0259madi m\u0259sl\u0259h\u0259tl\u0259\u015fm\u0259l\u0259r v\u0259 m\u00fczakir\u0259l\u0259r apar\u0131l\u0131r\u201d.<\/p>\n","protected":false},"excerpt":{"rendered":"<p>Son g\u00fcnl\u0259r \u00f6lk\u0259mizin Rusiya Federasiyas\u0131 il\u0259 s\u0259rh\u0259dd\u0259 yerl\u0259\u015f\u0259n \u015eimal \u018frazi Ba\u015f G\u00f6mr\u00fck \u0130dar\u0259sinin \u201cSamur\u201d g\u00f6mr\u00fck postundan ke\u00e7\u0259n y\u00fck n\u0259qliyyat vasit\u0259l\u0259rinin nisbi s\u0131xl\u0131\u011f\u0131 m\u00fc\u015fahid\u0259 olunur. M\u0259s\u0259l\u0259 il\u0259 ba\u011fl\u0131 D\u00f6vl\u0259t G\u00f6mr\u00fck Komit\u0259sinin M\u0259tbuat v\u0259 ictimaiyy\u0259tl\u0259 \u0259laq\u0259l\u0259r idar\u0259sinin r\u0259isi Natiq Axundov Oxu.Az-a a\u00e7\u0131qlama verib. Onun s\u00f6zl\u0259rin\u0259 g\u00f6r\u0259, \u201cSamur\u201d g\u00f6mr\u00fck postundan ke\u00e7\u0259n y\u00fck n\u0259qliyyat vasit\u0259l\u0259rinin s\u0131xl\u0131\u011f\u0131na s\u0259b\u0259b Rusiya t\u0259r\u0259find\u0259 yerl\u0259\u015f\u0259n g\u00f6mr\u00fck-ke\u00e7id m\u0259nt\u0259q\u0259sind\u0259 tikinti-qura\u015fd\u0131rma i\u015fl\u0259rinin apar\u0131lmas\u0131 olub: \u201cBuna s\u0259b\u0259b Rusiya t\u0259r\u0259find\u0259 yerl\u0259\u015f\u0259n g\u00f6mr\u00fck-ke\u00e7id m\u0259nt\u0259q\u0259sind\u0259 tikinti-qura\u015fd\u0131rma i\u015fl\u0259rinin apar\u0131lmas\u0131d\u0131r. M\u0259hz buna g\u00f6r\u0259 d\u0259 \u201cSamur\u201d g\u00f6mr\u00fck postunun ixrac n\u0259zar\u0259t x\u0259tti vasit\u0259sil\u0259 g\u00fcnd\u0259lik y\u00fck n\u0259qliyyat vasit\u0259sinin say etibar\u0131 il\u0259&hellip;<\/p>\n","protected":false},"author":2,"featured_media":441177,"comment_status":"closed","ping_status":"closed","sticky":false,"template":"","format":"standard","meta":{"om_disable_all_campaigns":false,"_monsterinsights_skip_tracking":false,"_monsterinsights_sitenote_active":false,"_monsterinsights_sitenote_note":"","_monsterinsights_sitenote_category":0},"categories":[19],"tags":[],"aioseo_notices":[],"gutentor_comment":0,"rttpg_featured_image_url":{"full":["https:\/\/arantv.az\/wp-content\/uploads\/2022\/02\/6324-trasporto-merci-su-gomma-528x328-1.jpg",528,328,false],"landscape":["https:\/\/arantv.az\/wp-content\/uploads\/2022\/02\/6324-trasporto-merci-su-gomma-528x328-1.jpg",528,328,false],"portraits":["https:\/\/arantv.az\/wp-content\/uploads\/2022\/02\/6324-trasporto-merci-su-gomma-528x328-1.jpg",528,328,false],"thumbnail":["https:\/\/arantv.az\/wp-content\/uploads\/2022\/02\/6324-trasporto-merci-su-gomma-528x328-1-500x280.jpg",500,280,true],"medium":["https:\/\/arantv.az\/wp-content\/uploads\/2022\/02\/6324-trasporto-merci-su-gomma-528x328-1.jpg",528,328,false],"large":["https:\/\/arantv.az\/wp-content\/uploads\/2022\/02\/6324-trasporto-merci-su-gomma-528x328-1.jpg",528,328,false],"1536x1536":["https:\/\/arantv.az\/wp-content\/uploads\/2022\/02\/6324-trasporto-merci-su-gomma-528x328-1.jpg",528,328,false],"2048x2048":["https:\/\/arantv.az\/wp-content\/uploads\/2022\/02\/6324-trasporto-merci-su-gomma-528x328-1.jpg",528,328,false],"post-thumbnail":["https:\/\/arantv.az\/wp-content\/uploads\/2022\/02\/6324-trasporto-merci-su-gomma-528x328-1-240x172.jpg",240,172,true],"advps-thumb-one":["https:\/\/arantv.az\/wp-content\/uploads\/2022\/02\/6324-trasporto-merci-su-gomma-528x328-1.jpg",528,328,false]},"rttpg_author":{"display_name":"V\u00fcsal Rafiqo\u011flu","author_link":"https:\/\/arantv.az\/?author=2"},"rttpg_comment":0,"rttpg_category":"<a href=\"https:\/\/arantv.az\/?cat=19\" rel=\"category\">G\u00fcnd\u0259m<\/a>","rttpg_excerpt":"Son g\u00fcnl\u0259r \u00f6lk\u0259mizin Rusiya Federasiyas\u0131 il\u0259 s\u0259rh\u0259dd\u0259 yerl\u0259\u015f\u0259n \u015eimal \u018frazi Ba\u015f G\u00f6mr\u00fck \u0130dar\u0259sinin \u201cSamur\u201d g\u00f6mr\u00fck postundan ke\u00e7\u0259n y\u00fck n\u0259qliyyat vasit\u0259l\u0259rinin nisbi s\u0131xl\u0131\u011f\u0131 m\u00fc\u015fahid\u0259 olunur. M\u0259s\u0259l\u0259 il\u0259 ba\u011fl\u0131 D\u00f6vl\u0259t G\u00f6mr\u00fck Komit\u0259sinin M\u0259tbuat v\u0259 ictimaiyy\u0259tl\u0259 \u0259laq\u0259l\u0259r idar\u0259sinin r\u0259isi Natiq Axundov Oxu.Az-a a\u00e7\u0131qlama verib. Onun s\u00f6zl\u0259rin\u0259 g\u00f6r\u0259, \u201cSamur\u201d g\u00f6mr\u00fck postundan ke\u00e7\u0259n y\u00fck n\u0259qliyyat vasit\u0259l\u0259rinin s\u0131xl\u0131\u011f\u0131na s\u0259b\u0259b Rusiya t\u0259r\u0259find\u0259&hellip;","_links":{"self":[{"href":"https:\/\/arantv.az\/index.php?rest_route=\/wp\/v2\/posts\/441176"}],"collection":[{"href":"https:\/\/arantv.az\/index.php?rest_route=\/wp\/v2\/posts"}],"about":[{"href":"https:\/\/arantv.az\/index.php?rest_route=\/wp\/v2\/types\/post"}],"author":[{"embeddable":true,"href":"https:\/\/arantv.az\/index.php?rest_route=\/wp\/v2\/users\/2"}],"replies":[{"embeddable":true,"href":"https:\/\/arantv.az\/index.php?rest_route=%2Fwp%2Fv2%2Fcomments&post=441176"}],"version-history":[{"count":0,"href":"https:\/\/arantv.az\/index.php?rest_route=\/wp\/v2\/posts\/441176\/revisions"}],"wp:featuredmedia":[{"embeddable":true,"href":"https:\/\/arantv.az\/index.php?rest_route=\/wp\/v2\/media\/441177"}],"wp:attachment":[{"href":"https:\/\/arantv.az\/index.php?rest_route=%2Fwp%2Fv2%2Fmedia&parent=441176"}],"wp:term":[{"taxonomy":"category","embeddable":true,"href":"https:\/\/arantv.az\/index.php?rest_route=%2Fwp%2Fv2%2Fcategories&post=441176"},{"taxonomy":"post_tag","embeddable":true,"href":"https:\/\/arantv.az\/index.php?rest_route=%2Fwp%2Fv2%2Ftags&post=441176"}],"curies":[{"name":"wp","href":"https:\/\/api.w.org\/{rel}","templated":true}]}}