{"id":441201,"date":"2022-02-19T19:16:51","date_gmt":"2022-02-19T16:16:51","guid":{"rendered":"http:\/\/arantv.az\/?p=441201"},"modified":"2022-02-19T19:16:51","modified_gmt":"2022-02-19T16:16:51","slug":"yap-t%c9%99rt%c9%99r-rayon-t%c9%99skilatinin-%c9%99razi-partiya-t%c9%99skilatlarinda-novb%c9%99ti-hesabat-secki-yigincaqlari-kecirildi","status":"publish","type":"post","link":"https:\/\/arantv.az\/?p=441201","title":{"rendered":"YAP T\u0259rt\u0259r rayon t\u0259\u015fkilat\u0131n\u0131n \u0259razi partiya t\u0259\u015fkilatlar\u0131nda n\u00f6vb\u0259ti hesabat-se\u00e7ki y\u0131\u011f\u0131ncaqlar\u0131 ke\u00e7irildi"},"content":{"rendered":"<p>19 fevral 2022- ci il\u00a0 tarixd\u0259 YAP T\u0259rt\u0259r rayon t\u0259\u015fkilat\u0131n\u0131n Qapanl\u0131, Evo\u011flu v\u0259 \u0130smay\u0131lb\u0259yli \u0259razi partiya t\u0259\u015fkilatlar\u0131nda n\u00f6vb\u0259ti hesabat-se\u00e7ki y\u0131\u011f\u0131ncaqlar\u0131 \u00a0ke\u00e7irildi.<\/p>\n<p><strong>ARANTV.AZ<\/strong>\u00a0 x\u0259b\u0259r verir ki, hesabat-se\u00e7ki y\u0131\u011f\u0131ncaqlar\u0131nda rayon \u00a0t\u0259\u015fkilat\u0131n\u0131n \u00a0m\u0259sul i\u015f\u00e7il\u0259ri i\u015ftirak etdil\u0259r. H\u0259r \u00fc\u00e7 \u0259razi partiya t\u0259\u015fkilatlar\u0131nda\u00a0 t\u0259\u015fkilat s\u0259rl\u0259rinin hesabatlar\u0131 dinl\u0259nilmi\u015f, m\u0259ruz\u0259 \u0259traf\u0131nda \u00e7\u0131x\u0131\u015f ed\u0259nl\u0259r \u0259razi partiya t\u0259\u015fkilatlar\u0131n\u0131n f\u0259aliyy\u0259tl\u0259rinin q\u0259na\u0259tb\u0259x\u015f hesab edilm\u0259sini t\u0259klif etdil\u0259r. Hesabat-se\u00e7ki y\u0131\u011f\u0131ncaqlar\u0131nda \u00a0t\u0259\u015fkilat\u0131 m\u0259s\u0259l\u0259y\u0259\u00a0 bax\u0131lm\u0131\u015f Qapanl\u0131, Evo\u011flu v\u0259 \u0130smay\u0131lb\u0259yli \u0259razi partiya t\u0259\u015fkilatlar\u0131na\u00a0 yeni s\u0259drl\u0259r\u00a0\u00a0 v\u0259 m\u00fcavinl\u0259r se\u00e7ildi. Y\u0131\u011f\u0131ncaqlarda \u00e7\u0131x\u0131\u015f ed\u0259n rayon t\u0259\u015fkilat\u0131n\u0131n m\u0259sul i\u015f\u00e7il\u0259ri \u0259razi partiya t\u0259\u015fkilatlar\u0131n\u0131n \u00f6z i\u015fl\u0259rini partiyan\u0131n yeni Nizamnam\u0259 v\u0259 Proqram\u0131n\u0131n t\u0259l\u0259bl\u0259ri s\u0259viyy\u0259sind\u0259 qurulmas\u0131 m\u0259qs\u0259di il\u0259\u00a0 laz\u0131mi t\u00f6vsiyy\u0259l\u0259rini verdil\u0259r.<\/p>\n","protected":false},"excerpt":{"rendered":"<p>19 fevral 2022- ci il\u00a0 tarixd\u0259 YAP T\u0259rt\u0259r rayon t\u0259\u015fkilat\u0131n\u0131n Qapanl\u0131, Evo\u011flu v\u0259 \u0130smay\u0131lb\u0259yli \u0259razi partiya t\u0259\u015fkilatlar\u0131nda n\u00f6vb\u0259ti hesabat-se\u00e7ki y\u0131\u011f\u0131ncaqlar\u0131 \u00a0ke\u00e7irildi. ARANTV.AZ\u00a0 x\u0259b\u0259r verir ki, hesabat-se\u00e7ki y\u0131\u011f\u0131ncaqlar\u0131nda rayon \u00a0t\u0259\u015fkilat\u0131n\u0131n \u00a0m\u0259sul i\u015f\u00e7il\u0259ri i\u015ftirak etdil\u0259r. H\u0259r \u00fc\u00e7 \u0259razi partiya t\u0259\u015fkilatlar\u0131nda\u00a0 t\u0259\u015fkilat s\u0259rl\u0259rinin hesabatlar\u0131 dinl\u0259nilmi\u015f, m\u0259ruz\u0259 \u0259traf\u0131nda \u00e7\u0131x\u0131\u015f ed\u0259nl\u0259r \u0259razi partiya t\u0259\u015fkilatlar\u0131n\u0131n f\u0259aliyy\u0259tl\u0259rinin q\u0259na\u0259tb\u0259x\u015f hesab edilm\u0259sini t\u0259klif etdil\u0259r. Hesabat-se\u00e7ki y\u0131\u011f\u0131ncaqlar\u0131nda \u00a0t\u0259\u015fkilat\u0131 m\u0259s\u0259l\u0259y\u0259\u00a0 bax\u0131lm\u0131\u015f Qapanl\u0131, Evo\u011flu v\u0259 \u0130smay\u0131lb\u0259yli \u0259razi partiya t\u0259\u015fkilatlar\u0131na\u00a0 yeni s\u0259drl\u0259r\u00a0\u00a0 v\u0259 m\u00fcavinl\u0259r se\u00e7ildi. Y\u0131\u011f\u0131ncaqlarda \u00e7\u0131x\u0131\u015f ed\u0259n rayon t\u0259\u015fkilat\u0131n\u0131n m\u0259sul i\u015f\u00e7il\u0259ri \u0259razi partiya t\u0259\u015fkilatlar\u0131n\u0131n \u00f6z i\u015fl\u0259rini partiyan\u0131n yeni Nizamnam\u0259 v\u0259 Proqram\u0131n\u0131n t\u0259l\u0259bl\u0259ri&hellip;<\/p>\n","protected":false},"author":2,"featured_media":441202,"comment_status":"closed","ping_status":"closed","sticky":false,"template":"","format":"standard","meta":{"om_disable_all_campaigns":false,"_monsterinsights_skip_tracking":false,"_monsterinsights_sitenote_active":false,"_monsterinsights_sitenote_note":"","_monsterinsights_sitenote_category":0},"categories":[4],"tags":[],"aioseo_notices":[],"gutentor_comment":0,"rttpg_featured_image_url":{"full":["https:\/\/arantv.az\/wp-content\/uploads\/2022\/02\/1548848371_7457701-1.jpg",975,540,false],"landscape":["https:\/\/arantv.az\/wp-content\/uploads\/2022\/02\/1548848371_7457701-1.jpg",975,540,false],"portraits":["https:\/\/arantv.az\/wp-content\/uploads\/2022\/02\/1548848371_7457701-1.jpg",975,540,false],"thumbnail":["https:\/\/arantv.az\/wp-content\/uploads\/2022\/02\/1548848371_7457701-1-500x280.jpg",500,280,true],"medium":["https:\/\/arantv.az\/wp-content\/uploads\/2022\/02\/1548848371_7457701-1-660x365.jpg",660,365,true],"large":["https:\/\/arantv.az\/wp-content\/uploads\/2022\/02\/1548848371_7457701-1-840x465.jpg",640,354,true],"1536x1536":["https:\/\/arantv.az\/wp-content\/uploads\/2022\/02\/1548848371_7457701-1.jpg",975,540,false],"2048x2048":["https:\/\/arantv.az\/wp-content\/uploads\/2022\/02\/1548848371_7457701-1.jpg",975,540,false],"post-thumbnail":["https:\/\/arantv.az\/wp-content\/uploads\/2022\/02\/1548848371_7457701-1-240x172.jpg",240,172,true],"advps-thumb-one":["https:\/\/arantv.az\/wp-content\/uploads\/2022\/02\/1548848371_7457701-1.jpg",975,540,false]},"rttpg_author":{"display_name":"V\u00fcsal Rafiqo\u011flu","author_link":"https:\/\/arantv.az\/?author=2"},"rttpg_comment":0,"rttpg_category":"<a href=\"https:\/\/arantv.az\/?cat=4\" rel=\"category\">Siyas\u0259t<\/a>","rttpg_excerpt":"19 fevral 2022- ci il\u00a0 tarixd\u0259 YAP T\u0259rt\u0259r rayon t\u0259\u015fkilat\u0131n\u0131n Qapanl\u0131, Evo\u011flu v\u0259 \u0130smay\u0131lb\u0259yli \u0259razi partiya t\u0259\u015fkilatlar\u0131nda n\u00f6vb\u0259ti hesabat-se\u00e7ki y\u0131\u011f\u0131ncaqlar\u0131 \u00a0ke\u00e7irildi. ARANTV.AZ\u00a0 x\u0259b\u0259r verir ki, hesabat-se\u00e7ki y\u0131\u011f\u0131ncaqlar\u0131nda rayon \u00a0t\u0259\u015fkilat\u0131n\u0131n \u00a0m\u0259sul i\u015f\u00e7il\u0259ri i\u015ftirak etdil\u0259r. H\u0259r \u00fc\u00e7 \u0259razi partiya t\u0259\u015fkilatlar\u0131nda\u00a0 t\u0259\u015fkilat s\u0259rl\u0259rinin hesabatlar\u0131 dinl\u0259nilmi\u015f, m\u0259ruz\u0259 \u0259traf\u0131nda \u00e7\u0131x\u0131\u015f ed\u0259nl\u0259r \u0259razi partiya t\u0259\u015fkilatlar\u0131n\u0131n f\u0259aliyy\u0259tl\u0259rinin q\u0259na\u0259tb\u0259x\u015f hesab edilm\u0259sini t\u0259klif etdil\u0259r.&hellip;","_links":{"self":[{"href":"https:\/\/arantv.az\/index.php?rest_route=\/wp\/v2\/posts\/441201"}],"collection":[{"href":"https:\/\/arantv.az\/index.php?rest_route=\/wp\/v2\/posts"}],"about":[{"href":"https:\/\/arantv.az\/index.php?rest_route=\/wp\/v2\/types\/post"}],"author":[{"embeddable":true,"href":"https:\/\/arantv.az\/index.php?rest_route=\/wp\/v2\/users\/2"}],"replies":[{"embeddable":true,"href":"https:\/\/arantv.az\/index.php?rest_route=%2Fwp%2Fv2%2Fcomments&post=441201"}],"version-history":[{"count":0,"href":"https:\/\/arantv.az\/index.php?rest_route=\/wp\/v2\/posts\/441201\/revisions"}],"wp:featuredmedia":[{"embeddable":true,"href":"https:\/\/arantv.az\/index.php?rest_route=\/wp\/v2\/media\/441202"}],"wp:attachment":[{"href":"https:\/\/arantv.az\/index.php?rest_route=%2Fwp%2Fv2%2Fmedia&parent=441201"}],"wp:term":[{"taxonomy":"category","embeddable":true,"href":"https:\/\/arantv.az\/index.php?rest_route=%2Fwp%2Fv2%2Fcategories&post=441201"},{"taxonomy":"post_tag","embeddable":true,"href":"https:\/\/arantv.az\/index.php?rest_route=%2Fwp%2Fv2%2Ftags&post=441201"}],"curies":[{"name":"wp","href":"https:\/\/api.w.org\/{rel}","templated":true}]}}