{"id":441204,"date":"2022-02-19T19:18:33","date_gmt":"2022-02-19T16:18:33","guid":{"rendered":"http:\/\/arantv.az\/?p=441204"},"modified":"2022-02-19T19:18:33","modified_gmt":"2022-02-19T16:18:33","slug":"yap-m%c9%99rk%c9%99zi-q%c9%99rargahinda-musavir%c9%99-kecirilmisdir","status":"publish","type":"post","link":"https:\/\/arantv.az\/?p=441204","title":{"rendered":"YAP M\u0259rk\u0259zi Q\u0259rargah\u0131nda m\u00fc\u015favir\u0259 ke\u00e7irilmi\u015fdir"},"content":{"rendered":"<div class=\"content lead font-weight-normal\">\n<p>Fevral\u0131n 19-da Yeni Az\u0259rbaycan Partiyas\u0131n\u0131n M\u0259rk\u0259zi Q\u0259rargah\u0131nda m\u00fc\u015favir\u0259 ke\u00e7irilmi\u015fdir. YAP S\u0259drinin m\u00fcavini &#8211; M\u0259rk\u0259zi Aparat\u0131n r\u0259hb\u0259ri Tahir Budaqovun, Az\u0259rbaycan Respublikas\u0131 Prezidenti Administrasiyas\u0131n\u0131n Siyasi partiyalar v\u0259 qanunvericilik hakimiyy\u0259ti il\u0259 \u0259laq\u0259l\u0259r \u015f\u00f6b\u0259sinin m\u00fcdiri \u018fdal\u0259t V\u0259liyevin, s\u00f6z\u00fcged\u0259n \u015f\u00f6b\u0259nin m\u0259sul \u0259m\u0259kda\u015flar\u0131n\u0131n, habel\u0259 YAP T\u0259fti\u015f Komissiyas\u0131n\u0131n, Veteranlar \u015euras\u0131n\u0131n, G\u0259ncl\u0259r Birliyinin, m\u0259tbu orqanlar\u0131n\u0131n, M\u0259rk\u0259zi Aparat\u0131n\u0131n r\u0259hb\u0259r \u015f\u0259xsl\u0259rinin v\u0259 yerli t\u0259\u015fkilat s\u0259drl\u0259rinin i\u015ftirak\u0131 il\u0259 ke\u00e7irilmi\u015f t\u0259dbird\u0259 partiyada apar\u0131lm\u0131\u015f islahatlardan sonra qar\u015f\u0131da duran strateji v\u0259zif\u0259l\u0259r geni\u015f m\u00fczakir\u0259 olunmu\u015fdur.<\/p>\n<p><strong>ARANTV.AZ<\/strong> x\u0259b\u0259r verir ki, \u00f6lk\u0259 ictimaiyy\u0259ti Az\u0259rbaycan Respublikas\u0131n\u0131n Prezidenti c\u0259nab \u0130lham \u018fliyevin t\u0259\u015f\u0259bb\u00fcs\u00fc il\u0259 b\u00fct\u00fcn sah\u0259l\u0259rd\u0259 oldu\u011fu kimi, ictimai-siyasi sah\u0259d\u0259 d\u0259 apar\u0131lan islahatlar\u0131n \u015fahididir. Yeni siyasi konfiqurasiyan\u0131n formala\u015fd\u0131r\u0131lmas\u0131n\u0131 h\u0259d\u0259fl\u0259y\u0259n bu islahatlar \u00f6lk\u0259d\u0259 h\u0259mr\u0259ylik m\u00fchitinin b\u0259rq\u0259rar olunmas\u0131 v\u0259 siyasi m\u00fcnasib\u0259tl\u0259rin subyektl\u0259ri aras\u0131nda sa\u011flam dialoqun formala\u015fmd\u0131r\u0131lmas\u0131na xidm\u0259t edir. Qeyd olunan m\u00fc\u015favir\u0259 \u00f6lk\u0259d\u0259 apar\u0131lan islahatlar\u0131n effektivliyinin t\u0259min olunmas\u0131nda YAP-\u0131n \u00fcz\u0259rin\u0259 d\u00fc\u015f\u0259n v\u0259zif\u0259l\u0259rin t\u0259hlilin\u0259 h\u0259sr olunmu\u015fdur.<\/p>\n<p>M\u00fc\u015favir\u0259d\u0259 \u00e7\u0131x\u0131\u015f ed\u0259n YAP S\u0259drinin m\u00fcavini &#8211; M\u0259rk\u0259zi Aparat\u0131n r\u0259hb\u0259ri Tahir Budaqov bildirmi\u015fdir ki, Az\u0259rbaycan Prezidenti c\u0259nab \u0130lham \u018fliyevin m\u00fcdrik siyas\u0259ti n\u0259tic\u0259sind\u0259 \u00f6lk\u0259miz sosial-iqtisadi sah\u0259d\u0259 b\u00f6y\u00fck nailiyy\u0259tl\u0259r qazanm\u0131\u015f, beyn\u0259lxalq m\u00fcst\u0259vid\u0259 n\u00fcfuzunu \u0259h\u0259miyy\u0259tli d\u0259r\u0259c\u0259d\u0259 art\u0131rm\u0131\u015f, C\u0259nubi Qafqaz regionunun lider d\u00f6vl\u0259tin\u0259 \u00e7evrilmi\u015fdir. Onun s\u00f6zl\u0259rin\u0259 g\u00f6r\u0259, 44 g\u00fcnl\u00fck V\u0259t\u0259n m\u00fcharib\u0259si n\u0259tic\u0259sind\u0259 \u00f6lk\u0259miz yeni bir tarixi m\u0259rh\u0259l\u0259y\u0259 q\u0259d\u0259m qoymu\u015fdur: \u201cV\u0259t\u0259n M\u00fcharib\u0259sind\u0259 Az\u0259rbaycan Respublikas\u0131n\u0131n Prezidenti c\u0259nab \u0130lham \u018fliyev b\u00f6y\u00fck strateq, M\u00fcz\u0259ff\u0259r Ali Ba\u015f Komandan v\u0259 parlaq diplomat kimi b\u00fct\u00fcn keyfiyy\u0259tl\u0259rini bariz \u015f\u0259kild\u0259 n\u00fcmayi\u015f etdirmi\u015fdir. \u015eanl\u0131 Q\u0259l\u0259b\u0259mizin qazan\u0131lmas\u0131nda \u00f6lk\u0259mizd\u0259 milli birliyin, v\u0259t\u0259nda\u015f h\u0259mr\u0259ylinin t\u0259min olunmas\u0131 \u0259sas amill\u0259rd\u0259n biridir. Bu s\u0259b\u0259bd\u0259ndir ki, m\u00fcharib\u0259 d\u00f6vr\u00fcnd\u0259 Az\u0259rbaycan xalq\u0131, c\u0259miyy\u0259ti, o c\u00fcml\u0259d\u0259n siyasi partiyalar\u0131n m\u00fctl\u0259q \u0259ks\u0259riyy\u0259ti c\u0259nab Prezidentin \u0259traf\u0131nda s\u0131x birl\u0259\u015f\u0259r\u0259k \u015fanl\u0131 q\u0259l\u0259b\u0259mizin qazan\u0131lmas\u0131na nail olmu\u015fdur. B\u00fct\u00f6vl\u00fckd\u0259, Az\u0259rbaycanda yeni siyasi konfiqurasiya yarad\u0131l\u0131b ki, bu amil ictimai-siyasi m\u00fchitd\u0259 sa\u011flam m\u00fcnasib\u0259tl\u0259rin formala\u015fmas\u0131 il\u0259 \u00f6z\u00fcn\u00fc ifad\u0259 edir\u201d.<\/p>\n<p>YAP S\u0259drinin m\u00fcavini \u00f6t\u0259n ilin mart ay\u0131nda ke\u00e7iril\u0259n\u00a0 Yeni Az\u0259rbaycan Partiyas\u0131n\u0131n VII Qurultay\u0131n\u0131n \u00f6lk\u0259mizin ictimai-siyasi h\u0259yat\u0131nda m\u00fch\u00fcm hadis\u0259 oldu\u011funu qeyd ed\u0259r\u0259k diqq\u0259t\u0259 \u00e7atd\u0131rm\u0131\u015fd\u0131r ki, qurultayda partiyam\u0131z\u0131n S\u0259dri, Prezident \u0130lham \u018fliyevin proqram xarakterli nitqi YAP \u00fczvl\u0259ri qar\u015f\u0131s\u0131nda yeni v\u0259zif\u0259l\u0259r m\u00fc\u0259yy\u0259nl\u0259\u015fdirir. Az\u0259rbaycan\u0131n Birinci vitse-prezidenti Mehriban xan\u0131m \u018fliyevan\u0131n YAP S\u0259drinin birinci m\u00fcavini t\u0259yin olunmas\u0131 partiyam\u0131z v\u0259 b\u00fct\u00f6vl\u00fckd\u0259 c\u0259miyy\u0259t \u00fc\u00e7\u00fcn m\u00fch\u00fcm \u0259h\u0259miyy\u0259t k\u0259sb etm\u0259kl\u0259 yana\u015f\u0131, partiyam\u0131z\u0131n v\u0259 d\u00f6vl\u0259timizin daha da g\u00fccl\u0259nm\u0259sin\u0259 xidm\u0259t ed\u0259n m\u00f6t\u0259b\u0259r hadis\u0259dir.<\/p>\n<p>Haz\u0131rda Az\u0259rbaycan\u0131n inki\u015faf\u0131n\u0131n yeni m\u0259rh\u0259l\u0259sinin ba\u015fland\u0131\u011f\u0131n\u0131, qar\u015f\u0131da b\u00f6y\u00fck v\u0259zif\u0259l\u0259rin dayand\u0131\u011f\u0131n\u0131\u00a0 dey\u0259n Tahir Budaqov\u00a0 s\u00f6yl\u0259mi\u015fdir ki, Yeni Az\u0259rbaycan Partiyas\u0131 bu v\u0259zif\u0259l\u0259rin yerin\u0259 yetirilm\u0259si \u00fc\u00e7\u00fcn f\u0259aliyy\u0259tini yeni, m\u00fcasir t\u0259l\u0259bl\u0259r\u0259 uy\u011fun olaraq davam etdirm\u0259lidir. Yeni Az\u0259rbaycan Partiyas\u0131 \u00f6lk\u0259nin ictimai-siyasi h\u0259yat\u0131nda v\u0259 siyasi m\u00fcnasib\u0259tl\u0259rinin demokratikl\u0259\u015fm\u0259si prosesl\u0259rind\u0259 apar\u0131c\u0131 rolunu qorumal\u0131 v\u0259 daha f\u0259al m\u00f6vqe tutmal\u0131d\u0131r. Bu bax\u0131mdan, partiyam\u0131z\u0131n yeni Nizamnam\u0259si v\u0259 Proqram\u0131ndan ir\u0259li g\u0259l\u0259n v\u0259zif\u0259l\u0259rin yerin\u0259 yetirilm\u0259si istiqam\u0259tind\u0259 m\u00fcvafiq t\u0259dbirl\u0259r h\u0259yata ke\u00e7irilir.<\/p>\n<p>Az\u0259rbaycan Respublikas\u0131 Prezident Administrasiyas\u0131n\u0131n Siyasi partiyalar v\u0259 qanunvericilik hakimiyy\u0259ti il\u0259 \u0259laq\u0259l\u0259r \u015f\u00f6b\u0259sinin m\u00fcdiri \u018fdal\u0259t V\u0259liyev t\u0259dbir i\u015ftirak\u00e7\u0131lar\u0131n\u0131 salamlayaraq \u00f6z giri\u015f nitqini sah\u0259nin \u0259sas strateji prioritetl\u0259rini m\u00fc\u0259yy\u0259n ed\u0259n Prezident \u0130lham \u018fliyevin s\u00f6zl\u0259ri il\u0259 ba\u015flam\u0131\u015fd\u0131r: \u201cD\u00f6vl\u0259t t\u0259\u015f\u0259bb\u00fcsl\u0259rinin davaml\u0131l\u0131\u011f\u0131, \u00e7oxpartiyal\u0131 sistemin formala\u015fmas\u0131, islahat\u00e7\u0131 kursa sadiqlik, \u00f6lk\u0259d\u0259 siyasi f\u0259aliyy\u0259t \u00fc\u00e7\u00fcn m\u00fcnbit \u015f\u0259raitin d\u0259st\u0259kl\u0259nm\u0259si, demokratik \u0259n\u0259n\u0259l\u0259rin inki\u015faf\u0131 v\u0259 s. bu kimi strateji prioritetl\u0259rin icras\u0131 prosesind\u0259 siyasi partiya v\u0259 v\u0259t\u0259nda\u015f c\u0259miyy\u0259ti institutlar\u0131 f\u0259al m\u00f6vqe tutmal\u0131d\u0131r\u201d. Prezident \u0130lham \u018fliyevin s\u00f6zl\u0259rini \u015f\u0259rh ed\u0259r\u0259k Prezident Administrasiyas\u0131n\u0131n r\u0259smisi bildirmi\u015fdir ki: \u201cC\u0259nab Prezidentin bu fikirl\u0259ri \u0259slind\u0259 siyasi partiyalara v\u0259 v\u0259t\u0259nda\u015f c\u0259miyy\u0259ti institutlar\u0131na bir \u00e7a\u011f\u0131r\u0131\u015fd\u0131r. Bu c\u00fcr yana\u015fma, eyni zamanda, konstruktiv \u0259m\u0259kda\u015fl\u0131\u011fa d\u0259v\u0259tdir. Siyasi prosesl\u0259rin subyektl\u0259ri aras\u0131nda daha t\u0259kmil v\u0259 daha universal m\u00fcnasib\u0259tl\u0259r m\u0259hz sa\u011flam v\u0259 konstruktiv \u0259m\u0259kda\u015fl\u0131\u011f\u0131n n\u0259tic\u0259sind\u0259 formala\u015fa bil\u0259r. Bu m\u0259nada, partiyan\u0131n yerli t\u0259\u015fkilatlar\u0131n\u0131n s\u0259m\u0259r\u0259li f\u0259aliyy\u0259ti say\u0259sind\u0259 siyasi dialoqla ba\u011fl\u0131 olan b\u00fct\u00fcn t\u0259\u015f\u0259bb\u00fcsl\u0259r b\u00f6lg\u0259l\u0259rd\u0259 \u00f6z inki\u015faf\u0131n\u0131 tapmal\u0131d\u0131r\u201d.<\/p>\n<p>Daha sonra h\u0259r bir \u00f6lk\u0259nin strateji resursu hesab olunan siyasi sabitliyin qorunmas\u0131 z\u0259rur\u0259tind\u0259n s\u00f6hb\u0259t a\u00e7an \u018fdal\u0259t V\u0259liyev dayan\u0131ql\u0131 inki\u015faf\u0131n t\u0259min olunmas\u0131 prosesind\u0259 \u00f6lk\u0259d\u0259 yaranm\u0131\u015f h\u0259mr\u0259ylik m\u00fchitinin inki\u015faf\u0131na xidm\u0259t ed\u0259n Prezident \u0130lham \u018fliyevin \u00f6n\u0259mli t\u0259\u015f\u0259bb\u00fcsl\u0259ri v\u0259 \u0259ld\u0259 olunmu\u015f n\u0259tic\u0259l\u0259r haqq\u0131nda m\u0259lumatlar\u0131 t\u0259dbir i\u015ftirak\u00e7\u0131lar\u0131n\u0131n diqq\u0259tin\u0259 \u00e7atd\u0131rm\u0131\u015fd\u0131r.<\/p>\n<p>\u00d6t\u0259n ilin 5 mart tarixind\u0259 ke\u00e7irilmi\u015f YAP-\u0131n VII Qurultay\u0131n\u0131 xat\u0131rladan Prezident Administrasiyan\u0131n \u015f\u00f6b\u0259 m\u00fcdiri bildirmi\u015fdir ki, s\u00f6z\u00fcged\u0259n Qurultay partiyan\u0131n inki\u015faf tarixinin mahiyy\u0259t etibar\u0131 il\u0259 yeni m\u0259rh\u0259l\u0259sinin ba\u015flan\u011f\u0131c\u0131 kimi qiym\u0259tl\u0259ndirilm\u0259lidir. Bel\u0259 ki, Prezident \u0130lham \u018fliyevin islahatlar kursuna uy\u011fun olaraq Yeni Az\u0259rbaycan Partiyas\u0131n\u0131n f\u0259aliyy\u0259tinin m\u00fcasir \u00e7a\u011f\u0131r\u0131\u015flara uy\u011funla\u015fd\u0131r\u0131lmas\u0131n\u0131n vacibliyini vur\u011fulayan \u018fdal\u0259t V\u0259liyev bildirmi\u015fdir ki, pe\u015f\u0259karl\u0131q, \u00e7eviklik, sad\u0259lik, v\u0259t\u0259np\u0259rv\u0259rlik v\u0259 milli d\u0259y\u0259rl\u0259r\u0259 sadiqlik h\u0259r bir partiya \u00fczv\u00fcn\u00fc s\u0259ciyy\u0259l\u0259ndir\u0259n \u0259sas keyfiyy\u0259tl\u0259r olmal\u0131d\u0131r.<\/p>\n<p>X\u00fcsusi olaraq vur\u011fulanm\u0131\u015fd\u0131r ki, Az\u0259rbaycan\u0131n Birinci vitse-prezidenti Mehriban xan\u0131m \u018fliyevan\u0131n Yeni Az\u0259rbaycan Partiyas\u0131n\u0131n S\u0259drinin birinci m\u00fcavini kimi f\u0259aliyy\u0259ti d\u0259 \u00f6lk\u0259mizin v\u0259 partiyam\u0131z\u0131n daha da g\u00fccl\u0259nm\u0259sin\u0259 xidm\u0259t ed\u0259c\u0259kdir: \u201c\u00dcmumiyy\u0259tl\u0259,\u00a0 Birinci vitse-prezident Mehriban xan\u0131m \u018fliyeva Az\u0259rbaycanda savadl\u0131, pe\u015f\u0259kar v\u0259 sa\u011flam yeni n\u0259slin formala\u015fmas\u0131na xidm\u0259t ed\u0259n \u00f6n\u0259mli t\u0259\u015f\u0259bb\u00fcsl\u0259rl\u0259 daim \u00e7\u0131x\u0131\u015f edir. Mehriban xan\u0131m \u018fliyeva m\u00fct\u0259madi olaraq c\u0259miyy\u0259tin h\u0259ssas t\u0259b\u0259q\u0259l\u0259rinin probleml\u0259rinin h\u0259ll edilm\u0259si, z\u0259ngin m\u0259d\u0259niyy\u0259timizin, multikulturalizm \u0259n\u0259n\u0259l\u0259rimizin t\u0259bli\u011f olunmas\u0131, m\u00fcxt\u0259lif istiqam\u0259tl\u0259rd\u0259 yeni layih\u0259l\u0259rin realla\u015fd\u0131r\u0131lmas\u0131 il\u0259 ba\u011fl\u0131 \u00f6n\u0259mli add\u0131mlar at\u0131r. Prezidentimiz \u0130lham \u018fliyevin \u0259n yax\u0131n silahda\u015f\u0131 olan Mehriban xan\u0131m \u018fliyeva b\u00fct\u00fcn varl\u0131\u011f\u0131 v\u0259 \u0259zmkar f\u0259aliyy\u0259ti il\u0259 d\u00f6vl\u0259t\u00e7iliyimizin qorunmas\u0131 v\u0259 q\u00fcdr\u0259tl\u0259nm\u0259si namin\u0259 u\u011furla f\u0259aliyy\u0259t g\u00f6st\u0259rir\u201d.<\/p>\n<p>YAP-\u0131n ideoloji f\u0259aliyy\u0259ti v\u0259 bu f\u0259aliyy\u0259tin strateji istiqam\u0259tl\u0259rind\u0259n s\u00f6z a\u00e7an \u018fdal\u0259t V\u0259liyev qeyd etmi\u015fdir ki, g\u0259nc n\u0259slin v\u0259t\u0259np\u0259rv\u0259rlik ruhunda t\u0259rbiy\u0259l\u0259ndirilm\u0259si v\u0259 milli h\u0259mr\u0259yliyin qorunmas\u0131 istiqam\u0259tind\u0259 apar\u0131lan t\u0259bli\u011fat i\u015fl\u0259rinin m\u0259rk\u0259zind\u0259 44 g\u00fcnl\u00fck V\u0259t\u0259n m\u00fcharib\u0259sind\u0259 \u0259ld\u0259 olunmu\u015f \u015fanl\u0131 Z\u0259f\u0259r durmal\u0131d\u0131r. \u201c\u0130kinci Qaraba\u011f m\u00fcharib\u0259sinin n\u0259tic\u0259sind\u0259 Az\u0259rbaycan Erm\u0259nistan\u0131 m\u0259\u011flub etdi v\u0259 i\u015f\u011fala son qoydu. \u018fld\u0259 olunmu\u015f Q\u0259l\u0259b\u0259nin n\u0259tic\u0259sind\u0259 Az\u0259rbaycan xalq\u0131 milli tarixinin \u0259n m\u00f6ht\u0259\u015f\u0259m s\u0259hif\u0259sini ya\u015fay\u0131r\u201d \u2013 kimi fikri s\u0259sl\u0259ndirmi\u015f Administrasiyan\u0131n r\u0259smisi x\u00fcsusi olaraq vur\u011fulam\u0131\u015fd\u0131r ki, \u201cAz\u0259rbaycan xalq\u0131n\u0131n tarixin\u0259 yaz\u0131lm\u0131\u015f bu B\u00f6y\u00fck Q\u0259l\u0259b\u0259 il\u0259 ba\u011fl\u0131 q\u0259r\u0259zli v\u0259 m\u0259krli informasiya manipulyasiyalar\u0131n\u0131n qar\u015f\u0131s\u0131 al\u0131nmal\u0131, habel\u0259 xalqa qar\u015f\u0131 olan bu c\u00fcr xain h\u0259r\u0259k\u0259tl\u0259r \u00f6z layiqli cavablar\u0131n\u0131 almal\u0131d\u0131r\u201d.<\/p>\n<p>Eyni zamanda vur\u011fulanm\u0131\u015fd\u0131r ki, partiyan\u0131n yerli t\u0259\u015fkilatlar\u0131 t\u0259r\u0259find\u0259n qazi v\u0259 \u015f\u0259hid ail\u0259l\u0259rin\u0259 x\u00fcsusi diqq\u0259t ayr\u0131lmal\u0131 v\u0259 d\u00f6vl\u0259tin m\u00f6vcud istiqam\u0259td\u0259 g\u00f6r\u00fcl\u0259n i\u015fl\u0259rd\u0259 partiya \u00fczvl\u0259ri yax\u0131ndan i\u015ftirak etm\u0259lidir. Qazi v\u0259 \u015f\u0259hid ail\u0259l\u0259rin\u0259 g\u00f6st\u0259ril\u0259n qay\u011f\u0131 kontekstind\u0259 Prezident \u0130lham \u018fliyevin t\u0259\u015f\u0259bb\u00fcs\u00fc il\u0259 yarad\u0131lm\u0131\u015f \u201cYA\u015eAT\u201d Fondu v\u0259 Qaraba\u011f Dir\u00e7\u0259li\u015f Fondunun f\u0259aliyy\u0259ti x\u00fcsusi olaraq qeyd olunmu\u015fdur.<\/p>\n<p>Az\u0259rbaycan Respublikas\u0131n\u0131n Prezidenti c\u0259nab \u0130lham \u018fliyevin: \u201cXalq\u0131n birinci xidm\u0259t\u00e7isi m\u0259n\u0259m\u201c s\u00f6zl\u0259rini xat\u0131rladan Administrasiyan\u0131n \u015f\u00f6b\u0259 m\u00fcdiri bildirmi\u015fdir ki, YAP-\u0131n yerli t\u0259\u015fkilatlar\u0131 c\u0259miyy\u0259t\u0259 a\u00e7\u0131q olmal\u0131, onlar\u0131n r\u0259hb\u0259rl\u0259ri is\u0259 b\u00f6lg\u0259l\u0259rd\u0259 \u00f6z ictimai-siyasi f\u0259all\u0131\u011f\u0131 il\u0259 v\u0259t\u0259nda\u015flar\u0131n r\u0259\u011fb\u0259tini qazanmal\u0131d\u0131rlar. Bu m\u0259nada t\u0259yin olunmu\u015f yerli t\u0259\u015fkilatlar\u0131n s\u0259drl\u0259ri m\u00fcasir siyasi prosesl\u0259rin b\u00fct\u00fcn x\u00fcsusiyy\u0259tl\u0259rini n\u0259z\u0259r\u0259 alaraq, \u00f6z a\u00e7\u0131q v\u0259 demokratik yana\u015fmalar\u0131 il\u0259 yana\u015f\u0131, m\u00fctl\u0259q olaraq f\u0259aliyy\u0259tl\u0259rind\u0259 ictimaiyy\u0259tl\u0259 \u0259laq\u0259l\u0259r m\u0259s\u0259l\u0259l\u0259rin\u0259 d\u0259 x\u00fcsusi diqq\u0259t ay\u0131rmal\u0131d\u0131rlar.<\/p>\n<p>M\u00fc\u015favir\u0259d\u0259 qar\u015f\u0131da dayanan v\u0259zif\u0259l\u0259rl\u0259 ba\u011fl\u0131 geni\u015f fikir m\u00fcbadil\u0259si apar\u0131lm\u0131\u015fd\u0131r.<\/p>\n<div class=\"clearfix\"><\/div>\n<\/div>\n<div class=\"fotorama--hidden\"><\/div>\n<div id=\"galleryList\" class=\"fotorama fotorama1645287403414\" data-nav=\"thumbs\" data-width=\"100%\" data-thumbwidth=\"90\" data-thumbheight=\"60\" data-allowfullscreen=\"true\" data-autoplay=\"3000\" data-ratio=\"1.5\" data-keyboard=\"true\" data-fit=\"contain\">\n<div class=\"fotorama__wrap fotorama__wrap--css3 fotorama__wrap--slide fotorama__wrap--toggle-arrows fotorama__wrap--no-controls\">\n<div class=\"fotorama__stage fotorama__pointer\">\n<div class=\"fotorama__fullscreen-icon\" tabindex=\"0\" role=\"button\"><\/div>\n<div class=\"fotorama__stage__shaft\">\n<div class=\"fotorama__stage__frame fotorama__loaded fotorama__loaded--img\"><img class=\"fotorama__img\" src=\"https:\/\/ikisahil.az\/photo\/0x0_2\/upload\/gallery\/2022\/02\/19\/-1bf2efbb164527784686659528311093094.jpg\" \/><\/div>\n<div class=\"fotorama__stage__frame fotorama__loaded fotorama__loaded--img fotorama__active\"><img class=\"fotorama__img\" src=\"https:\/\/ikisahil.az\/photo\/0x0_2\/upload\/gallery\/2022\/02\/19\/-806a1977164527790475788950410924330.jpg\" \/><\/div>\n<div class=\"fotorama__stage__frame fotorama__loaded fotorama__loaded--img\"><img class=\"fotorama__img\" src=\"https:\/\/ikisahil.az\/photo\/0x0_2\/upload\/gallery\/2022\/02\/19\/-77305c2f164527791191468132310991902.jpg\" \/><\/div>\n<\/div>\n<div class=\"fotorama__arr fotorama__arr--prev\" tabindex=\"0\" role=\"button\"><\/div>\n<div class=\"fotorama__arr fotorama__arr--next\" tabindex=\"0\" role=\"button\"><\/div>\n<div class=\"fotorama__video-close\"><\/div>\n<\/div>\n<div class=\"fotorama__nav-wrap\">\n<div class=\"fotorama__nav fotorama__nav--thumbs\">\n<div class=\"fotorama__nav__shaft\">\n<div class=\"fotorama__thumb-border\"><\/div>\n<div class=\"fotorama__nav__frame fotorama__nav__frame--thumb\" tabindex=\"0\" role=\"button\">\n<div class=\"fotorama__thumb fotorama__loaded fotorama__loaded--img\"><img class=\"fotorama__img\" src=\"https:\/\/ikisahil.az\/photo\/150x100_2\/upload\/gallery\/2022\/02\/19\/-d55eaf85164527783778397222110047521.jpg\" \/><\/div>\n<\/div>\n<div class=\"fotorama__nav__frame fotorama__nav__frame--thumb\" tabindex=\"0\" role=\"button\">\n<div class=\"fotorama__thumb fotorama__loaded fotorama__loaded--img\"><img class=\"fotorama__img\" src=\"https:\/\/ikisahil.az\/photo\/150x100_2\/upload\/gallery\/2022\/02\/19\/-049671e2164527784248915560110204681.jpg\" \/><\/div>\n<\/div>\n<div class=\"fotorama__nav__frame fotorama__nav__frame--thumb\" tabindex=\"0\" role=\"button\">\n<div class=\"fotorama__thumb fotorama__loaded fotorama__loaded--img\"><img class=\"fotorama__img\" src=\"https:\/\/ikisahil.az\/photo\/150x100_2\/upload\/gallery\/2022\/02\/19\/-1bf2efbb164527784686659528311093094.jpg\" \/><\/div>\n<\/div>\n<div class=\"fotorama__nav__frame fotorama__nav__frame--thumb fotorama__active\" tabindex=\"0\" role=\"button\">\n<div class=\"fotorama__thumb fotorama__loaded fotorama__loaded--img\"><img class=\"fotorama__img\" src=\"https:\/\/ikisahil.az\/photo\/150x100_2\/upload\/gallery\/2022\/02\/19\/-806a1977164527790475788950410924330.jpg\" \/><\/div>\n<\/div>\n<div class=\"fotorama__nav__frame fotorama__nav__frame--thumb\" tabindex=\"0\" role=\"button\">\n<div class=\"fotorama__thumb fotorama__loaded fotorama__loaded--img\"><img class=\"fotorama__img\" src=\"https:\/\/ikisahil.az\/photo\/150x100_2\/upload\/gallery\/2022\/02\/19\/-77305c2f164527791191468132310991902.jpg\" \/><\/div>\n<\/div>\n<\/div>\n<\/div>\n<\/div>\n<\/div>\n<\/div>\n<div class=\"sharing my-2 row no-gutters d-print-none\">\n<div class=\"col-md-3\"><\/div>\n<\/div>\n","protected":false},"excerpt":{"rendered":"<p>Fevral\u0131n 19-da Yeni Az\u0259rbaycan Partiyas\u0131n\u0131n M\u0259rk\u0259zi Q\u0259rargah\u0131nda m\u00fc\u015favir\u0259 ke\u00e7irilmi\u015fdir. YAP S\u0259drinin m\u00fcavini &#8211; M\u0259rk\u0259zi Aparat\u0131n r\u0259hb\u0259ri Tahir Budaqovun, Az\u0259rbaycan Respublikas\u0131 Prezidenti Administrasiyas\u0131n\u0131n Siyasi partiyalar v\u0259 qanunvericilik hakimiyy\u0259ti il\u0259 \u0259laq\u0259l\u0259r \u015f\u00f6b\u0259sinin m\u00fcdiri \u018fdal\u0259t V\u0259liyevin, s\u00f6z\u00fcged\u0259n \u015f\u00f6b\u0259nin m\u0259sul \u0259m\u0259kda\u015flar\u0131n\u0131n, habel\u0259 YAP T\u0259fti\u015f Komissiyas\u0131n\u0131n, Veteranlar \u015euras\u0131n\u0131n, G\u0259ncl\u0259r Birliyinin, m\u0259tbu orqanlar\u0131n\u0131n, M\u0259rk\u0259zi Aparat\u0131n\u0131n r\u0259hb\u0259r \u015f\u0259xsl\u0259rinin v\u0259 yerli t\u0259\u015fkilat s\u0259drl\u0259rinin i\u015ftirak\u0131 il\u0259 ke\u00e7irilmi\u015f t\u0259dbird\u0259 partiyada apar\u0131lm\u0131\u015f islahatlardan sonra qar\u015f\u0131da duran strateji v\u0259zif\u0259l\u0259r geni\u015f m\u00fczakir\u0259 olunmu\u015fdur. ARANTV.AZ x\u0259b\u0259r verir ki, \u00f6lk\u0259 ictimaiyy\u0259ti Az\u0259rbaycan Respublikas\u0131n\u0131n Prezidenti c\u0259nab \u0130lham \u018fliyevin t\u0259\u015f\u0259bb\u00fcs\u00fc il\u0259 b\u00fct\u00fcn sah\u0259l\u0259rd\u0259 oldu\u011fu kimi, ictimai-siyasi sah\u0259d\u0259&hellip;<\/p>\n","protected":false},"author":2,"featured_media":441205,"comment_status":"closed","ping_status":"closed","sticky":false,"template":"","format":"standard","meta":{"om_disable_all_campaigns":false,"_monsterinsights_skip_tracking":false,"_monsterinsights_sitenote_active":false,"_monsterinsights_sitenote_note":"","_monsterinsights_sitenote_category":0},"categories":[4],"tags":[],"aioseo_notices":[],"gutentor_comment":0,"rttpg_featured_image_url":{"full":["https:\/\/arantv.az\/wp-content\/uploads\/2022\/02\/4be49c79164527757097376574310551501.jpg",975,540,false],"landscape":["https:\/\/arantv.az\/wp-content\/uploads\/2022\/02\/4be49c79164527757097376574310551501.jpg",975,540,false],"portraits":["https:\/\/arantv.az\/wp-content\/uploads\/2022\/02\/4be49c79164527757097376574310551501.jpg",975,540,false],"thumbnail":["https:\/\/arantv.az\/wp-content\/uploads\/2022\/02\/4be49c79164527757097376574310551501-500x280.jpg",500,280,true],"medium":["https:\/\/arantv.az\/wp-content\/uploads\/2022\/02\/4be49c79164527757097376574310551501-660x365.jpg",660,365,true],"large":["https:\/\/arantv.az\/wp-content\/uploads\/2022\/02\/4be49c79164527757097376574310551501-840x465.jpg",640,354,true],"1536x1536":["https:\/\/arantv.az\/wp-content\/uploads\/2022\/02\/4be49c79164527757097376574310551501.jpg",975,540,false],"2048x2048":["https:\/\/arantv.az\/wp-content\/uploads\/2022\/02\/4be49c79164527757097376574310551501.jpg",975,540,false],"post-thumbnail":["https:\/\/arantv.az\/wp-content\/uploads\/2022\/02\/4be49c79164527757097376574310551501-240x172.jpg",240,172,true],"advps-thumb-one":["https:\/\/arantv.az\/wp-content\/uploads\/2022\/02\/4be49c79164527757097376574310551501.jpg",975,540,false]},"rttpg_author":{"display_name":"V\u00fcsal Rafiqo\u011flu","author_link":"https:\/\/arantv.az\/?author=2"},"rttpg_comment":0,"rttpg_category":"<a href=\"https:\/\/arantv.az\/?cat=4\" rel=\"category\">Siyas\u0259t<\/a>","rttpg_excerpt":"Fevral\u0131n 19-da Yeni Az\u0259rbaycan Partiyas\u0131n\u0131n M\u0259rk\u0259zi Q\u0259rargah\u0131nda m\u00fc\u015favir\u0259 ke\u00e7irilmi\u015fdir. YAP S\u0259drinin m\u00fcavini &#8211; M\u0259rk\u0259zi Aparat\u0131n r\u0259hb\u0259ri Tahir Budaqovun, Az\u0259rbaycan Respublikas\u0131 Prezidenti Administrasiyas\u0131n\u0131n Siyasi partiyalar v\u0259 qanunvericilik hakimiyy\u0259ti il\u0259 \u0259laq\u0259l\u0259r \u015f\u00f6b\u0259sinin m\u00fcdiri \u018fdal\u0259t V\u0259liyevin, s\u00f6z\u00fcged\u0259n \u015f\u00f6b\u0259nin m\u0259sul \u0259m\u0259kda\u015flar\u0131n\u0131n, habel\u0259 YAP T\u0259fti\u015f Komissiyas\u0131n\u0131n, Veteranlar \u015euras\u0131n\u0131n, G\u0259ncl\u0259r Birliyinin, m\u0259tbu orqanlar\u0131n\u0131n, M\u0259rk\u0259zi Aparat\u0131n\u0131n r\u0259hb\u0259r \u015f\u0259xsl\u0259rinin v\u0259 yerli t\u0259\u015fkilat s\u0259drl\u0259rinin&hellip;","_links":{"self":[{"href":"https:\/\/arantv.az\/index.php?rest_route=\/wp\/v2\/posts\/441204"}],"collection":[{"href":"https:\/\/arantv.az\/index.php?rest_route=\/wp\/v2\/posts"}],"about":[{"href":"https:\/\/arantv.az\/index.php?rest_route=\/wp\/v2\/types\/post"}],"author":[{"embeddable":true,"href":"https:\/\/arantv.az\/index.php?rest_route=\/wp\/v2\/users\/2"}],"replies":[{"embeddable":true,"href":"https:\/\/arantv.az\/index.php?rest_route=%2Fwp%2Fv2%2Fcomments&post=441204"}],"version-history":[{"count":0,"href":"https:\/\/arantv.az\/index.php?rest_route=\/wp\/v2\/posts\/441204\/revisions"}],"wp:featuredmedia":[{"embeddable":true,"href":"https:\/\/arantv.az\/index.php?rest_route=\/wp\/v2\/media\/441205"}],"wp:attachment":[{"href":"https:\/\/arantv.az\/index.php?rest_route=%2Fwp%2Fv2%2Fmedia&parent=441204"}],"wp:term":[{"taxonomy":"category","embeddable":true,"href":"https:\/\/arantv.az\/index.php?rest_route=%2Fwp%2Fv2%2Fcategories&post=441204"},{"taxonomy":"post_tag","embeddable":true,"href":"https:\/\/arantv.az\/index.php?rest_route=%2Fwp%2Fv2%2Ftags&post=441204"}],"curies":[{"name":"wp","href":"https:\/\/api.w.org\/{rel}","templated":true}]}}