{"id":441207,"date":"2022-02-19T19:19:32","date_gmt":"2022-02-19T16:19:32","guid":{"rendered":"http:\/\/arantv.az\/?p=441207"},"modified":"2022-02-19T19:19:32","modified_gmt":"2022-02-19T16:19:32","slug":"az%c9%99rbaycanla-iran-arasinda-dovl%c9%99tl%c9%99rarasi-komissiyanin-novb%c9%99ti-iclasi-keciril%c9%99c%c9%99k","status":"publish","type":"post","link":"https:\/\/arantv.az\/?p=441207","title":{"rendered":"Az\u0259rbaycanla \u0130ran aras\u0131nda D\u00f6vl\u0259tl\u0259raras\u0131 komissiyan\u0131n n\u00f6vb\u0259ti iclas\u0131 ke\u00e7iril\u0259c\u0259k"},"content":{"rendered":"<p>Mart\u0131n 10-11-d\u0259 Bak\u0131da Az\u0259rbaycan v\u0259 \u0130ran aras\u0131nda iqtisadi, ticar\u0259t v\u0259 humanitar sah\u0259l\u0259rd\u0259 \u0259m\u0259kda\u015fl\u0131q \u00fczr\u0259 D\u00f6vl\u0259tl\u0259raras\u0131 komissiyan\u0131n n\u00f6vb\u0259ti iclas\u0131 ke\u00e7iril\u0259c\u0259k.<\/p>\n<p><strong>ARANTV.AZ\u00a0<\/strong> x\u0259b\u0259r verir ki, iclasda Astara\u00e7ay \u00fcz\u0259rind\u0259 piyada ke\u00e7id k\u00f6rp\u00fcs\u00fcn\u00fcn, Astarada y\u00fck terminal\u0131n\u0131n tikintisi v\u0259 dig\u0259r m\u0259s\u0259l\u0259l\u0259r m\u00fczakir\u0259 edil\u0259c\u0259k.<\/p>\n<p>\u0130ran n\u00fcmay\u0259nd\u0259 hey\u0259tin\u0259 komissiyan\u0131n \u0130ran t\u0259r\u0259find\u0259n h\u0259ms\u0259dri, yol v\u0259 \u015f\u0259h\u0259rsalma naziri R\u00fcst\u0259m Qasemi r\u0259hb\u0259rlik ed\u0259c\u0259k.<\/p>\n","protected":false},"excerpt":{"rendered":"<p>Mart\u0131n 10-11-d\u0259 Bak\u0131da Az\u0259rbaycan v\u0259 \u0130ran aras\u0131nda iqtisadi, ticar\u0259t v\u0259 humanitar sah\u0259l\u0259rd\u0259 \u0259m\u0259kda\u015fl\u0131q \u00fczr\u0259 D\u00f6vl\u0259tl\u0259raras\u0131 komissiyan\u0131n n\u00f6vb\u0259ti iclas\u0131 ke\u00e7iril\u0259c\u0259k. ARANTV.AZ\u00a0 x\u0259b\u0259r verir ki, iclasda Astara\u00e7ay \u00fcz\u0259rind\u0259 piyada ke\u00e7id k\u00f6rp\u00fcs\u00fcn\u00fcn, Astarada y\u00fck terminal\u0131n\u0131n tikintisi v\u0259 dig\u0259r m\u0259s\u0259l\u0259l\u0259r m\u00fczakir\u0259 edil\u0259c\u0259k. \u0130ran n\u00fcmay\u0259nd\u0259 hey\u0259tin\u0259 komissiyan\u0131n \u0130ran t\u0259r\u0259find\u0259n h\u0259ms\u0259dri, yol v\u0259 \u015f\u0259h\u0259rsalma naziri R\u00fcst\u0259m Qasemi r\u0259hb\u0259rlik ed\u0259c\u0259k.<\/p>\n","protected":false},"author":2,"featured_media":441208,"comment_status":"closed","ping_status":"closed","sticky":false,"template":"","format":"standard","meta":{"om_disable_all_campaigns":false,"_monsterinsights_skip_tracking":false,"_monsterinsights_sitenote_active":false,"_monsterinsights_sitenote_note":"","_monsterinsights_sitenote_category":0},"categories":[19],"tags":[],"aioseo_notices":[],"gutentor_comment":0,"rttpg_featured_image_url":{"full":["https:\/\/arantv.az\/wp-content\/uploads\/2022\/02\/dc36f18a164337772617893671310803095.jpg",975,540,false],"landscape":["https:\/\/arantv.az\/wp-content\/uploads\/2022\/02\/dc36f18a164337772617893671310803095.jpg",975,540,false],"portraits":["https:\/\/arantv.az\/wp-content\/uploads\/2022\/02\/dc36f18a164337772617893671310803095.jpg",975,540,false],"thumbnail":["https:\/\/arantv.az\/wp-content\/uploads\/2022\/02\/dc36f18a164337772617893671310803095-500x280.jpg",500,280,true],"medium":["https:\/\/arantv.az\/wp-content\/uploads\/2022\/02\/dc36f18a164337772617893671310803095-660x365.jpg",660,365,true],"large":["https:\/\/arantv.az\/wp-content\/uploads\/2022\/02\/dc36f18a164337772617893671310803095-840x465.jpg",640,354,true],"1536x1536":["https:\/\/arantv.az\/wp-content\/uploads\/2022\/02\/dc36f18a164337772617893671310803095.jpg",975,540,false],"2048x2048":["https:\/\/arantv.az\/wp-content\/uploads\/2022\/02\/dc36f18a164337772617893671310803095.jpg",975,540,false],"post-thumbnail":["https:\/\/arantv.az\/wp-content\/uploads\/2022\/02\/dc36f18a164337772617893671310803095-240x172.jpg",240,172,true],"advps-thumb-one":["https:\/\/arantv.az\/wp-content\/uploads\/2022\/02\/dc36f18a164337772617893671310803095.jpg",975,540,false]},"rttpg_author":{"display_name":"V\u00fcsal Rafiqo\u011flu","author_link":"https:\/\/arantv.az\/?author=2"},"rttpg_comment":0,"rttpg_category":"<a href=\"https:\/\/arantv.az\/?cat=19\" rel=\"category\">G\u00fcnd\u0259m<\/a>","rttpg_excerpt":"Mart\u0131n 10-11-d\u0259 Bak\u0131da Az\u0259rbaycan v\u0259 \u0130ran aras\u0131nda iqtisadi, ticar\u0259t v\u0259 humanitar sah\u0259l\u0259rd\u0259 \u0259m\u0259kda\u015fl\u0131q \u00fczr\u0259 D\u00f6vl\u0259tl\u0259raras\u0131 komissiyan\u0131n n\u00f6vb\u0259ti iclas\u0131 ke\u00e7iril\u0259c\u0259k. ARANTV.AZ\u00a0 x\u0259b\u0259r verir ki, iclasda Astara\u00e7ay \u00fcz\u0259rind\u0259 piyada ke\u00e7id k\u00f6rp\u00fcs\u00fcn\u00fcn, Astarada y\u00fck terminal\u0131n\u0131n tikintisi v\u0259 dig\u0259r m\u0259s\u0259l\u0259l\u0259r m\u00fczakir\u0259 edil\u0259c\u0259k. \u0130ran n\u00fcmay\u0259nd\u0259 hey\u0259tin\u0259 komissiyan\u0131n \u0130ran t\u0259r\u0259find\u0259n h\u0259ms\u0259dri, yol v\u0259 \u015f\u0259h\u0259rsalma naziri R\u00fcst\u0259m Qasemi r\u0259hb\u0259rlik ed\u0259c\u0259k.","_links":{"self":[{"href":"https:\/\/arantv.az\/index.php?rest_route=\/wp\/v2\/posts\/441207"}],"collection":[{"href":"https:\/\/arantv.az\/index.php?rest_route=\/wp\/v2\/posts"}],"about":[{"href":"https:\/\/arantv.az\/index.php?rest_route=\/wp\/v2\/types\/post"}],"author":[{"embeddable":true,"href":"https:\/\/arantv.az\/index.php?rest_route=\/wp\/v2\/users\/2"}],"replies":[{"embeddable":true,"href":"https:\/\/arantv.az\/index.php?rest_route=%2Fwp%2Fv2%2Fcomments&post=441207"}],"version-history":[{"count":0,"href":"https:\/\/arantv.az\/index.php?rest_route=\/wp\/v2\/posts\/441207\/revisions"}],"wp:featuredmedia":[{"embeddable":true,"href":"https:\/\/arantv.az\/index.php?rest_route=\/wp\/v2\/media\/441208"}],"wp:attachment":[{"href":"https:\/\/arantv.az\/index.php?rest_route=%2Fwp%2Fv2%2Fmedia&parent=441207"}],"wp:term":[{"taxonomy":"category","embeddable":true,"href":"https:\/\/arantv.az\/index.php?rest_route=%2Fwp%2Fv2%2Fcategories&post=441207"},{"taxonomy":"post_tag","embeddable":true,"href":"https:\/\/arantv.az\/index.php?rest_route=%2Fwp%2Fv2%2Ftags&post=441207"}],"curies":[{"name":"wp","href":"https:\/\/api.w.org\/{rel}","templated":true}]}}