{"id":441210,"date":"2022-02-19T19:20:39","date_gmt":"2022-02-19T16:20:39","guid":{"rendered":"http:\/\/arantv.az\/?p=441210"},"modified":"2022-02-19T19:20:39","modified_gmt":"2022-02-19T16:20:39","slug":"tuk%c9%99nm%c9%99z-v%c9%99t%c9%99n-sevgisi-v%c9%99-xalqa-xidm%c9%99t-numun%c9%99si","status":"publish","type":"post","link":"https:\/\/arantv.az\/?p=441210","title":{"rendered":"T\u00fck\u0259nm\u0259z V\u0259t\u0259n sevgisi v\u0259 xalqa xidm\u0259t n\u00fcmun\u0259si"},"content":{"rendered":"<p>Bu g\u00fcnl\u0259rd\u0259 m\u00f6ht\u0259r\u0259m Birinci vitse-prezidentimiz Mehriban xan\u0131m \u018fliyevan\u0131n bu v\u0259zif\u0259y\u0259 t\u0259yinat\u0131n\u0131n 5 ili tamam olur. \u018fslind\u0259 Mehriban xan\u0131m \u018fliyevan\u0131n bu ali v\u0259zif\u0259y\u0259 t\u0259yinat\u0131n\u0131 ictimaiyy\u0259t \u00e7oxdan g\u00f6zl\u0259yirdi. \u00c7\u00fcnki bu f\u0259dakar xan\u0131m\u0131n \u00a0bu v\u0259zif\u0259y\u0259 t\u0259yin olunanad\u0259k ke\u00e7diyi z\u0259ngin v\u0259 \u015f\u0259r\u0259fli yol, m\u00fcxt\u0259lif sah\u0259l\u0259rd\u0259 qazand\u0131\u011f\u0131 m\u00fck\u0259mm\u0259l t\u0259cr\u00fcb\u0259 onun ali d\u00f6vl\u0259t v\u0259zif\u0259sind\u0259 t\u0259msil olunmas\u0131n\u0131 z\u0259ruri etmi\u015fdi. Bu, h\u0259m d\u0259 bir sosial sifari\u015f v\u0259\u00a0 ehtiyac olmaqla bir n\u00f6v ictimai t\u0259l\u0259b idi. Onun \u00a0m\u00fck\u0259mm\u0259l t\u0259cr\u00fcb\u0259si c\u0259miyy\u0259t \u00fc\u00e7\u00fcn, xalq \u00fc\u00e7\u00fcn, d\u00f6vl\u0259timiz \u00fc\u00e7\u00fcn bir qazanc olmaqla ictimaiyy\u0259t t\u0259r\u0259find\u0259n y\u00fcks\u0259k d\u0259y\u0259rl\u0259ndirilirdi.\u00a0\u00d6nc\u0259 qeyd etm\u0259k ist\u0259rdim ki, \u00f6lk\u0259mizd\u0259 ke\u00e7iril\u0259n son referendumda konstitusiyaya edil\u0259n d\u0259yi\u015fikl\u0259rd\u0259n biri d\u0259 Birinci vitse-prezidentlik institutunun\u00a0yarad\u0131lmas\u0131 idi. \u018flb\u0259tt\u0259 yeni bir d\u00f6vl\u0259t idar\u0259\u00e7ilik\u00a0 t\u0259sisat\u0131n\u0131n yarad\u0131lmas\u0131\u00a0m\u00f6ht\u0259r\u0259m c\u0259nab Prezidentin b\u00fct\u00fcn sah\u0259l\u0259rd\u0259 h\u0259yata ke\u00e7irdiyi ard\u0131c\u0131l\u00a0 islahatlar\u0131n t\u0259rkib hiss\u0259si idi.<\/p>\n<p>Bu m\u0259nada\u00a0 2016-c\u0131 ild\u0259 Birinci vitse-prezident institutunun t\u0259sis edilm\u0259sind\u0259n sonra xalq bu t\u0259yinat\u0131 s\u0259birsizlikl\u0259 g\u00f6zl\u0259yirdi.<br \/>\nM\u00f6ht\u0259r\u0259m Birinci vitse-prezident \u00e7al\u0131\u015fd\u0131\u011f\u0131 b\u00fct\u00fcn v\u0259zif\u0259l\u0259rd\u0259 sad\u0259lik, t\u0259vaz\u00f6karl\u0131q, \u0259l\u00e7atanl\u0131q, \u015f\u0259ffafl\u0131q, m\u0259rh\u0259m\u0259t, humanizm kimi x\u00fcsusiyy\u0259tl\u0259ri v\u0259zif\u0259 m\u0259suliyy\u0259tinin \u0259sas mahiyy\u0259ti oldu\u011funu s\u00fcbut etmi\u015fdi. B\u00fct\u00fcn bu v\u0259zif\u0259l\u0259rd\u0259 Mehriban xan\u0131m \u00a0\u018fliyeva ona etimad \u00a0g\u00f6st\u0259r\u0259n insanlar, t\u0259\u015fkilatlar qar\u015f\u0131s\u0131nda hesabatl\u0131l\u0131\u011f\u0131 \u00f6z\u00fcn\u0259 borc bildi, d\u00f6vl\u0259t idar\u0259\u00e7iliyinin \u0259sas\u00a0 atributu hesab etdi.<\/p>\n<p>M\u0259hz el\u0259 bu yana\u015fma v\u0259 etimad g\u00f6st\u0259r\u0259nl\u0259r\u0259 s\u0259mimi \u00a0m\u00fcnasib\u0259ti v\u0259 onlara verdiyi d\u0259y\u0259r\u00a0 ona h\u0259dsiz b\u00f6y\u00fck sevgi v\u0259 r\u0259\u011fb\u0259t qazand\u0131rm\u0131\u015fd\u0131. Mehriban xan\u0131m \u018fliyeva m\u00fcsahib\u0259l\u0259rinin birind\u0259 \u201ch\u0259yatda h\u0259r bir k\u0259sin\u00a0 yerini v\u0259 taleyini\u00a0 tarix m\u00fc\u0259yy\u0259n edir\u201d dey\u0259r\u0259k, \u00f6z\u00fcn\u00fcn n\u0259cib missiyas\u0131n\u0131n\u00a0 g\u0259l\u0259c\u0259k yol x\u0259rit\u0259si il\u0259 insanlar\u0131n k\u00f6nl\u00fcn\u00fc f\u0259th etmi\u015fdi. Onun r\u0259hb\u0259rliyi il\u0259 h\u0259yata ke\u00e7iril\u0259n \u00f6l\u00e7\u00fcy\u0259 s\u0131\u011fmayan \u0259z\u0259m\u0259tli layih\u0259l\u0259rl\u0259\u00a0\u00a0 m\u0259d\u0259niyy\u0259timizin\u00a0 qoruyucusu v\u0259 t\u0259bli\u011fat\u00e7\u0131s\u0131, s\u0259hiyy\u0259nin v\u0259 \u00a0t\u0259hsilin hamisi, \u00fcmid qap\u0131s\u0131, \u00e7ar\u0259sizl\u0259rin \u00e7ar\u0259si, \u00a0kims\u0259sizl\u0259rin daya\u011f\u0131 adland\u0131r\u0131ld\u0131.<\/p>\n<p>Beyn\u0259lxalq s\u0259viyy\u0259d\u0259 h\u0259yata ke\u00e7irdiyi humanitar v\u0259 sosial layih\u0259l\u0259rl\u0259, \u00f6z\u00fcn\u00fcn m\u0259d\u0259niyy\u0259t diplomatiyas\u0131 il\u0259 d\u00f6vl\u0259timizin v\u0259 xalq\u0131m\u0131z\u0131n n\u00fcfuzunu daha da art\u0131rd\u0131. H\u0259m \u00f6lk\u0259mizd\u0259, h\u0259m d\u0259, s\u0259rh\u0259dl\u0259rimizd\u0259n \u00e7ox-\u00e7ox uzaqlarda sevildi v\u0259 h\u00f6rm\u0259t qazand\u0131. Onun s\u0259mimiyy\u0259tin\u0259 inand\u0131lar v\u0259 etimad g\u00f6st\u0259rdil\u0259r. Mehriban xan\u0131m \u018fliyeva xalq\u0131m\u0131z\u0131n yaratm\u0131\u015f oldu\u011fu maddi-m\u0259n\u0259vi\u00a0 irsin \u00a0m\u00fcdafi\u0259\u00e7isi olmaqla b\u0259rab\u0259r, \u00a0h\u0259m d\u0259 b\u0259\u015f\u0259r m\u0259d\u0259niyy\u0259tini qoruma\u011fa \u00e7a\u011f\u0131rd\u0131 v\u0259 sivilizasiyalaras\u0131 dialoqa m\u00fch\u00fcm t\u00f6hf\u0259l\u0259r verdi. Onun t\u0259\u015f\u0259bb\u00fcs\u00fc v\u0259 t\u0259\u015fkilat\u00e7\u0131l\u0131\u011f\u0131 il\u0259 \u00f6lk\u0259mizd\u0259 v\u0259 xaricd\u0259\u00a0 y\u00fcks\u0259k s\u0259viyy\u0259li t\u0259dbirl\u0259r ke\u00e7irildi.<\/p>\n<p>O, \u00e7\u0131x\u0131\u015flar\u0131nda \u201ch\u0259yatda\u00a0 n\u0259 b\u00f6y\u00fck, n\u0259 d\u0259 ki\u00e7ik rollar olmur\u201d dey\u0259r\u0259k, d\u00fc\u015f\u00fcnc\u0259 v\u0259 bax\u0131\u015flar\u0131n\u0131 insanlarla payla\u015fd\u0131. O, hans\u0131 v\u0259zif\u0259d\u0259 oldusa, o v\u0259zif\u0259y\u0259 \u015f\u00f6hr\u0259t g\u0259tirdi. M\u00f6ht\u0259r\u0259m Birinci vitse-prezidentimiz hans\u0131\u00a0 i\u015fi g\u00f6rm\u0259y\u0259 q\u0259rar verdis\u0259, hans\u0131 layih\u0259ni ger\u00e7\u0259kl\u0259\u015fdirdis\u0259 u\u011fur\u00a0Onunla oldu. \u00d6lk\u0259mizd\u0259 v\u0259 m\u00fcxt\u0259lif \u00f6lk\u0259l\u0259rd\u0259, beyn\u0259lxalq t\u0259\u015fkilatlarda\u00a0 hans\u0131 titullara,\u00a0 hans\u0131 v\u0259zif\u0259l\u0259r\u0259 layiq g\u00f6r\u00fcld\u00fcs\u0259, milli v\u0259 b\u0259\u015f\u0259ri d\u0259y\u0259rl\u0259r\u0259\u00a0 xidm\u0259t etm\u0259kl\u0259 o missiyan\u0131n\u00a0 h\u0259qiqi\u00a0el\u00e7isin\u0259 v\u0259 r\u0259mzin\u0259 \u00e7evrildi.<\/p>\n<p>M\u00f6ht\u0259r\u0259m Mehriban xan\u0131m \u018fliyeva d\u00fcnyan\u0131n g\u0259l\u0259c\u0259yi namin\u0259\u00a0 f\u0259rqli m\u0259d\u0259niyy\u0259tl\u0259r\u0259, dill\u0259r\u0259 v\u0259 inanclara malik\u00a0 insanlar\u0131 dialoqa \u00e7a\u011f\u0131rd\u0131. D\u00fcnyan\u0131n g\u00f6z\u0259lliyini v\u0259 g\u0259l\u0259c\u0259yini\u00a0 f\u0259rqlilikd\u0259 \u00a0v\u0259 b\u00fct\u00f6vl\u00fckd\u0259 \u00a0g\u00f6rd\u00fc. \u0130nsanlar\u0131\u00a0 g\u00fcc v\u0259 zor dili il\u0259 deyil, m\u0259d\u0259niyy\u0259t, sevgi, humanizm dili il\u0259 m\u00fcnasib\u0259t qurma\u011fa s\u0259sl\u0259di. Xalq\u0131m\u0131z\u0131n timsal\u0131nda birg\u0259 ya\u015fama\u011f\u0131n m\u00fcmk\u00fcnl\u00fcy\u00fcn\u00fc s\u00fcbut etdi, ucalma\u011f\u0131n v\u0259\u00a0 ucaltma\u011f\u0131n, insanlar\u0131n inam\u0131n\u0131 v\u0259 etimad\u0131n\u0131\u00a0 qazanma\u011f\u0131n, onlar \u00fc\u00e7\u00fcn \u00fcmid yeri olma\u011f\u0131n\u00a0\u00a0 yolunu g\u00f6st\u0259rdi.<\/p>\n<p>Respublikam\u0131z\u0131n Birinci vitse-prezidentin\u0259 \u00f6t\u0259n d\u00f6vr \u0259rzind\u0259 \u00f6lk\u0259 daxilind\u0259, el\u0259c\u0259 \u00a0d\u0259, beyn\u0259lxalq al\u0259md\u0259 b\u00f6y\u00fck etimad g\u00f6st\u0259rilmi\u015fdir. B\u00fct\u00fcn \u00a0bu v\u0259zif\u0259l\u0259rd\u0259 O, f\u0259aliyy\u0259ti il\u0259, qazand\u0131\u011f\u0131 \u015f\u00f6hr\u0259tl\u0259\u00a0 \u00f6lk\u0259miz\u0259 v\u0259\u00a0 xalq\u0131m\u0131za ba\u015f ucal\u0131\u011f\u0131 g\u0259tirmi\u015fdir. \u00c7\u00fcnki\u00a0Onun h\u0259yat\u00a0 f\u0259ls\u0259f\u0259sind\u0259 \u00a0v\u0259zif\u0259 insanlara l\u0259yaq\u0259tl\u0259 xidm\u0259t etm\u0259k \u00a0\u00fc\u00e7\u00fcn\u00a0vasit\u0259dir. V\u0259zif\u0259nin\u00a0\u00a0 b\u00f6y\u00fck-ki\u00e7ikliyi v\u0259 ya \u00a0ictimai-d\u00f6vl\u0259t \u00a0\u00a0olmas\u0131 \u00a0\u0259sas ola bilm\u0259z. Bu bax\u0131mdan Onun h\u0259yata ke\u00e7irdiyi \u00a0h\u0259r bir layih\u0259nin m\u0259qs\u0259dind\u0259\u00a0v\u0259\u00a0\u00a0h\u0259d\u0259find\u0259 \u00a0d\u00f6vl\u0259tin\u0259, v\u0259t\u0259nin\u0259, xalq\u0131na v\u0259 insanl\u0131\u011fa xidm\u0259t \u00a0etm\u0259k\u00a0olmu\u015fdur. M\u00f6ht\u0259r\u0259m Mehriban xan\u0131m \u018fliyeva Az\u0259rbaycan M\u0259d\u0259niyy\u0259tinin Dostlar\u0131 Fondunun qurucusu v\u0259 s\u0259dri, Gimnastika\u00a0Federasiyas\u0131n\u0131n prezidenti,\u00a0 Heyd\u0259r \u018fliyev Fondunun prezidenti,\u00a0 mill\u0259t v\u0259kili, Yeni Az\u0259rbaycan Partiyas\u0131 S\u0259drinin birinci m\u00fcavini,\u00a0UNESCO v\u0259 \u0130CESCO-nun xo\u015fm\u0259raml\u0131 s\u0259firi,\u00a0I Avropa Oyunlar\u0131 v\u0259 IV \u0130slam H\u0259mr\u0259ylik Oyunlar\u0131n\u0131n T\u0259\u015fkilat Komit\u0259sinin\u00a0S\u0259dri v\u0259 n\u0259hay\u0259t Az\u0259rbaycan Respublikas\u0131n\u0131n Birinci vitse-prezidenti kimi ali v\u0259 m\u00f6t\u0259b\u0259r v\u0259zif\u0259l\u0259rd\u0259 he\u00e7 vaxt d\u0259yi\u015fm\u0259di. \u018fksin\u0259 sad\u0259liyin v\u0259 s\u0259mimiyy\u0259tin, kamilliyin \u0259sil n\u00fcmun\u0259si il\u0259 \u00a0h\u0259r k\u0259s\u0259 sirda\u015f v\u0259 \u00fcmid yeri oldu. Sosial \u015f\u0259b\u0259k\u0259l\u0259rd\u0259ki payla\u015f\u0131m\u0131nda Onun b\u00fct\u00fcn titullardan uca bildiyi bir titulu g\u00f6r\u0259 bilirik:\u00a0\u201cSizin Mehriban\u201d.<\/p>\n<p>S\u00f6zs\u00fcz ki,\u00a0Mehriban xan\u0131m \u00a0\u018fliyevan\u0131n\u00a0geni\u015fmiqyasl\u0131\u00a0 f\u0259aliyy\u0259tini\u00a0 bir yaz\u0131da qeyd etm\u0259k m\u00fcmk\u00fcn deyil. Nec\u0259 dey\u0259rl\u0259r, g\u00f6r\u00fcn\u0259n da\u011fa n\u0259 b\u0259l\u0259d\u00e7i&#8230;<\/p>\n<p>M\u00f6ht\u0259r\u0259m Birinci vitse-prezidentimiz \u00f6t\u0259n ill\u0259r \u0259rzind\u0259 Az\u0259rbaycan h\u0259qiq\u0259tl\u0259rinin d\u00fcnyaya \u00e7atd\u0131r\u0131lmas\u0131ndan yorulmad\u0131. Y\u00fcks\u0259k k\u00fcrs\u00fcl\u0259rd\u0259 Qaraba\u011f\u0131n, Xocal\u0131 soyq\u0131r\u0131m\u0131n\u0131n, qa\u00e7q\u0131n v\u0259 k\u00f6\u00e7k\u00fcn soyda\u015flar\u0131m\u0131z\u0131n\u00a0 e\u015fidilm\u0259y\u0259n \u00a0s\u0259si \u00a0oldu.<\/p>\n<p>M\u0259lum oldu\u011fu kimi M\u00fcz\u0259ff\u0259r Ali Ba\u015f Komandan\u0131m\u0131z\u0131n r\u0259hb\u0259rliyi il\u0259 q\u0259hr\u0259man Ordumuz\u00a0 V\u0259t\u0259nimizin ayr\u0131lmaz par\u00e7as\u0131 olan Qaraba\u011f torpa\u011f\u0131n\u0131 t\u0259cav\u00fczkar Erm\u0259nistan\u0131n i\u015f\u011fal\u0131ndan\u00a0 azad etdi. Mehriban xan\u0131m \u00a0\u018fliyevan\u0131n Ali Ba\u015f Komandanla i\u015f\u011faldan azad olunmu\u015f \u0259razil\u0259rimiz\u0259 s\u0259f\u0259ri d\u00fc\u015fm\u0259n\u0259 v\u0259 onun havadarlar\u0131na g\u00f6z da\u011f\u0131 oldu. Bu s\u0259f\u0259rl\u0259 O, c\u0259sur Az\u0259rbaycan qad\u0131n\u0131n\u0131n obraz\u0131n\u0131 d\u00fcnyaya bir daha b\u0259yan etdi O, h\u0259r s\u0259f\u0259ri il\u0259 \u0259sg\u0259r analar\u0131n\u0131n \u00fcmid yeri v\u0259 sars\u0131lmaz daya\u011f\u0131 oldu. \u00dcr\u0259yi daima \u015f\u0259hid analar\u0131n\u0131n \u00fcr\u0259yi il\u0259 d\u00f6y\u00fcnd\u00fc, onlar\u0131n g\u00f6z ya\u015f\u0131 onun g\u00f6z ya\u015f\u0131 oldu.<\/p>\n<p>Bu g\u00fcn Mehriban xan\u0131m \u018fliyeva m\u00f6ht\u0259r\u0259m Prezidentimizl\u0259 birlikd\u0259 Qaraba\u011fa b\u00f6y\u00fck Qay\u0131d\u0131\u015f\u0131n realla\u015fmas\u0131 v\u0259 Qaraba\u011f\u0131n dir\u00e7\u0259li\u015fi namin\u0259 f\u0259dakarl\u0131qla f\u0259aliyy\u0259t g\u00f6st\u0259rirl\u0259r.<\/p>\n<p>\u018fminik ki, Birinci vitse-prezident Mehriban xan\u0131m \u018fliyevan\u0131n ad\u0131 n\u0259cib \u0259m\u0259li, xo\u015f niyy\u0259tli, t\u00fck\u0259nm\u0259z V\u0259t\u0259n sevgisi, xalq\u0131na xidm\u0259ti v\u0259 yorulmaz f\u0259aliyy\u0259ti il\u0259 m\u00fcasir d\u00f6vl\u0259t\u00e7ilik tariximizin \u015fanl\u0131 v\u0259 \u015f\u0259r\u0259fli s\u0259hif\u0259sin\u0259 \u0259b\u0259di yaz\u0131lacaq.<\/p>\n<p><strong>M\u0259lah\u0259t \u0130brahimq\u0131z\u0131,<\/strong><\/p>\n<p><em>mill\u0259t v\u0259kili, tarix elml\u0259ri \u00fczr\u0259 f\u0259ls\u0259f\u0259 doktoru<\/em><\/p>\n","protected":false},"excerpt":{"rendered":"<p>Bu g\u00fcnl\u0259rd\u0259 m\u00f6ht\u0259r\u0259m Birinci vitse-prezidentimiz Mehriban xan\u0131m \u018fliyevan\u0131n bu v\u0259zif\u0259y\u0259 t\u0259yinat\u0131n\u0131n 5 ili tamam olur. \u018fslind\u0259 Mehriban xan\u0131m \u018fliyevan\u0131n bu ali v\u0259zif\u0259y\u0259 t\u0259yinat\u0131n\u0131 ictimaiyy\u0259t \u00e7oxdan g\u00f6zl\u0259yirdi. \u00c7\u00fcnki bu f\u0259dakar xan\u0131m\u0131n \u00a0bu v\u0259zif\u0259y\u0259 t\u0259yin olunanad\u0259k ke\u00e7diyi z\u0259ngin v\u0259 \u015f\u0259r\u0259fli yol, m\u00fcxt\u0259lif sah\u0259l\u0259rd\u0259 qazand\u0131\u011f\u0131 m\u00fck\u0259mm\u0259l t\u0259cr\u00fcb\u0259 onun ali d\u00f6vl\u0259t v\u0259zif\u0259sind\u0259 t\u0259msil olunmas\u0131n\u0131 z\u0259ruri etmi\u015fdi. Bu, h\u0259m d\u0259 bir sosial sifari\u015f v\u0259\u00a0 ehtiyac olmaqla bir n\u00f6v ictimai t\u0259l\u0259b idi. Onun \u00a0m\u00fck\u0259mm\u0259l t\u0259cr\u00fcb\u0259si c\u0259miyy\u0259t \u00fc\u00e7\u00fcn, xalq \u00fc\u00e7\u00fcn, d\u00f6vl\u0259timiz \u00fc\u00e7\u00fcn bir qazanc olmaqla ictimaiyy\u0259t t\u0259r\u0259find\u0259n y\u00fcks\u0259k d\u0259y\u0259rl\u0259ndirilirdi.\u00a0\u00d6nc\u0259 qeyd etm\u0259k ist\u0259rdim ki, \u00f6lk\u0259mizd\u0259 ke\u00e7iril\u0259n son referendumda&hellip;<\/p>\n","protected":false},"author":2,"featured_media":441212,"comment_status":"closed","ping_status":"closed","sticky":false,"template":"","format":"standard","meta":{"om_disable_all_campaigns":false,"_monsterinsights_skip_tracking":false,"_monsterinsights_sitenote_active":false,"_monsterinsights_sitenote_note":"","_monsterinsights_sitenote_category":0},"categories":[8],"tags":[],"aioseo_notices":[],"gutentor_comment":0,"rttpg_featured_image_url":{"full":["https:\/\/arantv.az\/wp-content\/uploads\/2022\/02\/9b8b50fb159238047031054788210704446-1.jpg",975,540,false],"landscape":["https:\/\/arantv.az\/wp-content\/uploads\/2022\/02\/9b8b50fb159238047031054788210704446-1.jpg",975,540,false],"portraits":["https:\/\/arantv.az\/wp-content\/uploads\/2022\/02\/9b8b50fb159238047031054788210704446-1.jpg",975,540,false],"thumbnail":["https:\/\/arantv.az\/wp-content\/uploads\/2022\/02\/9b8b50fb159238047031054788210704446-1-500x280.jpg",500,280,true],"medium":["https:\/\/arantv.az\/wp-content\/uploads\/2022\/02\/9b8b50fb159238047031054788210704446-1-660x365.jpg",660,365,true],"large":["https:\/\/arantv.az\/wp-content\/uploads\/2022\/02\/9b8b50fb159238047031054788210704446-1-840x465.jpg",640,354,true],"1536x1536":["https:\/\/arantv.az\/wp-content\/uploads\/2022\/02\/9b8b50fb159238047031054788210704446-1.jpg",975,540,false],"2048x2048":["https:\/\/arantv.az\/wp-content\/uploads\/2022\/02\/9b8b50fb159238047031054788210704446-1.jpg",975,540,false],"post-thumbnail":["https:\/\/arantv.az\/wp-content\/uploads\/2022\/02\/9b8b50fb159238047031054788210704446-1-240x172.jpg",240,172,true],"advps-thumb-one":["https:\/\/arantv.az\/wp-content\/uploads\/2022\/02\/9b8b50fb159238047031054788210704446-1.jpg",975,540,false]},"rttpg_author":{"display_name":"V\u00fcsal Rafiqo\u011flu","author_link":"https:\/\/arantv.az\/?author=2"},"rttpg_comment":0,"rttpg_category":"<a href=\"https:\/\/arantv.az\/?cat=8\" rel=\"category\">\u018fsas s\u0259hif\u0259<\/a>","rttpg_excerpt":"Bu g\u00fcnl\u0259rd\u0259 m\u00f6ht\u0259r\u0259m Birinci vitse-prezidentimiz Mehriban xan\u0131m \u018fliyevan\u0131n bu v\u0259zif\u0259y\u0259 t\u0259yinat\u0131n\u0131n 5 ili tamam olur. \u018fslind\u0259 Mehriban xan\u0131m \u018fliyevan\u0131n bu ali v\u0259zif\u0259y\u0259 t\u0259yinat\u0131n\u0131 ictimaiyy\u0259t \u00e7oxdan g\u00f6zl\u0259yirdi. \u00c7\u00fcnki bu f\u0259dakar xan\u0131m\u0131n \u00a0bu v\u0259zif\u0259y\u0259 t\u0259yin olunanad\u0259k ke\u00e7diyi z\u0259ngin v\u0259 \u015f\u0259r\u0259fli yol, m\u00fcxt\u0259lif sah\u0259l\u0259rd\u0259 qazand\u0131\u011f\u0131 m\u00fck\u0259mm\u0259l t\u0259cr\u00fcb\u0259 onun ali d\u00f6vl\u0259t v\u0259zif\u0259sind\u0259 t\u0259msil olunmas\u0131n\u0131 z\u0259ruri etmi\u015fdi. Bu, h\u0259m d\u0259&hellip;","_links":{"self":[{"href":"https:\/\/arantv.az\/index.php?rest_route=\/wp\/v2\/posts\/441210"}],"collection":[{"href":"https:\/\/arantv.az\/index.php?rest_route=\/wp\/v2\/posts"}],"about":[{"href":"https:\/\/arantv.az\/index.php?rest_route=\/wp\/v2\/types\/post"}],"author":[{"embeddable":true,"href":"https:\/\/arantv.az\/index.php?rest_route=\/wp\/v2\/users\/2"}],"replies":[{"embeddable":true,"href":"https:\/\/arantv.az\/index.php?rest_route=%2Fwp%2Fv2%2Fcomments&post=441210"}],"version-history":[{"count":0,"href":"https:\/\/arantv.az\/index.php?rest_route=\/wp\/v2\/posts\/441210\/revisions"}],"wp:featuredmedia":[{"embeddable":true,"href":"https:\/\/arantv.az\/index.php?rest_route=\/wp\/v2\/media\/441212"}],"wp:attachment":[{"href":"https:\/\/arantv.az\/index.php?rest_route=%2Fwp%2Fv2%2Fmedia&parent=441210"}],"wp:term":[{"taxonomy":"category","embeddable":true,"href":"https:\/\/arantv.az\/index.php?rest_route=%2Fwp%2Fv2%2Fcategories&post=441210"},{"taxonomy":"post_tag","embeddable":true,"href":"https:\/\/arantv.az\/index.php?rest_route=%2Fwp%2Fv2%2Ftags&post=441210"}],"curies":[{"name":"wp","href":"https:\/\/api.w.org\/{rel}","templated":true}]}}