{"id":441239,"date":"2022-02-19T19:33:53","date_gmt":"2022-02-19T16:33:53","guid":{"rendered":"http:\/\/arantv.az\/?p=441239"},"modified":"2022-02-19T19:33:53","modified_gmt":"2022-02-19T16:33:53","slug":"mehriban-dusm%c9%99nl%c9%99rin-qatiq-davasi","status":"publish","type":"post","link":"https:\/\/arantv.az\/?p=441239","title":{"rendered":"\u201cMehriban d\u00fc\u015fm\u0259n\u201dl\u0259rin qat\u0131q davas\u0131"},"content":{"rendered":"<p>G\u00fcrc\u00fcstan v\u0259 Erm\u0259nistan strateji m\u00fctt\u0259fiqlik v\u0259 dostluqdan dan\u0131\u015f\u0131b, sazi\u015fl\u0259r imzalay\u0131b, b\u0259yanatlar vers\u0259l\u0259r d\u0259, iki d\u00f6vl\u0259t aras\u0131nda probleml\u0259r qal\u0131r. Bu probleml\u0259r kils\u0259l\u0259rd\u0259n tutmu\u015f, \u0259razi iddias\u0131 kimi geni\u015f bir spektri \u0259hat\u0259 etm\u0259kd\u0259dir. SSR\u0130 da\u011f\u0131ld\u0131qdan sonra is\u0259 g\u0259rginlik daha qabar\u0131q \u015f\u0259kild\u0259 \u00fcz\u0259 \u00e7\u0131xd\u0131. 90-c\u0131 ill\u0259rd\u0259 g\u00fccl\u0259n\u0259n probleml\u0259r o yer\u0259 \u00e7atd\u0131 ki, erm\u0259nil\u0259r batalyonlar yarad\u0131b separat\u00e7\u0131 Abxaziyada d\u00f6y\u00fc\u015f\u0259r\u0259k y\u00fczl\u0259rl\u0259 g\u00fcrc\u00fcn\u00fc qan\u0131na q\u0259ltan etdil\u0259r. Separat\u00e7\u0131 Cavahetiya b\u00f6lg\u0259sind\u0259ki erm\u0259ni \u0259halisinin m\u00fct\u0259madi naraz\u0131l\u0131qlar\u0131n\u0131 da iki d\u00f6vl\u0259t aras\u0131ndak\u0131 naraz\u0131l\u0131qlar siyah\u0131s\u0131na daxil etm\u0259k olar. G\u00fcrc\u00fc hakimiyy\u0259ti erm\u0259nil\u0259ri vaxt\u0131nda susdurmaqla problemin b\u00f6y\u00fcm\u0259sin\u0259 imkan verm\u0259di. Buna baxmayaraq, m\u00fct\u0259madi olaraq erm\u0259ni deputatlar\u0131, partiya liderl\u0259ri b\u00f6lg\u0259d\u0259 separatizm yaymaqda davam edir. G\u00fcrc\u00fcstanla Erm\u0259nistan aras\u0131nda bu d\u0259f\u0259 ya\u015fanan problem is\u0259 s\u00f6z\u00fcn \u0259sl m\u0259nas\u0131nda tragikomikdir.<\/p>\n<p>Bu bar\u0259d\u0259\u00a0<a href=\"https:\/\/kaspi.az\/az\/mehriban-dusmenlerin-qatiq-davasi?fbclid=IwAR16eSecQeOYJUG174o4WrLaBWqnjhjXDb6X7yNjGnby5uyN32cRtVCHCN4\" target=\"_blank\" rel=\"noopener\"><strong>\u201cKaspi\u201d q\u0259zeti<\/strong><\/a>nin haz\u0131rlad\u0131\u011f\u0131 m\u0259qal\u0259d\u0259 qeyd olunub.<\/p>\n<div class=\"AdviadNativeVideo\"><\/div>\n<p>\u0130ki qon\u015fu aras\u0131nda naraz\u0131l\u0131q bu d\u0259f\u0259 kulinar-qastronomiya sah\u0259sind\u0259dir. G\u00fcrc\u00fcstan Erm\u0259nistanda istehsal olunan &#8220;Matsun\u201d \u0259mt\u0259\u0259 ni\u015fanl\u0131 s\u00fcd m\u0259hsulunun (qat\u0131q) \u00f6z \u0259razisi vasit\u0259sil\u0259 Rusiyaya tranzitini qada\u011fan edib. Bildirilib ki, buna s\u0259b\u0259b G\u00fcrc\u00fcstan\u0131n &#8220;Matsoni\u201d ad\u0131n\u0131 \u00f6z\u00fcn\u00fcn co\u011frafi g\u00f6st\u0259ricisi kimi qeydiyyata almas\u0131d\u0131r. Erm\u0259nistan istehsal\u00e7\u0131lar\u0131 &#8220;Matsun&#8221;u Rusiyaya G\u00fcrc\u00fcstan \u00fcz\u0259rind\u0259n &#8220;erm\u0259ni da\u011f yoqurtu\u201d ad\u0131 alt\u0131nda ixrac etm\u0259y\u0259 m\u0259cbur olublar. Erm\u0259nistan\u0131n \u0130qtisadiyyat Nazirliyind\u0259n bildirilib ki, \u00f6lk\u0259 h\u0259l\u0259 2011-ci ild\u0259 &#8220;Matsoni\u201d ad\u0131n\u0131n qeydiyyat\u0131 il\u0259 ba\u011fl\u0131 Avropa \u0130ttifaq\u0131 v\u0259 G\u00fcrc\u00fcstan\u0131n m\u00fcvafiq orqanlar\u0131na etiraz bildirs\u0259l\u0259r d\u0259, bu, diqq\u0259t\u0259 al\u0131nmay\u0131b. Qeyd olunub ki, Erm\u0259nistan h\u00f6kum\u0259ti g\u00fcrc\u00fc h\u0259mkarlar\u0131 il\u0259 co\u011frafi g\u00f6st\u0259ricil\u0259rin istifad\u0259sinin d\u0259qiql\u0259\u015fdirilm\u0259si \u00fczr\u0259 dan\u0131\u015f\u0131qlar apar\u0131r. Erm\u0259nistan\u0131n s\u00fcd m\u0259hsullar\u0131 istehsal\u00e7\u0131lar\u0131 bildiribl\u0259r ki, G\u00fcrc\u00fcstan &#8220;Matsoni\u201d ad\u0131n\u0131 co\u011frafi g\u00f6st\u0259rici kimi \u00e7oxdan qeydiyyata al\u0131b v\u0259 son zamanlara q\u0259d\u0259r he\u00e7 bir t\u0259l\u0259b ir\u0259li s\u00fcr\u00fclm\u0259yib.<\/p>\n<p>&#8220;Eurasianet\u201d yaz\u0131r ki, G\u00fcrc\u00fcstan d\u00f6vl\u0259tin\u0259 m\u0259xsus &#8220;\u0130medi\u201d telekanal\u0131 m\u00fcbahis\u0259ni tamamil\u0259 yeni s\u0259viyy\u0259y\u0259 qald\u0131r\u0131b. Telekanal probleml\u0259 ba\u011fl\u0131 haz\u0131rlad\u0131\u011f\u0131 reportajda g\u00fcrc\u00fc dilind\u0259 &#8220;matsoni\u201d, erm\u0259nic\u0259 is\u0259 &#8220;Qaraba\u011f Az\u0259rbaycand\u0131r, dolma da az\u0259rbaycan\u0131nd\u0131r\u201d yaz\u0131s\u0131 olan qat\u0131q \u015f\u00fc\u015f\u0259sinin \u015f\u0259klini yay\u0131mlay\u0131b. G\u00fcrc\u00fcstan kanal\u0131n\u0131n reportaj\u0131 internetd\u0259 populyarl\u0131q qazanmaqla yana\u015f\u0131, erm\u0259ni istifad\u0259\u00e7il\u0259rin hidd\u0259tin\u0259 s\u0259b\u0259b olub. H\u0259tta m\u0259s\u0259l\u0259y\u0259 G\u00fcrc\u00fcstandak\u0131 Erm\u0259nistan s\u0259firliyi qar\u0131\u015f\u0131b v\u0259 kanaldan izahat t\u0259l\u0259b edib. &#8220;\u0130medi\u201d d\u0259qiql\u0259\u015fdirib ki, qat\u0131qla ba\u011fl\u0131 \u015f\u0259kil internetd\u0259n g\u00f6t\u00fcr\u00fcl\u00fcb. Bir g\u00fcrc\u00fc &#8220;Facebook\u201d istifad\u0259\u00e7isi is\u0259 zarafatla yaz\u0131b: &#8220;G\u0259lin Erm\u0259nistana m\u00fcharib\u0259 elan ed\u0259k. Bununla da Erm\u0259nistan v\u0259 G\u00fcrc\u00fcstan\u0131n qat\u0131q \u00fcst\u00fcnd\u0259 nec\u0259 m\u00fcharib\u0259 apard\u0131\u011f\u0131 tarix\u0259 d\u00fc\u015fs\u00fcn. Bunu ist\u0259yirsiniz?\u201d<\/p>\n<p><img src=\"https:\/\/cdn.oxu.az\/uploads\/W1siZiIsIjIwMjIvMDIvMTkvMTgvMzYvMTUvNzM0ZmM3NDEtYWYxZS00OGE5LTk4YjktZmZhOWM4OWJkNTViLzE2NDUxNzk4MjVfZ2VvcmdpYW5fbWFzc19wcm9kdWNlZF9tYXRzb25pX2luX3BhY2thZ2VzLmpwZyJdLFsicCIsImVuY29kZSIsImpwZyIsIi1xdWFsaXR5IDgwIl0sWyJwIiwidGh1bWIiLCI1OTB4NTkwXHUwMDNlIl1d?sha=90dd1afc20f74124\" alt=\"\" \/><\/p>\n<p>Rusiyan\u0131n &#8220;Nezavisimaya qazeta\u201d n\u0259\u015fri d\u0259 d\u0259rhal ba\u015f ver\u0259nl\u0259r\u0259 g\u00f6r\u0259 g\u00fcrc\u00fc t\u0259r\u0259fini ittiham etm\u0259y\u0259 t\u0259l\u0259sib. Q\u0259zet g\u00fcrc\u00fc t\u0259r\u0259finin arqumentl\u0259rinin q\u0259rib\u0259 s\u0259sl\u0259ndiyini iddia edib. Onu da qeyd ed\u0259k ki, g\u00fcrc\u00fcl\u0259r bu s\u00fcd m\u0259hsulunu Fransa istehsal\u0131 \u015fampan v\u0259 konyakla yana\u015f\u0131 qoyurlar. Xat\u0131rlad\u0131rlar ki, &#8220;Matsoni\u201d ad\u0131 G\u00fcrc\u00fcstanda co\u011frafi anlay\u0131\u015f kimi qeydiyyata al\u0131n\u0131b. Rusiya n\u0259\u015fri t\u0259l\u0259m-t\u0259l\u0259sik bel\u0259 bir ya\u015fay\u0131\u015f m\u0259nt\u0259q\u0259sinin, h\u0259qiq\u0259t\u0259n d\u0259, m\u00f6vcud olub-olmamas\u0131 bar\u0259d\u0259 ara\u015fd\u0131rma apar\u0131b v\u0259 &#8220;m\u00fc\u0259yy\u0259n\u201d edib ki, bu adda n\u0259 region, n\u0259 ya\u015fay\u0131\u015f m\u0259nt\u0259q\u0259si, h\u0259tta onun ox\u015far\u0131 bel\u0259 yoxdur. M\u00fc\u0259llif g\u00fcrc\u00fcl\u0259rin yana\u015fmas\u0131n\u0131n anla\u015f\u0131lan olmad\u0131\u011f\u0131n\u0131, ard\u0131nca da &#8220;qat\u0131q\u201d m\u00fcbahis\u0259sinin k\u00f6k\u00fcnd\u0259 iki d\u00f6vl\u0259tin \u0259b\u0259di m\u00fcbahis\u0259l\u0259rinin durdu\u011funu g\u00f6st\u0259rib. &#8220;Kim daha q\u0259dimdir, birinci kim n\u0259yi icad edib, n\u0259yin kimin m\u0259tb\u0259xin\u0259 aid olmas\u0131 il\u0259 ba\u011fl\u0131 m\u00fcbahis\u0259 g\u00fcrc\u00fcl\u0259rl\u0259 erm\u0259nil\u0259r aras\u0131nda \u00e7oxdand\u0131r ki, gedir\u201d &#8211; dey\u0259 q\u0259zet yaz\u0131r. &#8220;Son ill\u0259rd\u0259 turizm v\u0259 ticar\u0259tin inki\u015faf\u0131 il\u0259 yem\u0259kl\u0259rin v\u0259 i\u00e7kil\u0259rin k\u00f6hn\u0259 adlar\u0131n\u0131n t\u0259bli\u011fat brendin\u0259 \u00e7evrilm\u0259si d\u0259 burada rol oynay\u0131b. M\u0259hz o ill\u0259rd\u0259 d\u0259 ehtiraslar (???) x\u0259ng\u0259l, xa\u00e7apuri v\u0259 sucuqun hans\u0131 mill\u0259tin n\u00fcmay\u0259nd\u0259si t\u0259r\u0259find\u0259n icad edildiyi m\u00f6vzusunda gedib. \u00dcz\u00fcm\u00e7\u00fcl\u00fckl\u0259 ba\u011fl\u0131 m\u00fcbahis\u0259l\u0259r is\u0259 daha a\u011fr\u0131l\u0131 forma al\u0131b. Erm\u0259nil\u0259r g\u00fcrc\u00fcl\u0259rd\u0259n \u00f6z\u00fcn\u0259m\u0259xsus formada qisas al\u0131blar. Q\u0259fil iddia etm\u0259y\u0259 ba\u015flay\u0131blar ki, qoz, f\u0131nd\u0131q v\u0259 \u00fcz\u00fcm b\u0259hm\u0259zind\u0259n haz\u0131rlanan \u015firin \u00e7ur\u00e7xeli onlara m\u0259xsusdur. M\u00fcbahis\u0259 h\u0259l\u0259 d\u0259 r\u0259smi \u015f\u0259kild\u0259 h\u0259llini tapmay\u0131b. &#8220;Matsoni\u201d il\u0259 ba\u011fl\u0131 v\u0259ziyy\u0259t is\u0259 tragikomikdir. M\u0259hsulu ilk olaraq erm\u0259nil\u0259rin v\u0259 ya g\u00fcrc\u00fcl\u0259rin icad etdiyini s\u00fcbut etm\u0259k, \u0259ti odda ilk d\u0259f\u0259 kimin q\u0131zartmas\u0131 m\u0259s\u0259l\u0259si q\u0259d\u0259r absurddur. Buna baxmayaraq, fakt budur ki, Erm\u0259nistan\u0131n &#8220;matsun\u201d adl\u0131 m\u0259hsulunu G\u00fcrc\u00fcstan \u0259razisind\u0259n da\u015f\u0131maq h\u00fcququ yoxdur\u201d, &#8211; dey\u0259 m\u0259qal\u0259d\u0259 vur\u011fulan\u0131r.<\/p>\n<p>Erm\u0259nistan \u0130qtisadiyyat Nazirliyinin m\u0259tbuat katibi Qayane Antonyan v\u0259ziyy\u0259ti q\u0259zet\u0259 \u015f\u0259rh ed\u0259rk\u0259n bildirib ki, bu m\u00f6vzudak\u0131 hay-k\u00fcy h\u0259l\u0259 2011-ci ild\u0259 ba\u015flay\u0131b: &#8220;Bu g\u00fcn Erm\u0259nistan h\u00f6kum\u0259ti g\u00fcrc\u00fc h\u0259mkarlar\u0131 il\u0259 i\u015f apararaq co\u011frafi g\u00f6st\u0259ricil\u0259rd\u0259n istifad\u0259nin ayd\u0131nla\u015fd\u0131r\u0131lmas\u0131 \u00fc\u00e7\u00fcn t\u0259dbirl\u0259r g\u00f6r\u00fcr\u201d, &#8211; dey\u0259 Antonyan bildirib. Onun s\u00f6zl\u0259rin\u0259 g\u00f6r\u0259, Tbilisi il\u0259 m\u00fcvafiq m\u00fcqavil\u0259 v\u0259 co\u011frafi g\u00f6st\u0259ricil\u0259rin qar\u015f\u0131l\u0131ql\u0131 tan\u0131nmas\u0131 v\u0259 m\u00fchafiz\u0259si haqq\u0131nda sazi\u015f imzaland\u0131qdan sonra m\u0259hsul \u00f6z \u0259n\u0259n\u0259vi ad\u0131 il\u0259 G\u00fcrc\u00fcstan \u0259razisind\u0259n ke\u00e7m\u0259kl\u0259 ba\u015fqa \u00f6lk\u0259l\u0259r\u0259 ixrac oluna bil\u0259c\u0259k. Nazirlik r\u0259smisi \u0259lav\u0259 edib ki, bu m\u0259s\u0259l\u0259 Erm\u0259nistan-G\u00fcrc\u00fcstan h\u00f6kum\u0259tl\u0259raras\u0131 komissiyas\u0131n\u0131n iclas\u0131nda m\u00fczakir\u0259 edil\u0259c\u0259k. Problemin effektiv h\u0259lli \u00fc\u00e7\u00fcn birg\u0259 i\u015f\u00e7i qrup yarad\u0131l\u0131b.<\/p>\n<p>Ba\u015f ver\u0259nl\u0259r g\u00f6st\u0259rir ki, Erm\u0259nistan G\u00fcrc\u00fcstan\u0131n m\u00fcst\u0259qilliyi \u00fc\u00e7\u00fcn \u0259b\u0259di v\u0259 ba\u015fl\u0131ca t\u0259hdiddir. Erm\u0259ni diaspor t\u0259\u015fkilatlar\u0131n\u0131n antig\u00fcrc\u00fc f\u0259aliyy\u0259tl\u0259ri G\u00fcrc\u00fcstan d\u00f6vl\u0259tinin alt\u0131na qoyulmu\u015f minad\u0131r. R\u0259smi Tbilisi t\u0259sirli t\u0259dbirl\u0259rini g\u00fccl\u0259ndirm\u0259lidir. \u018fks t\u0259qdird\u0259, bir ne\u00e7\u0259 ild\u0259n sonra G\u00fcrc\u00fcstan daha b\u00f6y\u00fck probleml\u0259rl\u0259 v\u0259 qanl\u0131 hadis\u0259l\u0259rl\u0259 \u00fcz-\u00fcz\u0259 qala bil\u0259r.<\/p>\n","protected":false},"excerpt":{"rendered":"<p>G\u00fcrc\u00fcstan v\u0259 Erm\u0259nistan strateji m\u00fctt\u0259fiqlik v\u0259 dostluqdan dan\u0131\u015f\u0131b, sazi\u015fl\u0259r imzalay\u0131b, b\u0259yanatlar vers\u0259l\u0259r d\u0259, iki d\u00f6vl\u0259t aras\u0131nda probleml\u0259r qal\u0131r. Bu probleml\u0259r kils\u0259l\u0259rd\u0259n tutmu\u015f, \u0259razi iddias\u0131 kimi geni\u015f bir spektri \u0259hat\u0259 etm\u0259kd\u0259dir. SSR\u0130 da\u011f\u0131ld\u0131qdan sonra is\u0259 g\u0259rginlik daha qabar\u0131q \u015f\u0259kild\u0259 \u00fcz\u0259 \u00e7\u0131xd\u0131. 90-c\u0131 ill\u0259rd\u0259 g\u00fccl\u0259n\u0259n probleml\u0259r o yer\u0259 \u00e7atd\u0131 ki, erm\u0259nil\u0259r batalyonlar yarad\u0131b separat\u00e7\u0131 Abxaziyada d\u00f6y\u00fc\u015f\u0259r\u0259k y\u00fczl\u0259rl\u0259 g\u00fcrc\u00fcn\u00fc qan\u0131na q\u0259ltan etdil\u0259r. Separat\u00e7\u0131 Cavahetiya b\u00f6lg\u0259sind\u0259ki erm\u0259ni \u0259halisinin m\u00fct\u0259madi naraz\u0131l\u0131qlar\u0131n\u0131 da iki d\u00f6vl\u0259t aras\u0131ndak\u0131 naraz\u0131l\u0131qlar siyah\u0131s\u0131na daxil etm\u0259k olar. G\u00fcrc\u00fc hakimiyy\u0259ti erm\u0259nil\u0259ri vaxt\u0131nda susdurmaqla problemin b\u00f6y\u00fcm\u0259sin\u0259 imkan verm\u0259di. Buna baxmayaraq, m\u00fct\u0259madi olaraq erm\u0259ni deputatlar\u0131,&hellip;<\/p>\n","protected":false},"author":2,"featured_media":441240,"comment_status":"closed","ping_status":"closed","sticky":false,"template":"","format":"standard","meta":{"om_disable_all_campaigns":false,"_monsterinsights_skip_tracking":false,"_monsterinsights_sitenote_active":false,"_monsterinsights_sitenote_note":"","_monsterinsights_sitenote_category":0},"categories":[4],"tags":[],"aioseo_notices":[],"gutentor_comment":0,"rttpg_featured_image_url":{"full":["https:\/\/arantv.az\/wp-content\/uploads\/2022\/02\/FotoJet-2022-02-19T183454.915.jpg",620,413,false],"landscape":["https:\/\/arantv.az\/wp-content\/uploads\/2022\/02\/FotoJet-2022-02-19T183454.915.jpg",620,413,false],"portraits":["https:\/\/arantv.az\/wp-content\/uploads\/2022\/02\/FotoJet-2022-02-19T183454.915.jpg",620,413,false],"thumbnail":["https:\/\/arantv.az\/wp-content\/uploads\/2022\/02\/FotoJet-2022-02-19T183454.915-500x280.jpg",500,280,true],"medium":["https:\/\/arantv.az\/wp-content\/uploads\/2022\/02\/FotoJet-2022-02-19T183454.915-548x365.jpg",548,365,true],"large":["https:\/\/arantv.az\/wp-content\/uploads\/2022\/02\/FotoJet-2022-02-19T183454.915.jpg",620,413,false],"1536x1536":["https:\/\/arantv.az\/wp-content\/uploads\/2022\/02\/FotoJet-2022-02-19T183454.915.jpg",620,413,false],"2048x2048":["https:\/\/arantv.az\/wp-content\/uploads\/2022\/02\/FotoJet-2022-02-19T183454.915.jpg",620,413,false],"post-thumbnail":["https:\/\/arantv.az\/wp-content\/uploads\/2022\/02\/FotoJet-2022-02-19T183454.915-240x172.jpg",240,172,true],"advps-thumb-one":["https:\/\/arantv.az\/wp-content\/uploads\/2022\/02\/FotoJet-2022-02-19T183454.915.jpg",620,413,false]},"rttpg_author":{"display_name":"V\u00fcsal Rafiqo\u011flu","author_link":"https:\/\/arantv.az\/?author=2"},"rttpg_comment":0,"rttpg_category":"<a href=\"https:\/\/arantv.az\/?cat=4\" rel=\"category\">Siyas\u0259t<\/a>","rttpg_excerpt":"G\u00fcrc\u00fcstan v\u0259 Erm\u0259nistan strateji m\u00fctt\u0259fiqlik v\u0259 dostluqdan dan\u0131\u015f\u0131b, sazi\u015fl\u0259r imzalay\u0131b, b\u0259yanatlar vers\u0259l\u0259r d\u0259, iki d\u00f6vl\u0259t aras\u0131nda probleml\u0259r qal\u0131r. Bu probleml\u0259r kils\u0259l\u0259rd\u0259n tutmu\u015f, \u0259razi iddias\u0131 kimi geni\u015f bir spektri \u0259hat\u0259 etm\u0259kd\u0259dir. SSR\u0130 da\u011f\u0131ld\u0131qdan sonra is\u0259 g\u0259rginlik daha qabar\u0131q \u015f\u0259kild\u0259 \u00fcz\u0259 \u00e7\u0131xd\u0131. 90-c\u0131 ill\u0259rd\u0259 g\u00fccl\u0259n\u0259n probleml\u0259r o yer\u0259 \u00e7atd\u0131 ki, erm\u0259nil\u0259r batalyonlar yarad\u0131b separat\u00e7\u0131 Abxaziyada d\u00f6y\u00fc\u015f\u0259r\u0259k y\u00fczl\u0259rl\u0259&hellip;","_links":{"self":[{"href":"https:\/\/arantv.az\/index.php?rest_route=\/wp\/v2\/posts\/441239"}],"collection":[{"href":"https:\/\/arantv.az\/index.php?rest_route=\/wp\/v2\/posts"}],"about":[{"href":"https:\/\/arantv.az\/index.php?rest_route=\/wp\/v2\/types\/post"}],"author":[{"embeddable":true,"href":"https:\/\/arantv.az\/index.php?rest_route=\/wp\/v2\/users\/2"}],"replies":[{"embeddable":true,"href":"https:\/\/arantv.az\/index.php?rest_route=%2Fwp%2Fv2%2Fcomments&post=441239"}],"version-history":[{"count":0,"href":"https:\/\/arantv.az\/index.php?rest_route=\/wp\/v2\/posts\/441239\/revisions"}],"wp:featuredmedia":[{"embeddable":true,"href":"https:\/\/arantv.az\/index.php?rest_route=\/wp\/v2\/media\/441240"}],"wp:attachment":[{"href":"https:\/\/arantv.az\/index.php?rest_route=%2Fwp%2Fv2%2Fmedia&parent=441239"}],"wp:term":[{"taxonomy":"category","embeddable":true,"href":"https:\/\/arantv.az\/index.php?rest_route=%2Fwp%2Fv2%2Fcategories&post=441239"},{"taxonomy":"post_tag","embeddable":true,"href":"https:\/\/arantv.az\/index.php?rest_route=%2Fwp%2Fv2%2Ftags&post=441239"}],"curies":[{"name":"wp","href":"https:\/\/api.w.org\/{rel}","templated":true}]}}