{"id":441243,"date":"2022-02-19T19:34:32","date_gmt":"2022-02-19T16:34:32","guid":{"rendered":"http:\/\/arantv.az\/?p=441243"},"modified":"2022-02-19T19:34:32","modified_gmt":"2022-02-19T16:34:32","slug":"zelenski-putin%c9%99-gorus-t%c9%99klif-etdi","status":"publish","type":"post","link":"https:\/\/arantv.az\/?p=441243","title":{"rendered":"Zelenski Putin\u0259 g\u00f6r\u00fc\u015f t\u0259klif etdi"},"content":{"rendered":"<p>Ukrayna Prezidenti Vladimir Zelenski Rusiya Prezidenti Vladimir Putin\u0259 g\u00f6r\u00fc\u015f t\u0259klif edib.<\/p>\n<div class=\"AdviadNativeVideo\"><\/div>\n<p>\u201cM\u0259n Rusiya Prezidentinin n\u0259 ist\u0259diyini bilmir\u0259m, ona g\u00f6r\u0259 d\u0259 g\u00f6r\u00fc\u015fm\u0259yi t\u0259klif edir\u0259m\u201d, &#8211; dey\u0259 V.Zelenski M\u00fcnhen T\u0259hl\u00fck\u0259sizlik Konfrans\u0131nda jurnalistl\u0259rin suallar\u0131n\u0131 cavabland\u0131rark\u0259n deyib.<\/p>\n<p>O, \u00e7\u0131x\u0131\u015f\u0131 zaman\u0131 h\u0259m\u00e7inin Budape\u015ft Memorandumunun i\u015ftirak\u00e7\u0131 \u00f6lk\u0259l\u0259rinin sammitinin \u00e7a\u011f\u0131r\u0131lmas\u0131n\u0131 ist\u0259diyini bildirib.<\/p>\n<p>M\u0259nb\u0259: Gazeta.ru<\/p>\n","protected":false},"excerpt":{"rendered":"<p>Ukrayna Prezidenti Vladimir Zelenski Rusiya Prezidenti Vladimir Putin\u0259 g\u00f6r\u00fc\u015f t\u0259klif edib. \u201cM\u0259n Rusiya Prezidentinin n\u0259 ist\u0259diyini bilmir\u0259m, ona g\u00f6r\u0259 d\u0259 g\u00f6r\u00fc\u015fm\u0259yi t\u0259klif edir\u0259m\u201d, &#8211; dey\u0259 V.Zelenski M\u00fcnhen T\u0259hl\u00fck\u0259sizlik Konfrans\u0131nda jurnalistl\u0259rin suallar\u0131n\u0131 cavabland\u0131rark\u0259n deyib. O, \u00e7\u0131x\u0131\u015f\u0131 zaman\u0131 h\u0259m\u00e7inin Budape\u015ft Memorandumunun i\u015ftirak\u00e7\u0131 \u00f6lk\u0259l\u0259rinin sammitinin \u00e7a\u011f\u0131r\u0131lmas\u0131n\u0131 ist\u0259diyini bildirib. M\u0259nb\u0259: Gazeta.ru<\/p>\n","protected":false},"author":2,"featured_media":441244,"comment_status":"closed","ping_status":"closed","sticky":false,"template":"","format":"standard","meta":{"om_disable_all_campaigns":false,"_monsterinsights_skip_tracking":false,"_monsterinsights_sitenote_active":false,"_monsterinsights_sitenote_note":"","_monsterinsights_sitenote_category":0},"categories":[7],"tags":[],"aioseo_notices":[],"gutentor_comment":0,"rttpg_featured_image_url":{"full":["https:\/\/arantv.az\/wp-content\/uploads\/2022\/02\/FotoJet-2022-02-19T201545.382.jpg",620,413,false],"landscape":["https:\/\/arantv.az\/wp-content\/uploads\/2022\/02\/FotoJet-2022-02-19T201545.382.jpg",620,413,false],"portraits":["https:\/\/arantv.az\/wp-content\/uploads\/2022\/02\/FotoJet-2022-02-19T201545.382.jpg",620,413,false],"thumbnail":["https:\/\/arantv.az\/wp-content\/uploads\/2022\/02\/FotoJet-2022-02-19T201545.382-500x280.jpg",500,280,true],"medium":["https:\/\/arantv.az\/wp-content\/uploads\/2022\/02\/FotoJet-2022-02-19T201545.382-548x365.jpg",548,365,true],"large":["https:\/\/arantv.az\/wp-content\/uploads\/2022\/02\/FotoJet-2022-02-19T201545.382.jpg",620,413,false],"1536x1536":["https:\/\/arantv.az\/wp-content\/uploads\/2022\/02\/FotoJet-2022-02-19T201545.382.jpg",620,413,false],"2048x2048":["https:\/\/arantv.az\/wp-content\/uploads\/2022\/02\/FotoJet-2022-02-19T201545.382.jpg",620,413,false],"post-thumbnail":["https:\/\/arantv.az\/wp-content\/uploads\/2022\/02\/FotoJet-2022-02-19T201545.382-240x172.jpg",240,172,true],"advps-thumb-one":["https:\/\/arantv.az\/wp-content\/uploads\/2022\/02\/FotoJet-2022-02-19T201545.382.jpg",620,413,false]},"rttpg_author":{"display_name":"V\u00fcsal Rafiqo\u011flu","author_link":"https:\/\/arantv.az\/?author=2"},"rttpg_comment":0,"rttpg_category":"<a href=\"https:\/\/arantv.az\/?cat=7\" rel=\"category\">D\u00fcnya<\/a>","rttpg_excerpt":"Ukrayna Prezidenti Vladimir Zelenski Rusiya Prezidenti Vladimir Putin\u0259 g\u00f6r\u00fc\u015f t\u0259klif edib. \u201cM\u0259n Rusiya Prezidentinin n\u0259 ist\u0259diyini bilmir\u0259m, ona g\u00f6r\u0259 d\u0259 g\u00f6r\u00fc\u015fm\u0259yi t\u0259klif edir\u0259m\u201d, &#8211; dey\u0259 V.Zelenski M\u00fcnhen T\u0259hl\u00fck\u0259sizlik Konfrans\u0131nda jurnalistl\u0259rin suallar\u0131n\u0131 cavabland\u0131rark\u0259n deyib. O, \u00e7\u0131x\u0131\u015f\u0131 zaman\u0131 h\u0259m\u00e7inin Budape\u015ft Memorandumunun i\u015ftirak\u00e7\u0131 \u00f6lk\u0259l\u0259rinin sammitinin \u00e7a\u011f\u0131r\u0131lmas\u0131n\u0131 ist\u0259diyini bildirib. M\u0259nb\u0259: Gazeta.ru","_links":{"self":[{"href":"https:\/\/arantv.az\/index.php?rest_route=\/wp\/v2\/posts\/441243"}],"collection":[{"href":"https:\/\/arantv.az\/index.php?rest_route=\/wp\/v2\/posts"}],"about":[{"href":"https:\/\/arantv.az\/index.php?rest_route=\/wp\/v2\/types\/post"}],"author":[{"embeddable":true,"href":"https:\/\/arantv.az\/index.php?rest_route=\/wp\/v2\/users\/2"}],"replies":[{"embeddable":true,"href":"https:\/\/arantv.az\/index.php?rest_route=%2Fwp%2Fv2%2Fcomments&post=441243"}],"version-history":[{"count":0,"href":"https:\/\/arantv.az\/index.php?rest_route=\/wp\/v2\/posts\/441243\/revisions"}],"wp:featuredmedia":[{"embeddable":true,"href":"https:\/\/arantv.az\/index.php?rest_route=\/wp\/v2\/media\/441244"}],"wp:attachment":[{"href":"https:\/\/arantv.az\/index.php?rest_route=%2Fwp%2Fv2%2Fmedia&parent=441243"}],"wp:term":[{"taxonomy":"category","embeddable":true,"href":"https:\/\/arantv.az\/index.php?rest_route=%2Fwp%2Fv2%2Fcategories&post=441243"},{"taxonomy":"post_tag","embeddable":true,"href":"https:\/\/arantv.az\/index.php?rest_route=%2Fwp%2Fv2%2Ftags&post=441243"}],"curies":[{"name":"wp","href":"https:\/\/api.w.org\/{rel}","templated":true}]}}